{"id":2446,"date":"2025-04-09T19:30:41","date_gmt":"2025-04-09T22:30:41","guid":{"rendered":"https:\/\/www.zimoveis.com.br\/blog\/?post_type=web-story&#038;p=2446"},"modified":"2025-04-09T19:30:43","modified_gmt":"2025-04-09T22:30:43","slug":"vila-madalena","status":"publish","type":"web-story","link":"https:\/\/www.zimoveis.com.br\/blog\/web-stories\/vila-madalena\/","title":{"rendered":"Vila Madalena, o cora\u00e7\u00e3o da boemia paulistana"},"content":{"rendered":"<p><html amp=\"\" lang=\"en\"><head><meta charSet=\"utf-8\"\/><meta name=\"viewport\" content=\"width=device-width,minimum-scale=1,initial-scale=1\"\/><script async=\"\" src=\"https:\/\/cdn.ampproject.org\/v0.js\"><\/script><script async=\"\" src=\"https:\/\/cdn.ampproject.org\/v0\/amp-story-1.0.js\" custom-element=\"amp-story\"><\/script><link href=\"https:\/\/fonts.googleapis.com\/css2?display=swap&amp;family=Roboto%3Awght%40400%3B700\" rel=\"stylesheet\"\/><link href=\"https:\/\/www.zimoveis.com.br\/blog\/wp-content\/uploads\/2025\/02\/bairros-nobres-de-sao-paulo-vila-madalena.jpg\" rel=\"preload\" as=\"image\"\/>\n<style amp-boilerplate=\"\">body{-webkit-animation:-amp-start 8s steps(1,end) 0s 1 normal both;-moz-animation:-amp-start 8s steps(1,end) 0s 1 normal both;-ms-animation:-amp-start 8s steps(1,end) 0s 1 normal both;animation:-amp-start 8s steps(1,end) 0s 1 normal both}@-webkit-keyframes -amp-start{from{visibility:hidden}to{visibility:visible}}@-moz-keyframes -amp-start{from{visibility:hidden}to{visibility:visible}}@-ms-keyframes -amp-start{from{visibility:hidden}to{visibility:visible}}@-o-keyframes -amp-start{from{visibility:hidden}to{visibility:visible}}@keyframes -amp-start{from{visibility:hidden}to{visibility:visible}}<\/style>\n<p><noscript><\/p>\n<style amp-boilerplate=\"\">body{-webkit-animation:none;-moz-animation:none;-ms-animation:none;animation:none}<\/style>\n<p><\/noscript><\/p>\n<style amp-custom=\"\">\n              h1, h2, h3 { font-weight: normal; }<\/p>\n<p>              amp-story-page {\n                background-color: #131516;\n              }<\/p>\n<p>              amp-story-grid-layer {\n                overflow: visible;\n              }<\/p>\n<p>              @media (max-aspect-ratio: 9 \/ 16)  {\n                @media (min-aspect-ratio: 320 \/ 678) {\n                  amp-story-grid-layer.grid-layer {\n                    margin-top: calc((100% \/ 0.5625 - 100% \/ 0.6666666666666666) \/ 2);\n                  }\n                }\n              }<\/p>\n<p>              @media not all and (min-resolution:.001dpcm) {\n                @media {\n                  p.text-wrapper > span {\n                    font-size: calc(100% - 0.5px);\n                  }\n                }\n              }<\/p>\n<p>              .page-fullbleed-area,\n              .page-background-overlay-area {\n                position: absolute;\n                overflow: hidden;\n                width: 100%;\n                left: 0;\n                height: calc(1.1851851851851851 * 100%);\n                top: calc((1 - 1.1851851851851851) * 100% \/ 2);\n              }<\/p>\n<p>              .element-overlay-area {\n                position: absolute;\n                width: 100%;\n                height: 100%;\n                top: 0;\n                left: 0;\n              }<\/p>\n<p>              .page-safe-area {\n                overflow: visible;\n                position: absolute;\n                top: 0;\n                bottom: 0;\n                left: 0;\n                right: 0;\n                width: 100%;\n                height: calc(0.84375 * 100%);\n                margin: auto 0;\n              }<\/p>\n<p>              .mask {\n                position: absolute;\n                overflow: hidden;\n              }<\/p>\n<p>              .fill {\n                position: absolute;\n                top: 0;\n                left: 0;\n                right: 0;\n                bottom: 0;\n                margin: 0;\n              }<\/p>\n<p>              @media (prefers-reduced-motion: no-preference) {\n                .animation-wrapper {\n                  opacity: var(--initial-opacity);\n                  transform: var(--initial-transform);\n                }\n              }<\/p>\n<p>              amp-story-grid-layer.align-bottom {\n                align-content: end;\n                padding: 0;\n                \/*\n                  AMP CTA Layer will exactly occupy 74px regardless of any device.\n                  To space out captions 74px from the BOTTOM (AMP CTA Layer),\n                  74px from the TOP should also be spaced out and thus: 2 * 74px\n                  will be the desired max-height.\n                *\/\n                max-height: calc(100vh - (2 * 74px));\n              }<\/p>\n<p>              .captions-area {\n                padding: 0 32px 0;\n              }<\/p>\n<p>              amp-story-captions {\n                margin-bottom: 16px;\n                text-align: center;\n              }<\/p>\n<p>              amp-story-audio-sticker {\n                height: 100%;\n              }<\/p>\n<p>              .audio-sticker {\n                font-family: -apple-system, BlinkMacSystemFont, 'Segoe UI', Roboto, Oxygen-Sans, Ubuntu, Cantarell, 'Helvetica Neue', sans-serif;\n              }\n              <\/style>\n<p><meta name=\"web-stories-replace-head-start\"\/><title>Vila Madalena, o cora\u00e7\u00e3o da boemia paulistana<\/title><link rel=\"canonical\" href=\"https:\/\/www.zimoveis.com.br\/blog\/?post_type=web-story&amp;p=2446\"\/><meta name=\"web-stories-replace-head-end\"\/><\/head><body><amp-story standalone=\"\" publisher=\"Blog Zimmermann Im\u00f3veis\" publisher-logo-src=\"https:\/\/www.zimoveis.com.br\/blog\/wp-content\/uploads\/2025\/01\/logo-thin.png\" title=\"Vila Madalena, o cora\u00e7\u00e3o da boemia paulistana\" poster-portrait-src=\"https:\/\/www.zimoveis.com.br\/blog\/wp-content\/uploads\/2025\/02\/cropped-bairros-nobres-de-sao-paulo-vila-madalena.jpg\"><amp-story-page id=\"f1bd71af-ab18-4da6-ac5b-5cda241c9ccb\" auto-advance-after=\"8s\"><amp-story-grid-layer template=\"vertical\" aspect-ratio=\"412:618\" class=\"grid-layer\"><\/p>\n<div class=\"page-fullbleed-area\" style=\"background-color:#1b1d1b\">\n<div class=\"page-safe-area\">\n<div style=\"position:absolute;pointer-events:none;left:0;top:-9.25926%;width:100%;height:118.51852%;opacity:1\">\n<div style=\"pointer-events:initial;width:100%;height:100%;display:block;position:absolute;top:0;left:0;z-index:0\" class=\"mask\" id=\"el-dbfd5a49-6200-4f2e-accc-31e6b82010db\">\n<div style=\"position:absolute;width:100%;height:100%;left:0%;top:0%\" data-leaf-element=\"true\"><amp-img layout=\"fill\" src=\"https:\/\/www.zimoveis.com.br\/blog\/wp-content\/uploads\/2025\/02\/bairros-nobres-de-sao-paulo-vila-madalena.jpg\" alt=\"Panor\u00e2mica do bairro Vila Madalena em S\u00e3o Paulo\" srcSet=\"https:\/\/www.zimoveis.com.br\/blog\/wp-content\/uploads\/2025\/02\/bairros-nobres-de-sao-paulo-vila-madalena.jpg 720w,https:\/\/www.zimoveis.com.br\/blog\/wp-content\/uploads\/2025\/02\/bairros-nobres-de-sao-paulo-vila-madalena-700x1244.jpg 700w,https:\/\/www.zimoveis.com.br\/blog\/wp-content\/uploads\/2025\/02\/bairros-nobres-de-sao-paulo-vila-madalena-250x444.jpg 250w,https:\/\/www.zimoveis.com.br\/blog\/wp-content\/uploads\/2025\/02\/bairros-nobres-de-sao-paulo-vila-madalena-150x267.jpg 150w,https:\/\/www.zimoveis.com.br\/blog\/wp-content\/uploads\/2025\/02\/bairros-nobres-de-sao-paulo-vila-madalena-120x213.jpg 120w\" sizes=\"(min-width: 1024px) 45vh, 100vw\" disable-inline-width=\"true\"><\/amp-img><\/div>\n<\/div>\n<\/div>\n<\/div>\n<\/div>\n<p><\/amp-story-grid-layer><amp-story-grid-layer template=\"vertical\" aspect-ratio=\"412:618\" class=\"grid-layer\"><\/p>\n<div class=\"page-fullbleed-area\">\n<div class=\"page-safe-area\">\n<div style=\"position:absolute;pointer-events:none;left:-1.69903%;top:-0.80906%;width:54.36893%;height:5.33981%;opacity:1\">\n<div style=\"pointer-events:initial;width:100%;height:100%;display:block;position:absolute;top:0;left:0;z-index:0;border-radius:8.928571428571429% 8.928571428571429% 8.928571428571429% 8.928571428571429% \/ 60.60606060606061% 60.60606060606061% 60.60606060606061% 60.60606060606061%\" class=\"mask\" id=\"el-26dbbfe1-6737-4e9c-a903-5de5ad81f2c1\">\n<div class=\"fill\" style=\"background-color:#fff;will-change:transform\"><\/div>\n<\/div>\n<\/div>\n<div style=\"position:absolute;pointer-events:none;left:11.40777%;top:65.37217%;width:76.94175%;height:15.85761%;opacity:1\">\n<div style=\"pointer-events:initial;width:100%;height:100%;display:block;position:absolute;top:0;left:0;z-index:0;border-radius:6.309148264984227% 6.309148264984227% 6.309148264984227% 6.309148264984227% \/ 20.408163265306122% 20.408163265306122% 20.408163265306122% 20.408163265306122%\" class=\"mask\" id=\"el-5e9bbca5-9939-4fb0-a107-68d39f263084\">\n<div class=\"fill\" style=\"background-color:rgba(114,30,52,0.6);will-change:transform\"><\/div>\n<\/div>\n<\/div>\n<div style=\"position:absolute;pointer-events:none;left:12.37864%;top:78.64078%;width:75.24272%;height:11.97411%;opacity:1\">\n<div style=\"pointer-events:initial;width:100%;height:100%;display:block;position:absolute;top:0;left:0;z-index:0;border-radius:6.451612903225806% 6.451612903225806% 6.451612903225806% 6.451612903225806% \/ 27.027027027027028% 27.027027027027028% 27.027027027027028% 27.027027027027028%\" class=\"mask\" id=\"el-11e0ebd1-587b-48e2-86db-74a4ed41b879\">\n<div class=\"fill\" style=\"background-color:rgba(255,248,242,0.8);will-change:transform\"><\/div>\n<\/div>\n<\/div>\n<div style=\"position:absolute;pointer-events:none;left:11.40777%;top:69.7411%;width:76.94175%;height:7.28155%;opacity:1\">\n<div style=\"pointer-events:initial;width:100%;height:100%;display:block;position:absolute;top:0;left:0;z-index:0;border-radius:0.6309148264984227% 0.6309148264984227% 0.6309148264984227% 0.6309148264984227% \/ 4.444444444444445% 4.444444444444445% 4.444444444444445% 4.444444444444445%\" id=\"el-409d1f48-430b-4661-a45c-d216ffae3359\">\n<h1 class=\"fill text-wrapper\" style=\"white-space:pre-line;overflow-wrap:break-word;word-break:break-word;margin:1.0301656151419558% 0;font-family:&quot;Roboto&quot;,sans-serif;font-size:0.614887em;line-height:1;text-align:center;padding:0;color:#000000\"><span><span style=\"font-weight: 700; color: #fff\">Vila Madalena<\/span><\/span><\/h1>\n<\/div>\n<\/div>\n<div style=\"position:absolute;pointer-events:none;left:14.80583%;top:81.22977%;width:70.38835%;height:7.76699%;opacity:1\">\n<div style=\"pointer-events:initial;width:100%;height:100%;display:block;position:absolute;top:0;left:0;z-index:0;border-radius:0.6896551724137931% 0.6896551724137931% 0.6896551724137931% 0.6896551724137931% \/ 4.166666666666666% 4.166666666666666% 4.166666666666666% 4.166666666666666%\" id=\"el-ecf3e667-303c-4160-abc6-1d0d693a7a25\">\n<p class=\"fill text-wrapper\" style=\"white-space:pre-line;overflow-wrap:break-word;word-break:break-word;margin:-0.09698275862068965% 0;font-family:&quot;Roboto&quot;,sans-serif;font-size:0.323625em;line-height:1.2;text-align:center;padding:0;color:#000000\"><span><span style=\"font-weight: 700; color: #721e34\">Conhe\u00e7a o bairro cora\u00e7\u00e3o da bo\u00eamia paulistana<\/span><\/span><\/p>\n<\/div>\n<\/div>\n<div style=\"position:absolute;pointer-events:none;left:6.79612%;top:0;width:41.74757%;height:4.20712%;opacity:1\">\n<div style=\"pointer-events:initial;width:100%;height:100%;display:block;position:absolute;top:0;left:0;z-index:0\" class=\"mask\" id=\"el-f701f1f6-a0b3-4df9-8c0d-39371037b9e3\">\n<div style=\"position:absolute;width:100%;height:100.38519%;left:0%;top:-0.37277%\" data-leaf-element=\"true\"><amp-img layout=\"fill\" src=\"https:\/\/www.zimoveis.com.br\/blog\/wp-content\/uploads\/2025\/01\/logo-thin.png\" alt=\"\" srcSet=\"https:\/\/www.zimoveis.com.br\/blog\/wp-content\/uploads\/2025\/01\/logo-thin.png 1318w\" sizes=\"(min-width: 1024px) 19vh, 42vw\" disable-inline-width=\"true\"><\/amp-img><\/div>\n<\/div>\n<\/div>\n<\/div>\n<\/div>\n<p><\/amp-story-grid-layer><\/amp-story-page><amp-story-page id=\"0df423b9-1d52-499a-820a-d65b605fa87c\" auto-advance-after=\"8s\"><amp-story-animation layout=\"nodisplay\" trigger=\"visibility\"><script type=\"application\/json\">[{\"selector\":\"#anim-3c88c480-ef43-47d2-a817-cf5a50ff98b6 [data-leaf-element=\\\"true\\\"]\",\"keyframes\":{\"transform\":[\"translate(0%, 0%) scale(1.5)\",\"translate(0%, 0%) scale(1)\"]},\"delay\":0,\"duration\":2000,\"easing\":\"cubic-bezier(.3,0,.55,1)\",\"fill\":\"forwards\"}]<\/script><\/amp-story-animation><amp-story-grid-layer template=\"vertical\" aspect-ratio=\"412:618\" class=\"grid-layer\"><\/p>\n<div class=\"page-fullbleed-area\" style=\"background-color:#70a0c4\">\n<div class=\"page-safe-area\">\n<div style=\"position:absolute;pointer-events:none;left:0;top:-9.25926%;width:100%;height:118.51852%;opacity:1\">\n<div id=\"anim-3c88c480-ef43-47d2-a817-cf5a50ff98b6\" class=\"animation-wrapper\" style=\"width:100%;height:100%;display:block;position:absolute;top:0;left:0\">\n<div style=\"pointer-events:initial;width:100%;height:100%;display:block;position:absolute;top:0;left:0;z-index:0\" class=\"mask\" id=\"el-b4f1e66a-cf35-4df7-8c56-d46f75cd7707\">\n<div style=\"position:absolute;width:100%;height:100%;left:0%;top:0%\" data-leaf-element=\"true\"><amp-img layout=\"fill\" src=\"https:\/\/www.zimoveis.com.br\/blog\/wp-content\/uploads\/2025\/03\/Vila-Madalena.jpg\" alt=\"Panor\u00e2mica da Vila Madalena\" srcSet=\"https:\/\/www.zimoveis.com.br\/blog\/wp-content\/uploads\/2025\/03\/Vila-Madalena.jpg 720w,https:\/\/www.zimoveis.com.br\/blog\/wp-content\/uploads\/2025\/03\/Vila-Madalena-700x1244.jpg 700w,https:\/\/www.zimoveis.com.br\/blog\/wp-content\/uploads\/2025\/03\/Vila-Madalena-250x444.jpg 250w,https:\/\/www.zimoveis.com.br\/blog\/wp-content\/uploads\/2025\/03\/Vila-Madalena-150x267.jpg 150w,https:\/\/www.zimoveis.com.br\/blog\/wp-content\/uploads\/2025\/03\/Vila-Madalena-120x213.jpg 120w\" sizes=\"(min-width: 1024px) 45vh, 100vw\" disable-inline-width=\"true\"><\/amp-img><\/div>\n<\/div>\n<\/div>\n<\/div>\n<\/div>\n<\/div>\n<p><\/amp-story-grid-layer><amp-story-grid-layer template=\"vertical\" aspect-ratio=\"412:618\" class=\"grid-layer\"><\/p>\n<div class=\"page-fullbleed-area\">\n<div class=\"page-safe-area\">\n<div style=\"position:absolute;pointer-events:none;left:11.40777%;top:51.94175%;width:76.94175%;height:14.23948%;opacity:1\">\n<div style=\"pointer-events:initial;width:100%;height:100%;display:block;position:absolute;top:0;left:0;z-index:0;border-radius:6.309148264984227% 6.309148264984227% 6.309148264984227% 6.309148264984227% \/ 22.727272727272727% 22.727272727272727% 22.727272727272727% 22.727272727272727%\" class=\"mask\" id=\"el-a12289ff-374f-44b4-a9a5-ba368435bfe3\">\n<div class=\"fill\" style=\"background-color:rgba(114,30,52,0.6);will-change:transform\"><\/div>\n<\/div>\n<\/div>\n<div style=\"position:absolute;pointer-events:none;left:-1.69903%;top:-0.80906%;width:54.36893%;height:5.33981%;opacity:1\">\n<div style=\"pointer-events:initial;width:100%;height:100%;display:block;position:absolute;top:0;left:0;z-index:0;border-radius:8.928571428571429% 8.928571428571429% 8.928571428571429% 8.928571428571429% \/ 60.60606060606061% 60.60606060606061% 60.60606060606061% 60.60606060606061%\" class=\"mask\" id=\"el-d43687a5-d9b0-4bc7-8653-4139bf8a67c5\">\n<div class=\"fill\" style=\"background-color:#fff;will-change:transform\"><\/div>\n<\/div>\n<\/div>\n<div style=\"position:absolute;pointer-events:none;left:11.40777%;top:66.01942%;width:81.31068%;height:28.15534%;opacity:1\">\n<div style=\"pointer-events:initial;width:100%;height:100%;display:block;position:absolute;top:0;left:0;z-index:0;border-radius:5.970149253731343% 5.970149253731343% 5.970149253731343% 5.970149253731343% \/ 11.494252873563218% 11.494252873563218% 11.494252873563218% 11.494252873563218%\" class=\"mask\" id=\"el-8b0a1304-1d4b-4635-ad8a-8117961e3fa8\">\n<div class=\"fill\" style=\"background-color:rgba(255,248,242,0.8);will-change:transform\"><\/div>\n<\/div>\n<\/div>\n<div style=\"position:absolute;pointer-events:none;left:6.79612%;top:0;width:41.74757%;height:4.20712%;opacity:1\">\n<div style=\"pointer-events:initial;width:100%;height:100%;display:block;position:absolute;top:0;left:0;z-index:0\" class=\"mask\" id=\"el-131ff43e-b80d-49c7-b953-83baefe76a70\">\n<div style=\"position:absolute;width:100%;height:100.38519%;left:0%;top:-0.37277%\" data-leaf-element=\"true\"><amp-img layout=\"fill\" src=\"https:\/\/www.zimoveis.com.br\/blog\/wp-content\/uploads\/2025\/01\/logo-thin.png\" alt=\"\" srcSet=\"https:\/\/www.zimoveis.com.br\/blog\/wp-content\/uploads\/2025\/01\/logo-thin.png 1318w\" sizes=\"(min-width: 1024px) 19vh, 42vw\" disable-inline-width=\"true\"><\/amp-img><\/div>\n<\/div>\n<\/div>\n<div style=\"position:absolute;pointer-events:none;left:20.63107%;top:55.66343%;width:58.73786%;height:6.79612%;opacity:1\">\n<div style=\"pointer-events:initial;width:100%;height:100%;display:block;position:absolute;top:0;left:0;z-index:0;border-radius:0.8264462809917356% 0.8264462809917356% 0.8264462809917356% 0.8264462809917356% \/ 4.761904761904762% 4.761904761904762% 4.761904761904762% 4.761904761904762%\" id=\"el-c3ce401f-934a-45a3-82d9-b456b4e375b8\">\n<h2 class=\"fill text-wrapper\" style=\"white-space:pre-line;overflow-wrap:break-word;word-break:break-word;margin:-0.1348140495867761% 0;font-family:&quot;Roboto&quot;,sans-serif;font-size:0.582524em;line-height:1.19;text-align:center;padding:0;color:#000000\"><span><span style=\"font-weight: 700; color: #fff8f2\">Sobre o bairro<\/span><\/span><\/h2>\n<\/div>\n<\/div>\n<div style=\"position:absolute;pointer-events:none;left:13.59223%;top:69.09385%;width:77.42718%;height:22.16828%;opacity:1\">\n<div style=\"pointer-events:initial;width:100%;height:100%;display:block;position:absolute;top:0;left:0;z-index:0;border-radius:0.6269592476489028% 0.6269592476489028% 0.6269592476489028% 0.6269592476489028% \/ 1.4598540145985401% 1.4598540145985401% 1.4598540145985401% 1.4598540145985401%\" id=\"el-115f3acc-973b-4ed9-a0f4-8322af01873a\">\n<p class=\"fill text-wrapper\" style=\"white-space:pre-line;overflow-wrap:break-word;word-break:break-word;margin:-0.08375783699059573% 0;font-family:&quot;Roboto&quot;,sans-serif;font-size:0.307443em;line-height:1.2;text-align:left;padding:0;color:#000000\"><span><span style=\"color: #721e34\">A Vila Madalena, na zona oeste de S\u00e3o Paulo, une cultura e infraestrutura de qualidade. Famosa por bares e arte urbana, como o Beco do Batman, \u00e9 <\/span><span style=\"font-weight: 700; color: #721e34\">um dos bairros mais charmosos da cidade.<\/span><\/span><\/p>\n<\/div>\n<\/div>\n<\/div>\n<\/div>\n<p><\/amp-story-grid-layer><\/amp-story-page><amp-story-page id=\"03ebcd4a-39a0-4605-a474-54f092e41d26\" auto-advance-after=\"8s\"><amp-story-animation layout=\"nodisplay\" trigger=\"visibility\"><script type=\"application\/json\">[{\"selector\":\"#anim-0ba8d8a8-1d2d-4c43-9e0f-447c710d7730 [data-leaf-element=\\\"true\\\"]\",\"keyframes\":{\"transform\":[\"translate(0%, 0%) scale(1.5)\",\"translate(0%, 0%) scale(1)\"]},\"delay\":0,\"duration\":2000,\"easing\":\"cubic-bezier(.3,0,.55,1)\",\"fill\":\"forwards\"}]<\/script><\/amp-story-animation><amp-story-grid-layer template=\"vertical\" aspect-ratio=\"412:618\" class=\"grid-layer\"><\/p>\n<div class=\"page-fullbleed-area\" style=\"background-color:#221b13\">\n<div class=\"page-safe-area\">\n<div style=\"position:absolute;pointer-events:none;left:0;top:-9.25926%;width:100%;height:118.51852%;opacity:1\">\n<div id=\"anim-0ba8d8a8-1d2d-4c43-9e0f-447c710d7730\" class=\"animation-wrapper\" style=\"width:100%;height:100%;display:block;position:absolute;top:0;left:0\">\n<div style=\"pointer-events:initial;width:100%;height:100%;display:block;position:absolute;top:0;left:0;z-index:0\" class=\"mask\" id=\"el-7c0b277f-d529-408a-8367-ff88b18cfa4f\">\n<div style=\"position:absolute;width:100%;height:100%;left:0%;top:0%\" data-leaf-element=\"true\"><amp-img layout=\"fill\" src=\"https:\/\/www.zimoveis.com.br\/blog\/wp-content\/uploads\/2025\/03\/Vila-Madalena-como-morar.jpg\" alt=\"Panor\u00e2mica do bairro Vila Madalena em sp\" srcSet=\"https:\/\/www.zimoveis.com.br\/blog\/wp-content\/uploads\/2025\/03\/Vila-Madalena-como-morar.jpg 720w,https:\/\/www.zimoveis.com.br\/blog\/wp-content\/uploads\/2025\/03\/Vila-Madalena-como-morar-700x1244.jpg 700w,https:\/\/www.zimoveis.com.br\/blog\/wp-content\/uploads\/2025\/03\/Vila-Madalena-como-morar-250x444.jpg 250w,https:\/\/www.zimoveis.com.br\/blog\/wp-content\/uploads\/2025\/03\/Vila-Madalena-como-morar-150x267.jpg 150w,https:\/\/www.zimoveis.com.br\/blog\/wp-content\/uploads\/2025\/03\/Vila-Madalena-como-morar-120x213.jpg 120w\" sizes=\"(min-width: 1024px) 45vh, 100vw\" disable-inline-width=\"true\"><\/amp-img><\/div>\n<\/div>\n<\/div>\n<\/div>\n<\/div>\n<\/div>\n<p><\/amp-story-grid-layer><amp-story-grid-layer template=\"vertical\" aspect-ratio=\"412:618\" class=\"grid-layer\"><\/p>\n<div class=\"page-fullbleed-area\">\n<div class=\"page-safe-area\">\n<div style=\"position:absolute;pointer-events:none;left:11.40777%;top:49.67638%;width:76.94175%;height:16.50485%;opacity:1\">\n<div style=\"pointer-events:initial;width:100%;height:100%;display:block;position:absolute;top:0;left:0;z-index:0;border-radius:6.309148264984227% 6.309148264984227% 6.309148264984227% 6.309148264984227% \/ 19.607843137254903% 19.607843137254903% 19.607843137254903% 19.607843137254903%\" class=\"mask\" id=\"el-92e16711-b819-4a3d-b762-2ce2c51f674f\">\n<div class=\"fill\" style=\"background-color:rgba(114,30,52,0.6);will-change:transform\"><\/div>\n<\/div>\n<\/div>\n<div style=\"position:absolute;pointer-events:none;left:-1.69903%;top:-0.80906%;width:54.36893%;height:5.33981%;opacity:1\">\n<div style=\"pointer-events:initial;width:100%;height:100%;display:block;position:absolute;top:0;left:0;z-index:0;border-radius:8.928571428571429% 8.928571428571429% 8.928571428571429% 8.928571428571429% \/ 60.60606060606061% 60.60606060606061% 60.60606060606061% 60.60606060606061%\" class=\"mask\" id=\"el-e66007de-d114-4d8a-aa97-6cfa18c5afd7\">\n<div class=\"fill\" style=\"background-color:#fff;will-change:transform\"><\/div>\n<\/div>\n<\/div>\n<div style=\"position:absolute;pointer-events:none;left:11.40777%;top:66.01942%;width:81.31068%;height:21.0356%;opacity:1\">\n<div style=\"pointer-events:initial;width:100%;height:100%;display:block;position:absolute;top:0;left:0;z-index:0;border-radius:5.970149253731343% 5.970149253731343% 5.970149253731343% 5.970149253731343% \/ 15.384615384615385% 15.384615384615385% 15.384615384615385% 15.384615384615385%\" class=\"mask\" id=\"el-1214e261-9d8b-4bb2-934f-fc6fb16461a1\">\n<div class=\"fill\" style=\"background-color:rgba(255,248,242,0.8);will-change:transform\"><\/div>\n<\/div>\n<\/div>\n<div style=\"position:absolute;pointer-events:none;left:13.83495%;top:52.75081%;width:72.3301%;height:10.35599%;opacity:1\">\n<div style=\"pointer-events:initial;width:100%;height:100%;display:block;position:absolute;top:0;left:0;z-index:0;border-radius:0.6711409395973155% 0.6711409395973155% 0.6711409395973155% 0.6711409395973155% \/ 3.125% 3.125% 3.125% 3.125%\" id=\"el-77fefbce-80dd-4c1e-a015-dc4421652c27\">\n<h3 class=\"fill text-wrapper\" style=\"white-space:pre-line;overflow-wrap:break-word;word-break:break-word;margin:-0.08210989932885829% 0;font-family:&quot;Roboto&quot;,sans-serif;font-size:0.436893em;line-height:1.19;text-align:center;padding:0;color:#000000\"><span><span style=\"font-weight: 700; color: #fff8f2\">Como \u00e9 morar na&nbsp;<\/span><br \/>\n<span style=\"font-weight: 700; color: #fff8f2\">Vila Madalena?<\/span><\/span><\/h3>\n<\/div>\n<\/div>\n<div style=\"position:absolute;pointer-events:none;left:13.59223%;top:69.25566%;width:76.94175%;height:14.56311%;opacity:1\">\n<div style=\"pointer-events:initial;width:100%;height:100%;display:block;position:absolute;top:0;left:0;z-index:0;border-radius:0.6309148264984227% 0.6309148264984227% 0.6309148264984227% 0.6309148264984227% \/ 2.2222222222222223% 2.2222222222222223% 2.2222222222222223% 2.2222222222222223%\" id=\"el-d5396733-453e-48df-a6a8-50c36b17096e\">\n<p class=\"fill text-wrapper\" style=\"white-space:pre-line;overflow-wrap:break-word;word-break:break-word;margin:-0.08428627760252376% 0;font-family:&quot;Roboto&quot;,sans-serif;font-size:0.307443em;line-height:1.2;text-align:left;padding:0;color:#000000\"><span><span style=\"color: #721e34\">Tenha <\/span><span style=\"font-weight: 700; color: #721e34\">excelente mobilidade<\/span><span style=\"color: #721e34\"> e f\u00e1cil acesso a tudo com a Av. Sumar\u00e9 e Av. Pompeia, e proximidade da Paulista e Marginal Tiet\u00ea.<\/span><\/span><\/p>\n<\/div>\n<\/div>\n<div style=\"position:absolute;pointer-events:none;left:6.79612%;top:0;width:41.74757%;height:4.20712%;opacity:1\">\n<div style=\"pointer-events:initial;width:100%;height:100%;display:block;position:absolute;top:0;left:0;z-index:0\" class=\"mask\" id=\"el-e9592adf-01cf-44ad-8bef-20effde4bbc8\">\n<div style=\"position:absolute;width:100%;height:100.38519%;left:0%;top:-0.37277%\" data-leaf-element=\"true\"><amp-img layout=\"fill\" src=\"https:\/\/www.zimoveis.com.br\/blog\/wp-content\/uploads\/2025\/01\/logo-thin.png\" alt=\"\" srcSet=\"https:\/\/www.zimoveis.com.br\/blog\/wp-content\/uploads\/2025\/01\/logo-thin.png 1318w\" sizes=\"(min-width: 1024px) 19vh, 42vw\" disable-inline-width=\"true\"><\/amp-img><\/div>\n<\/div>\n<\/div>\n<\/div>\n<\/div>\n<p><\/amp-story-grid-layer><\/amp-story-page><amp-story-page id=\"6b2c1ac0-d1ba-49d6-b8e6-9ba63046d5db\" auto-advance-after=\"8s\"><amp-story-animation layout=\"nodisplay\" trigger=\"visibility\"><script type=\"application\/json\">[{\"selector\":\"#anim-cebce3e4-e230-4185-a76d-3c0d502595cd [data-leaf-element=\\\"true\\\"]\",\"keyframes\":{\"transform\":[\"translate(0%, 0%) scale(1.5)\",\"translate(0%, 0%) scale(1)\"]},\"delay\":0,\"duration\":2000,\"easing\":\"cubic-bezier(.3,0,.55,1)\",\"fill\":\"forwards\"}]<\/script><\/amp-story-animation><amp-story-grid-layer template=\"vertical\" aspect-ratio=\"412:618\" class=\"grid-layer\"><\/p>\n<div class=\"page-fullbleed-area\" style=\"background-color:#252425\">\n<div class=\"page-safe-area\">\n<div style=\"position:absolute;pointer-events:none;left:0;top:-9.25926%;width:100%;height:118.51852%;opacity:1\">\n<div id=\"anim-cebce3e4-e230-4185-a76d-3c0d502595cd\" class=\"animation-wrapper\" style=\"width:100%;height:100%;display:block;position:absolute;top:0;left:0\">\n<div style=\"pointer-events:initial;width:100%;height:100%;display:block;position:absolute;top:0;left:0;z-index:0\" class=\"mask\" id=\"el-251ef24f-9c95-464a-8bee-685f7ab17c00\">\n<div style=\"position:absolute;width:100%;height:100%;left:0%;top:0%\" data-leaf-element=\"true\"><amp-img layout=\"fill\" src=\"https:\/\/www.zimoveis.com.br\/blog\/wp-content\/uploads\/2025\/02\/Perdizes-seguranca.jpg\" alt=\"Perdizes seguran\u00e7a\" srcSet=\"https:\/\/www.zimoveis.com.br\/blog\/wp-content\/uploads\/2025\/02\/Perdizes-seguranca.jpg 720w,https:\/\/www.zimoveis.com.br\/blog\/wp-content\/uploads\/2025\/02\/Perdizes-seguranca-700x1244.jpg 700w,https:\/\/www.zimoveis.com.br\/blog\/wp-content\/uploads\/2025\/02\/Perdizes-seguranca-250x444.jpg 250w,https:\/\/www.zimoveis.com.br\/blog\/wp-content\/uploads\/2025\/02\/Perdizes-seguranca-150x267.jpg 150w,https:\/\/www.zimoveis.com.br\/blog\/wp-content\/uploads\/2025\/02\/Perdizes-seguranca-120x213.jpg 120w\" sizes=\"(min-width: 1024px) 45vh, 100vw\" disable-inline-width=\"true\"><\/amp-img><\/div>\n<\/div>\n<\/div>\n<\/div>\n<\/div>\n<\/div>\n<p><\/amp-story-grid-layer><amp-story-grid-layer template=\"vertical\" aspect-ratio=\"412:618\" class=\"grid-layer\"><\/p>\n<div class=\"page-fullbleed-area\">\n<div class=\"page-safe-area\">\n<div style=\"position:absolute;pointer-events:none;left:11.40777%;top:47.08738%;width:76.94175%;height:19.09385%;opacity:1\">\n<div style=\"pointer-events:initial;width:100%;height:100%;display:block;position:absolute;top:0;left:0;z-index:0;border-radius:6.309148264984227% 6.309148264984227% 6.309148264984227% 6.309148264984227% \/ 16.94915254237288% 16.94915254237288% 16.94915254237288% 16.94915254237288%\" class=\"mask\" id=\"el-d28e1530-f775-4023-a835-35bec6139d9c\">\n<div class=\"fill\" style=\"background-color:rgba(114,30,52,0.6);will-change:transform\"><\/div>\n<\/div>\n<\/div>\n<div style=\"position:absolute;pointer-events:none;left:-1.69903%;top:-0.80906%;width:54.36893%;height:5.33981%;opacity:1\">\n<div style=\"pointer-events:initial;width:100%;height:100%;display:block;position:absolute;top:0;left:0;z-index:0;border-radius:8.928571428571429% 8.928571428571429% 8.928571428571429% 8.928571428571429% \/ 60.60606060606061% 60.60606060606061% 60.60606060606061% 60.60606060606061%\" class=\"mask\" id=\"el-7ea384ce-4be5-4465-9736-d5a772bea4b3\">\n<div class=\"fill\" style=\"background-color:#fff;will-change:transform\"><\/div>\n<\/div>\n<\/div>\n<div style=\"position:absolute;pointer-events:none;left:11.40777%;top:66.01942%;width:81.31068%;height:21.0356%;opacity:1\">\n<div style=\"pointer-events:initial;width:100%;height:100%;display:block;position:absolute;top:0;left:0;z-index:0;border-radius:5.970149253731343% 5.970149253731343% 5.970149253731343% 5.970149253731343% \/ 15.384615384615385% 15.384615384615385% 15.384615384615385% 15.384615384615385%\" class=\"mask\" id=\"el-f41355e4-537f-4866-b17a-dd96d81a714e\">\n<div class=\"fill\" style=\"background-color:rgba(255,248,242,0.8);will-change:transform\"><\/div>\n<\/div>\n<\/div>\n<div style=\"position:absolute;pointer-events:none;left:13.59223%;top:51.45631%;width:72.3301%;height:10.35599%;opacity:1\">\n<div style=\"pointer-events:initial;width:100%;height:100%;display:block;position:absolute;top:0;left:0;z-index:0;border-radius:0.6711409395973155% 0.6711409395973155% 0.6711409395973155% 0.6711409395973155% \/ 3.125% 3.125% 3.125% 3.125%\" id=\"el-a8ccb6d5-417b-401c-b514-5c127023e9d9\">\n<h3 class=\"fill text-wrapper\" style=\"white-space:pre-line;overflow-wrap:break-word;word-break:break-word;margin:-0.08210989932885829% 0;font-family:&quot;Roboto&quot;,sans-serif;font-size:0.436893em;line-height:1.19;text-align:center;padding:0;color:#000000\"><span><span style=\"font-weight: 700; color: #fff8f2\">Um dos bairros mais seguros de S\u00e3o Paulo<\/span><\/span><\/h3>\n<\/div>\n<\/div>\n<div style=\"position:absolute;pointer-events:none;left:13.59223%;top:69.25566%;width:76.94175%;height:14.56311%;opacity:1\">\n<div style=\"pointer-events:initial;width:100%;height:100%;display:block;position:absolute;top:0;left:0;z-index:0;border-radius:0.6309148264984227% 0.6309148264984227% 0.6309148264984227% 0.6309148264984227% \/ 2.2222222222222223% 2.2222222222222223% 2.2222222222222223% 2.2222222222222223%\" id=\"el-84feee03-0601-446a-b294-de17d6e2d452\">\n<p class=\"fill text-wrapper\" style=\"white-space:pre-line;overflow-wrap:break-word;word-break:break-word;margin:-0.08428627760252376% 0;font-family:&quot;Roboto&quot;,sans-serif;font-size:0.307443em;line-height:1.2;text-align:left;padding:0;color:#000000\"><span><span style=\"color: #721e34\">Morar na Vila Madalena significa ter bares ic\u00f4nicos como o Filial, <\/span><span style=\"font-weight: 700; color: #721e34\">restaurantes renomados e com\u00e9rcio variado.<\/span><\/span><\/p>\n<\/div>\n<\/div>\n<div style=\"position:absolute;pointer-events:none;left:6.79612%;top:0;width:41.74757%;height:4.20712%;opacity:1\">\n<div style=\"pointer-events:initial;width:100%;height:100%;display:block;position:absolute;top:0;left:0;z-index:0\" class=\"mask\" id=\"el-e61d8e2b-75b2-43dc-8985-36ee78c59219\">\n<div style=\"position:absolute;width:100%;height:100.38519%;left:0%;top:-0.37277%\" data-leaf-element=\"true\"><amp-img layout=\"fill\" src=\"https:\/\/www.zimoveis.com.br\/blog\/wp-content\/uploads\/2025\/01\/logo-thin.png\" alt=\"\" srcSet=\"https:\/\/www.zimoveis.com.br\/blog\/wp-content\/uploads\/2025\/01\/logo-thin.png 1318w\" sizes=\"(min-width: 1024px) 19vh, 42vw\" disable-inline-width=\"true\"><\/amp-img><\/div>\n<\/div>\n<\/div>\n<\/div>\n<\/div>\n<p><\/amp-story-grid-layer><\/amp-story-page><amp-story-page id=\"a1ece3ff-ff6d-4288-8392-2e841b0b12a2\" auto-advance-after=\"8s\"><amp-story-animation layout=\"nodisplay\" trigger=\"visibility\"><script type=\"application\/json\">[{\"selector\":\"#anim-9f6c3c8c-020e-4531-9ac4-779178a802ae [data-leaf-element=\\\"true\\\"]\",\"keyframes\":{\"transform\":[\"translate(0%, 0%) scale(1.5)\",\"translate(0%, 0%) scale(1)\"]},\"delay\":0,\"duration\":2000,\"easing\":\"cubic-bezier(.3,0,.55,1)\",\"fill\":\"forwards\"}]<\/script><\/amp-story-animation><amp-story-grid-layer template=\"vertical\" aspect-ratio=\"412:618\" class=\"grid-layer\"><\/p>\n<div class=\"page-fullbleed-area\" style=\"background-color:#0b0e0e\">\n<div class=\"page-safe-area\">\n<div style=\"position:absolute;pointer-events:none;left:0;top:-9.25926%;width:100%;height:118.51852%;opacity:1\">\n<div id=\"anim-9f6c3c8c-020e-4531-9ac4-779178a802ae\" class=\"animation-wrapper\" style=\"width:100%;height:100%;display:block;position:absolute;top:0;left:0\">\n<div style=\"pointer-events:initial;width:100%;height:100%;display:block;position:absolute;top:0;left:0;z-index:0\" class=\"mask\" id=\"el-464ec5bd-40c8-4d21-b3c7-a6f9aa2301dd\">\n<div style=\"position:absolute;width:100%;height:100%;left:0%;top:0%\" data-leaf-element=\"true\"><amp-img layout=\"fill\" src=\"https:\/\/www.zimoveis.com.br\/blog\/wp-content\/uploads\/2025\/03\/Vila-Madalena-localizacao.jpg\" alt=\"Panor\u00e2mica noturna da Vila Madalena\" srcSet=\"https:\/\/www.zimoveis.com.br\/blog\/wp-content\/uploads\/2025\/03\/Vila-Madalena-localizacao.jpg 720w,https:\/\/www.zimoveis.com.br\/blog\/wp-content\/uploads\/2025\/03\/Vila-Madalena-localizacao-700x1244.jpg 700w,https:\/\/www.zimoveis.com.br\/blog\/wp-content\/uploads\/2025\/03\/Vila-Madalena-localizacao-250x444.jpg 250w,https:\/\/www.zimoveis.com.br\/blog\/wp-content\/uploads\/2025\/03\/Vila-Madalena-localizacao-150x267.jpg 150w,https:\/\/www.zimoveis.com.br\/blog\/wp-content\/uploads\/2025\/03\/Vila-Madalena-localizacao-120x213.jpg 120w\" sizes=\"(min-width: 1024px) 45vh, 100vw\" disable-inline-width=\"true\"><\/amp-img><\/div>\n<\/div>\n<\/div>\n<\/div>\n<\/div>\n<\/div>\n<p><\/amp-story-grid-layer><amp-story-grid-layer template=\"vertical\" aspect-ratio=\"412:618\" class=\"grid-layer\"><\/p>\n<div class=\"page-fullbleed-area\">\n<div class=\"page-safe-area\">\n<div style=\"position:absolute;pointer-events:none;left:11.40777%;top:47.08738%;width:76.94175%;height:19.09385%;opacity:1\">\n<div style=\"pointer-events:initial;width:100%;height:100%;display:block;position:absolute;top:0;left:0;z-index:0;border-radius:6.309148264984227% 6.309148264984227% 6.309148264984227% 6.309148264984227% \/ 16.94915254237288% 16.94915254237288% 16.94915254237288% 16.94915254237288%\" class=\"mask\" id=\"el-bd44dc78-9d5b-4095-a661-17050060bb66\">\n<div class=\"fill\" style=\"background-color:rgba(114,30,52,0.6);will-change:transform\"><\/div>\n<\/div>\n<\/div>\n<div style=\"position:absolute;pointer-events:none;left:-1.69903%;top:-0.80906%;width:54.36893%;height:5.33981%;opacity:1\">\n<div style=\"pointer-events:initial;width:100%;height:100%;display:block;position:absolute;top:0;left:0;z-index:0;border-radius:8.928571428571429% 8.928571428571429% 8.928571428571429% 8.928571428571429% \/ 60.60606060606061% 60.60606060606061% 60.60606060606061% 60.60606060606061%\" class=\"mask\" id=\"el-d75cfb78-d04c-43d3-96b9-4ec33a1ef739\">\n<div class=\"fill\" style=\"background-color:#fff;will-change:transform\"><\/div>\n<\/div>\n<\/div>\n<div style=\"position:absolute;pointer-events:none;left:11.40777%;top:66.01942%;width:81.31068%;height:25.40453%;opacity:1\">\n<div style=\"pointer-events:initial;width:100%;height:100%;display:block;position:absolute;top:0;left:0;z-index:0;border-radius:5.970149253731343% 5.970149253731343% 5.970149253731343% 5.970149253731343% \/ 12.738853503184714% 12.738853503184714% 12.738853503184714% 12.738853503184714%\" class=\"mask\" id=\"el-26aa696d-d1cb-4737-b694-8f6ba5478b97\">\n<div class=\"fill\" style=\"background-color:rgba(255,248,242,0.8);will-change:transform\"><\/div>\n<\/div>\n<\/div>\n<div style=\"position:absolute;pointer-events:none;left:13.83495%;top:51.45631%;width:72.3301%;height:10.35599%;opacity:1\">\n<div style=\"pointer-events:initial;width:100%;height:100%;display:block;position:absolute;top:0;left:0;z-index:0;border-radius:0.6711409395973155% 0.6711409395973155% 0.6711409395973155% 0.6711409395973155% \/ 3.125% 3.125% 3.125% 3.125%\" id=\"el-a8e54a82-88f6-4d4b-b3e7-55653c997d68\">\n<h3 class=\"fill text-wrapper\" style=\"white-space:pre-line;overflow-wrap:break-word;word-break:break-word;margin:-0.08210989932885829% 0;font-family:&quot;Roboto&quot;,sans-serif;font-size:0.436893em;line-height:1.19;text-align:center;padding:0;color:#000000\"><span><span style=\"font-weight: 700; color: #fff8f2\">A Vila Madalena tem localiza\u00e7\u00e3o privilegiada<\/span><\/span><\/h3>\n<\/div>\n<\/div>\n<div style=\"position:absolute;pointer-events:none;left:13.59223%;top:69.57929%;width:76.94175%;height:18.28479%;opacity:1\">\n<div style=\"pointer-events:initial;width:100%;height:100%;display:block;position:absolute;top:0;left:0;z-index:0;border-radius:0.6309148264984227% 0.6309148264984227% 0.6309148264984227% 0.6309148264984227% \/ 1.7699115044247788% 1.7699115044247788% 1.7699115044247788% 1.7699115044247788%\" id=\"el-4587d2e3-8a9d-4f75-9138-c9e130673fb2\">\n<p class=\"fill text-wrapper\" style=\"white-space:pre-line;overflow-wrap:break-word;word-break:break-word;margin:-0.08428627760252376% 0;font-family:&quot;Roboto&quot;,sans-serif;font-size:0.307443em;line-height:1.2;text-align:left;padding:0;color:#000000\"><span><span style=\"color: #721e34\">Pr\u00f3xima \u00e0s avenidas Pedroso de Morais e Heitor Penteado, a Vila Madalena tem <\/span><span style=\"font-weight: 700; color: #721e34\">f\u00e1cil acesso a Pinheiros, Perdizes e outras regi\u00f5es da cidade.<\/span><\/span><\/p>\n<\/div>\n<\/div>\n<div style=\"position:absolute;pointer-events:none;left:6.79612%;top:0;width:41.74757%;height:4.20712%;opacity:1\">\n<div style=\"pointer-events:initial;width:100%;height:100%;display:block;position:absolute;top:0;left:0;z-index:0\" class=\"mask\" id=\"el-8fb4c3da-afeb-4f05-8a99-a6e28cff4914\">\n<div style=\"position:absolute;width:100%;height:100.38519%;left:0%;top:-0.37277%\" data-leaf-element=\"true\"><amp-img layout=\"fill\" src=\"https:\/\/www.zimoveis.com.br\/blog\/wp-content\/uploads\/2025\/01\/logo-thin.png\" alt=\"\" srcSet=\"https:\/\/www.zimoveis.com.br\/blog\/wp-content\/uploads\/2025\/01\/logo-thin.png 1318w\" sizes=\"(min-width: 1024px) 19vh, 42vw\" disable-inline-width=\"true\"><\/amp-img><\/div>\n<\/div>\n<\/div>\n<\/div>\n<\/div>\n<p><\/amp-story-grid-layer><\/amp-story-page><amp-story-page id=\"18ea2612-2481-48b1-b843-386db27f614c\" auto-advance-after=\"8s\"><amp-story-animation layout=\"nodisplay\" trigger=\"visibility\"><script type=\"application\/json\">[{\"selector\":\"#anim-8253a427-e4e7-419c-895a-c85011920d91 [data-leaf-element=\\\"true\\\"]\",\"keyframes\":{\"transform\":[\"translate(0%, 0%) scale(1.5)\",\"translate(0%, 0%) scale(1)\"]},\"delay\":0,\"duration\":2000,\"easing\":\"cubic-bezier(.3,0,.55,1)\",\"fill\":\"forwards\"}]<\/script><\/amp-story-animation><amp-story-grid-layer template=\"vertical\" aspect-ratio=\"412:618\" class=\"grid-layer\"><\/p>\n<div class=\"page-fullbleed-area\" style=\"background-color:#1b1a16\">\n<div class=\"page-safe-area\">\n<div style=\"position:absolute;pointer-events:none;left:0;top:-9.25926%;width:100%;height:118.51852%;opacity:1\">\n<div id=\"anim-8253a427-e4e7-419c-895a-c85011920d91\" class=\"animation-wrapper\" style=\"width:100%;height:100%;display:block;position:absolute;top:0;left:0\">\n<div style=\"pointer-events:initial;width:100%;height:100%;display:block;position:absolute;top:0;left:0;z-index:0\" class=\"mask\" id=\"el-1200ac6f-9aa6-4f8e-8c08-058be24ed2e6\">\n<div style=\"position:absolute;width:100%;height:100%;left:0%;top:0%\" data-leaf-element=\"true\"><amp-img layout=\"fill\" src=\"https:\/\/www.zimoveis.com.br\/blog\/wp-content\/uploads\/2025\/03\/Vila-Madalena-cultura.jpg\" alt=\"Painel de pinturas representando a cultura da Vila Madalena\" srcSet=\"https:\/\/www.zimoveis.com.br\/blog\/wp-content\/uploads\/2025\/03\/Vila-Madalena-cultura.jpg 720w,https:\/\/www.zimoveis.com.br\/blog\/wp-content\/uploads\/2025\/03\/Vila-Madalena-cultura-700x1244.jpg 700w,https:\/\/www.zimoveis.com.br\/blog\/wp-content\/uploads\/2025\/03\/Vila-Madalena-cultura-250x444.jpg 250w,https:\/\/www.zimoveis.com.br\/blog\/wp-content\/uploads\/2025\/03\/Vila-Madalena-cultura-150x267.jpg 150w,https:\/\/www.zimoveis.com.br\/blog\/wp-content\/uploads\/2025\/03\/Vila-Madalena-cultura-120x213.jpg 120w\" sizes=\"(min-width: 1024px) 45vh, 100vw\" disable-inline-width=\"true\"><\/amp-img><\/div>\n<\/div>\n<\/div>\n<\/div>\n<\/div>\n<\/div>\n<p><\/amp-story-grid-layer><amp-story-grid-layer template=\"vertical\" aspect-ratio=\"412:618\" class=\"grid-layer\"><\/p>\n<div class=\"page-fullbleed-area\">\n<div class=\"page-safe-area\">\n<div style=\"position:absolute;pointer-events:none;left:11.40777%;top:48.22006%;width:76.94175%;height:17.96117%;opacity:1\">\n<div style=\"pointer-events:initial;width:100%;height:100%;display:block;position:absolute;top:0;left:0;z-index:0;border-radius:6.309148264984227% 6.309148264984227% 6.309148264984227% 6.309148264984227% \/ 18.01801801801802% 18.01801801801802% 18.01801801801802% 18.01801801801802%\" class=\"mask\" id=\"el-9d453a59-9ddc-4b93-9af5-8c66f5ee7ffa\">\n<div class=\"fill\" style=\"background-color:rgba(114,30,52,0.6);will-change:transform\"><\/div>\n<\/div>\n<\/div>\n<div style=\"position:absolute;pointer-events:none;left:-1.69903%;top:-0.80906%;width:54.36893%;height:5.33981%;opacity:1\">\n<div style=\"pointer-events:initial;width:100%;height:100%;display:block;position:absolute;top:0;left:0;z-index:0;border-radius:8.928571428571429% 8.928571428571429% 8.928571428571429% 8.928571428571429% \/ 60.60606060606061% 60.60606060606061% 60.60606060606061% 60.60606060606061%\" class=\"mask\" id=\"el-4d173fc7-1d46-4897-802a-e80538a54426\">\n<div class=\"fill\" style=\"background-color:#fff;will-change:transform\"><\/div>\n<\/div>\n<\/div>\n<div style=\"position:absolute;pointer-events:none;left:11.40777%;top:66.01942%;width:81.31068%;height:23.94822%;opacity:1\">\n<div style=\"pointer-events:initial;width:100%;height:100%;display:block;position:absolute;top:0;left:0;z-index:0;border-radius:5.970149253731343% 5.970149253731343% 5.970149253731343% 5.970149253731343% \/ 13.513513513513514% 13.513513513513514% 13.513513513513514% 13.513513513513514%\" class=\"mask\" id=\"el-74394bb3-df96-4a9e-a6fa-e487eb739707\">\n<div class=\"fill\" style=\"background-color:rgba(255,248,242,0.8);will-change:transform\"><\/div>\n<\/div>\n<\/div>\n<div style=\"position:absolute;pointer-events:none;left:13.83495%;top:51.94175%;width:72.3301%;height:10.35599%;opacity:1\">\n<div style=\"pointer-events:initial;width:100%;height:100%;display:block;position:absolute;top:0;left:0;z-index:0;border-radius:0.6711409395973155% 0.6711409395973155% 0.6711409395973155% 0.6711409395973155% \/ 3.125% 3.125% 3.125% 3.125%\" id=\"el-c69fe502-8959-4a17-a50d-2a935173da48\">\n<h3 class=\"fill text-wrapper\" style=\"white-space:pre-line;overflow-wrap:break-word;word-break:break-word;margin:-0.08210989932885829% 0;font-family:&quot;Roboto&quot;,sans-serif;font-size:0.436893em;line-height:1.19;text-align:center;padding:0;color:#000000\"><span><span style=\"font-weight: 700; color: #fff8f2\">Um bairro leve e descontra\u00eddo<\/span><\/span><\/h3>\n<\/div>\n<\/div>\n<div style=\"position:absolute;pointer-events:none;left:14.80583%;top:68.93204%;width:73.78641%;height:18.28479%;opacity:1\">\n<div style=\"pointer-events:initial;width:100%;height:100%;display:block;position:absolute;top:0;left:0;z-index:0;border-radius:0.6578947368421052% 0.6578947368421052% 0.6578947368421052% 0.6578947368421052% \/ 1.7699115044247788% 1.7699115044247788% 1.7699115044247788% 1.7699115044247788%\" id=\"el-90880c96-012e-4e83-8024-4deca427008d\">\n<p class=\"fill text-wrapper\" style=\"white-space:pre-line;overflow-wrap:break-word;word-break:break-word;margin:-0.08789062500000012% 0;font-family:&quot;Roboto&quot;,sans-serif;font-size:0.307443em;line-height:1.2;text-align:left;padding:0;color:#000000\"><span><span style=\"color: #721e34\">A <\/span><span style=\"font-weight: 700; color: #721e34\">regi\u00e3o \u00e9 mais agrad\u00e1vel<\/span><span style=\"color: #721e34\"> com a Pra\u00e7a do P\u00f4r do Sol, a arte ao ar livre no Beco do Batman e o charme da Horta das Corujas, uma horta comunit\u00e1ria com pracinha.&nbsp;<\/span><\/span><\/p>\n<\/div>\n<\/div>\n<div style=\"position:absolute;pointer-events:none;left:6.79612%;top:0;width:41.74757%;height:4.20712%;opacity:1\">\n<div style=\"pointer-events:initial;width:100%;height:100%;display:block;position:absolute;top:0;left:0;z-index:0\" class=\"mask\" id=\"el-b50e73b1-80fb-4b4b-848d-3c3619d4c833\">\n<div style=\"position:absolute;width:100%;height:100.38519%;left:0%;top:-0.37277%\" data-leaf-element=\"true\"><amp-img layout=\"fill\" src=\"https:\/\/www.zimoveis.com.br\/blog\/wp-content\/uploads\/2025\/01\/logo-thin.png\" alt=\"\" srcSet=\"https:\/\/www.zimoveis.com.br\/blog\/wp-content\/uploads\/2025\/01\/logo-thin.png 1318w\" sizes=\"(min-width: 1024px) 19vh, 42vw\" disable-inline-width=\"true\"><\/amp-img><\/div>\n<\/div>\n<\/div>\n<\/div>\n<\/div>\n<p><\/amp-story-grid-layer><\/amp-story-page><amp-story-page id=\"e91e432a-af4b-45a0-9710-c6159c0f2ac8\" auto-advance-after=\"8s\"><amp-story-animation layout=\"nodisplay\" trigger=\"visibility\"><script type=\"application\/json\">[{\"selector\":\"#anim-308b106d-82ce-4eca-8153-fa4ffecfca8f [data-leaf-element=\\\"true\\\"]\",\"keyframes\":{\"transform\":[\"translate(0%, 0%) scale(1.5)\",\"translate(0%, 0%) scale(1)\"]},\"delay\":0,\"duration\":2000,\"easing\":\"cubic-bezier(.3,0,.55,1)\",\"fill\":\"forwards\"}]<\/script><\/amp-story-animation><amp-story-grid-layer template=\"vertical\" aspect-ratio=\"412:618\" class=\"grid-layer\"><\/p>\n<div class=\"page-fullbleed-area\" style=\"background-color:#1a2124\">\n<div class=\"page-safe-area\">\n<div style=\"position:absolute;pointer-events:none;left:0;top:-9.25926%;width:100%;height:118.51852%;opacity:1\">\n<div id=\"anim-308b106d-82ce-4eca-8153-fa4ffecfca8f\" class=\"animation-wrapper\" style=\"width:100%;height:100%;display:block;position:absolute;top:0;left:0\">\n<div style=\"pointer-events:initial;width:100%;height:100%;display:block;position:absolute;top:0;left:0;z-index:0\" class=\"mask\" id=\"el-6844b61d-96c0-4f17-b70c-478d6185468c\">\n<div style=\"position:absolute;width:100%;height:100%;left:0%;top:0%\" data-leaf-element=\"true\"><amp-img layout=\"fill\" src=\"https:\/\/www.zimoveis.com.br\/blog\/wp-content\/uploads\/2025\/03\/Vila-Madalena-zimmermann.jpg\" alt=\"Panor\u00e2mica do bairro Vila Madalena na cidade de sp\" srcSet=\"https:\/\/www.zimoveis.com.br\/blog\/wp-content\/uploads\/2025\/03\/Vila-Madalena-zimmermann.jpg 720w,https:\/\/www.zimoveis.com.br\/blog\/wp-content\/uploads\/2025\/03\/Vila-Madalena-zimmermann-700x1244.jpg 700w,https:\/\/www.zimoveis.com.br\/blog\/wp-content\/uploads\/2025\/03\/Vila-Madalena-zimmermann-250x444.jpg 250w,https:\/\/www.zimoveis.com.br\/blog\/wp-content\/uploads\/2025\/03\/Vila-Madalena-zimmermann-150x267.jpg 150w,https:\/\/www.zimoveis.com.br\/blog\/wp-content\/uploads\/2025\/03\/Vila-Madalena-zimmermann-120x213.jpg 120w\" sizes=\"(min-width: 1024px) 45vh, 100vw\" disable-inline-width=\"true\"><\/amp-img><\/div>\n<\/div>\n<\/div>\n<\/div>\n<\/div>\n<\/div>\n<p><\/amp-story-grid-layer><amp-story-grid-layer template=\"vertical\" aspect-ratio=\"412:618\" class=\"grid-layer\"><\/p>\n<div class=\"page-fullbleed-area\">\n<div class=\"page-safe-area\">\n<div style=\"position:absolute;pointer-events:none;left:11.40777%;top:47.73463%;width:76.94175%;height:18.4466%;opacity:1\">\n<div style=\"pointer-events:initial;width:100%;height:100%;display:block;position:absolute;top:0;left:0;z-index:0;border-radius:6.309148264984227% 6.309148264984227% 6.309148264984227% 6.309148264984227% \/ 17.543859649122805% 17.543859649122805% 17.543859649122805% 17.543859649122805%\" class=\"mask\" id=\"el-6132a86d-48e0-4900-b4b5-e1978f0687c4\">\n<div class=\"fill\" style=\"background-color:rgba(114,30,52,0.6);will-change:transform\"><\/div>\n<\/div>\n<\/div>\n<div style=\"position:absolute;pointer-events:none;left:-1.69903%;top:-0.80906%;width:54.36893%;height:5.33981%;opacity:1\">\n<div style=\"pointer-events:initial;width:100%;height:100%;display:block;position:absolute;top:0;left:0;z-index:0;border-radius:8.928571428571429% 8.928571428571429% 8.928571428571429% 8.928571428571429% \/ 60.60606060606061% 60.60606060606061% 60.60606060606061% 60.60606060606061%\" class=\"mask\" id=\"el-15e801f9-afc9-4772-abf4-91b1b8205e84\">\n<div class=\"fill\" style=\"background-color:#fff;will-change:transform\"><\/div>\n<\/div>\n<\/div>\n<div style=\"position:absolute;pointer-events:none;left:11.40777%;top:66.01942%;width:81.31068%;height:21.52104%;opacity:1\">\n<div style=\"pointer-events:initial;width:100%;height:100%;display:block;position:absolute;top:0;left:0;z-index:0;border-radius:5.970149253731343% 5.970149253731343% 5.970149253731343% 5.970149253731343% \/ 15.037593984962406% 15.037593984962406% 15.037593984962406% 15.037593984962406%\" class=\"mask\" id=\"el-09296bfc-228b-4217-915a-3e359face2e4\">\n<div class=\"fill\" style=\"background-color:rgba(255,248,242,0.8);will-change:transform\"><\/div>\n<\/div>\n<\/div>\n<div style=\"position:absolute;pointer-events:none;left:13.83495%;top:51.77994%;width:72.3301%;height:10.35599%;opacity:1\">\n<div style=\"pointer-events:initial;width:100%;height:100%;display:block;position:absolute;top:0;left:0;z-index:0;border-radius:0.6711409395973155% 0.6711409395973155% 0.6711409395973155% 0.6711409395973155% \/ 3.125% 3.125% 3.125% 3.125%\" id=\"el-eb182b1c-4f32-47b3-94d3-6714cc0a1539\">\n<h3 class=\"fill text-wrapper\" style=\"white-space:pre-line;overflow-wrap:break-word;word-break:break-word;margin:-0.08210989932885829% 0;font-family:&quot;Roboto&quot;,sans-serif;font-size:0.436893em;line-height:1.19;text-align:center;padding:0;color:#000000\"><span><span style=\"font-weight: 700; color: #fff8f2\">Infraestrutura e acessibilidade<\/span><\/span><\/h3>\n<\/div>\n<\/div>\n<div style=\"position:absolute;pointer-events:none;left:14.80583%;top:69.41748%;width:71.60194%;height:14.56311%;opacity:1\">\n<div style=\"pointer-events:initial;width:100%;height:100%;display:block;position:absolute;top:0;left:0;z-index:0;border-radius:0.6779661016949152% 0.6779661016949152% 0.6779661016949152% 0.6779661016949152% \/ 2.2222222222222223% 2.2222222222222223% 2.2222222222222223% 2.2222222222222223%\" id=\"el-0ace7b8c-2151-48b4-ba50-b9185a3eb65c\">\n<p class=\"fill text-wrapper\" style=\"white-space:pre-line;overflow-wrap:break-word;word-break:break-word;margin:-0.0905720338983052% 0;font-family:&quot;Roboto&quot;,sans-serif;font-size:0.307443em;line-height:1.2;text-align:left;padding:0;color:#000000\"><span><span style=\"color: #721e34\">Com ruas arborizadas, o bairro tem <\/span><span style=\"font-weight: 700; color: #721e34\">infraestrutura moderna e f\u00e1cil locomo\u00e7\u00e3o<\/span><span style=\"color: #721e34\"> via Metr\u00f4 Vila Madalena e linhas de \u00f4nibus.<\/span><\/span><\/p>\n<\/div>\n<\/div>\n<div style=\"position:absolute;pointer-events:none;left:6.79612%;top:0;width:41.74757%;height:4.20712%;opacity:1\">\n<div style=\"pointer-events:initial;width:100%;height:100%;display:block;position:absolute;top:0;left:0;z-index:0\" class=\"mask\" id=\"el-683f93fd-1f03-4f0e-92f4-3674bc58ee48\">\n<div style=\"position:absolute;width:100%;height:100.38519%;left:0%;top:-0.37277%\" data-leaf-element=\"true\"><amp-img layout=\"fill\" src=\"https:\/\/www.zimoveis.com.br\/blog\/wp-content\/uploads\/2025\/01\/logo-thin.png\" alt=\"\" srcSet=\"https:\/\/www.zimoveis.com.br\/blog\/wp-content\/uploads\/2025\/01\/logo-thin.png 1318w\" sizes=\"(min-width: 1024px) 19vh, 42vw\" disable-inline-width=\"true\"><\/amp-img><\/div>\n<\/div>\n<\/div>\n<\/div>\n<\/div>\n<p><\/amp-story-grid-layer><\/amp-story-page><amp-story-page id=\"f88b4e76-d762-4ce9-8376-85d28b61d2fc\" auto-advance-after=\"8s\"><amp-story-animation layout=\"nodisplay\" trigger=\"visibility\"><script type=\"application\/json\">[{\"selector\":\"#anim-4609d328-7a98-403d-8e20-464aae53c248 [data-leaf-element=\\\"true\\\"]\",\"keyframes\":{\"transform\":[\"translate(0%, 0%) scale(1.5)\",\"translate(0%, 0%) scale(1)\"]},\"delay\":0,\"duration\":2000,\"easing\":\"cubic-bezier(.3,0,.55,1)\",\"fill\":\"forwards\"}]<\/script><\/amp-story-animation><amp-story-grid-layer template=\"vertical\" aspect-ratio=\"412:618\" class=\"grid-layer\"><\/p>\n<div class=\"page-fullbleed-area\" style=\"background-color:#302b2a\">\n<div class=\"page-safe-area\">\n<div style=\"position:absolute;pointer-events:none;left:0;top:-9.25926%;width:100%;height:118.51852%;opacity:1\">\n<div id=\"anim-4609d328-7a98-403d-8e20-464aae53c248\" class=\"animation-wrapper\" style=\"width:100%;height:100%;display:block;position:absolute;top:0;left:0\">\n<div style=\"pointer-events:initial;width:100%;height:100%;display:block;position:absolute;top:0;left:0;z-index:0\" class=\"mask\" id=\"el-6293e8d4-08f5-44c5-bb10-43c44c474a7c\">\n<div style=\"position:absolute;width:100%;height:100%;left:0%;top:0%\" data-leaf-element=\"true\"><amp-img layout=\"fill\" src=\"https:\/\/www.zimoveis.com.br\/blog\/wp-content\/uploads\/2025\/03\/Vila-Madalena-saude.jpg\" alt=\"M\u00e9dico examinando o paciente representando os servi\u00e7os de sa\u00fade da Vila Madalena\" srcSet=\"https:\/\/www.zimoveis.com.br\/blog\/wp-content\/uploads\/2025\/03\/Vila-Madalena-saude.jpg 720w,https:\/\/www.zimoveis.com.br\/blog\/wp-content\/uploads\/2025\/03\/Vila-Madalena-saude-700x1244.jpg 700w,https:\/\/www.zimoveis.com.br\/blog\/wp-content\/uploads\/2025\/03\/Vila-Madalena-saude-250x444.jpg 250w,https:\/\/www.zimoveis.com.br\/blog\/wp-content\/uploads\/2025\/03\/Vila-Madalena-saude-150x267.jpg 150w,https:\/\/www.zimoveis.com.br\/blog\/wp-content\/uploads\/2025\/03\/Vila-Madalena-saude-120x213.jpg 120w\" sizes=\"(min-width: 1024px) 45vh, 100vw\" disable-inline-width=\"true\"><\/amp-img><\/div>\n<\/div>\n<\/div>\n<\/div>\n<\/div>\n<\/div>\n<p><\/amp-story-grid-layer><amp-story-grid-layer template=\"vertical\" aspect-ratio=\"412:618\" class=\"grid-layer\"><\/p>\n<div class=\"page-fullbleed-area\">\n<div class=\"page-safe-area\">\n<div style=\"position:absolute;pointer-events:none;left:11.40777%;top:48.22006%;width:76.94175%;height:17.96117%;opacity:1\">\n<div style=\"pointer-events:initial;width:100%;height:100%;display:block;position:absolute;top:0;left:0;z-index:0;border-radius:6.309148264984227% 6.309148264984227% 6.309148264984227% 6.309148264984227% \/ 18.01801801801802% 18.01801801801802% 18.01801801801802% 18.01801801801802%\" class=\"mask\" id=\"el-a9d7eb20-542e-438b-8f3f-564599aca647\">\n<div class=\"fill\" style=\"background-color:rgba(114,30,52,0.6);will-change:transform\"><\/div>\n<\/div>\n<\/div>\n<div style=\"position:absolute;pointer-events:none;left:-1.69903%;top:-0.80906%;width:54.36893%;height:5.33981%;opacity:1\">\n<div style=\"pointer-events:initial;width:100%;height:100%;display:block;position:absolute;top:0;left:0;z-index:0;border-radius:8.928571428571429% 8.928571428571429% 8.928571428571429% 8.928571428571429% \/ 60.60606060606061% 60.60606060606061% 60.60606060606061% 60.60606060606061%\" class=\"mask\" id=\"el-42c35c00-ae77-431d-a70d-de51b565f7bb\">\n<div class=\"fill\" style=\"background-color:#fff;will-change:transform\"><\/div>\n<\/div>\n<\/div>\n<div style=\"position:absolute;pointer-events:none;left:11.40777%;top:66.01942%;width:81.31068%;height:24.43366%;opacity:1\">\n<div style=\"pointer-events:initial;width:100%;height:100%;display:block;position:absolute;top:0;left:0;z-index:0;border-radius:5.970149253731343% 5.970149253731343% 5.970149253731343% 5.970149253731343% \/ 13.245033112582782% 13.245033112582782% 13.245033112582782% 13.245033112582782%\" class=\"mask\" id=\"el-d4ce3bc3-a40b-47d7-a1ae-7ba61d703f3a\">\n<div class=\"fill\" style=\"background-color:rgba(255,248,242,0.8);will-change:transform\"><\/div>\n<\/div>\n<\/div>\n<div style=\"position:absolute;pointer-events:none;left:13.83495%;top:51.94175%;width:72.3301%;height:10.35599%;opacity:1\">\n<div style=\"pointer-events:initial;width:100%;height:100%;display:block;position:absolute;top:0;left:0;z-index:0;border-radius:0.6711409395973155% 0.6711409395973155% 0.6711409395973155% 0.6711409395973155% \/ 3.125% 3.125% 3.125% 3.125%\" id=\"el-ce15c803-a779-460c-a3e4-93fdbd896fee\">\n<h3 class=\"fill text-wrapper\" style=\"white-space:pre-line;overflow-wrap:break-word;word-break:break-word;margin:-0.08210989932885829% 0;font-family:&quot;Roboto&quot;,sans-serif;font-size:0.436893em;line-height:1.19;text-align:center;padding:0;color:#000000\"><span><span style=\"font-weight: 700; color: #fff8f2\">O bairro \u00e9 refer\u00eancia&nbsp;<\/span><br \/>\n<span style=\"font-weight: 700; color: #fff8f2\">em sa\u00fade<\/span><\/span><\/h3>\n<\/div>\n<\/div>\n<div style=\"position:absolute;pointer-events:none;left:14.80583%;top:69.41748%;width:71.60194%;height:18.28479%;opacity:1\">\n<div style=\"pointer-events:initial;width:100%;height:100%;display:block;position:absolute;top:0;left:0;z-index:0;border-radius:0.6779661016949152% 0.6779661016949152% 0.6779661016949152% 0.6779661016949152% \/ 1.7699115044247788% 1.7699115044247788% 1.7699115044247788% 1.7699115044247788%\" id=\"el-beeaad19-1acd-4959-a9f8-cbc6a92f0253\">\n<p class=\"fill text-wrapper\" style=\"white-space:pre-line;overflow-wrap:break-word;word-break:break-word;margin:-0.0905720338983052% 0;font-family:&quot;Roboto&quot;,sans-serif;font-size:0.307443em;line-height:1.2;text-align:left;padding:0;color:#000000\"><span><span style=\"color: #721e34\">A regi\u00e3o conta com cl\u00ednicas e hospitais, al\u00e9m de ruas tranquilas para caminhada que <\/span><span style=\"font-weight: 700; color: #721e34\">podem incentivar o estilo de vida mais saud\u00e1vel.<\/span><\/span><\/p>\n<\/div>\n<\/div>\n<div style=\"position:absolute;pointer-events:none;left:6.79612%;top:0;width:41.74757%;height:4.20712%;opacity:1\">\n<div style=\"pointer-events:initial;width:100%;height:100%;display:block;position:absolute;top:0;left:0;z-index:0\" class=\"mask\" id=\"el-d0fc2c55-f0ed-4dec-840a-05951895d881\">\n<div style=\"position:absolute;width:100%;height:100.38519%;left:0%;top:-0.37277%\" data-leaf-element=\"true\"><amp-img layout=\"fill\" src=\"https:\/\/www.zimoveis.com.br\/blog\/wp-content\/uploads\/2025\/01\/logo-thin.png\" alt=\"\" srcSet=\"https:\/\/www.zimoveis.com.br\/blog\/wp-content\/uploads\/2025\/01\/logo-thin.png 1318w\" sizes=\"(min-width: 1024px) 19vh, 42vw\" disable-inline-width=\"true\"><\/amp-img><\/div>\n<\/div>\n<\/div>\n<\/div>\n<\/div>\n<p><\/amp-story-grid-layer><\/amp-story-page><amp-story-page id=\"6f58b4a4-67f7-4752-8bfb-579e5bdf52c4\" auto-advance-after=\"8s\"><amp-story-animation layout=\"nodisplay\" trigger=\"visibility\"><script type=\"application\/json\">[{\"selector\":\"#anim-828de270-8ba4-460b-abf0-962b2a9c0d11 [data-leaf-element=\\\"true\\\"]\",\"keyframes\":{\"transform\":[\"translate(0%, 0%) scale(1.5)\",\"translate(0%, 0%) scale(1)\"]},\"delay\":0,\"duration\":2000,\"easing\":\"cubic-bezier(.3,0,.55,1)\",\"fill\":\"forwards\"}]<\/script><\/amp-story-animation><amp-story-grid-layer template=\"vertical\" aspect-ratio=\"412:618\" class=\"grid-layer\"><\/p>\n<div class=\"page-fullbleed-area\" style=\"background-color:#342c22\">\n<div class=\"page-safe-area\">\n<div style=\"position:absolute;pointer-events:none;left:0;top:-9.25926%;width:100%;height:118.51852%;opacity:1\">\n<div id=\"anim-828de270-8ba4-460b-abf0-962b2a9c0d11\" class=\"animation-wrapper\" style=\"width:100%;height:100%;display:block;position:absolute;top:0;left:0\">\n<div style=\"pointer-events:initial;width:100%;height:100%;display:block;position:absolute;top:0;left:0;z-index:0\" class=\"mask\" id=\"el-3aa8c2ca-f270-4fd5-a893-c401088a82c4\">\n<div style=\"position:absolute;width:100%;height:100%;left:0%;top:0%\" data-leaf-element=\"true\"><amp-img layout=\"fill\" src=\"https:\/\/www.zimoveis.com.br\/blog\/wp-content\/uploads\/2025\/03\/Vila-Madalena-educacao.jpg\" alt=\"Professora e aluno representando o servi\u00e7o de educa\u00e7\u00e3o da Vila Madalena\" srcSet=\"https:\/\/www.zimoveis.com.br\/blog\/wp-content\/uploads\/2025\/03\/Vila-Madalena-educacao.jpg 720w,https:\/\/www.zimoveis.com.br\/blog\/wp-content\/uploads\/2025\/03\/Vila-Madalena-educacao-700x1244.jpg 700w,https:\/\/www.zimoveis.com.br\/blog\/wp-content\/uploads\/2025\/03\/Vila-Madalena-educacao-250x444.jpg 250w,https:\/\/www.zimoveis.com.br\/blog\/wp-content\/uploads\/2025\/03\/Vila-Madalena-educacao-150x267.jpg 150w,https:\/\/www.zimoveis.com.br\/blog\/wp-content\/uploads\/2025\/03\/Vila-Madalena-educacao-120x213.jpg 120w\" sizes=\"(min-width: 1024px) 45vh, 100vw\" disable-inline-width=\"true\"><\/amp-img><\/div>\n<\/div>\n<\/div>\n<\/div>\n<\/div>\n<\/div>\n<p><\/amp-story-grid-layer><amp-story-grid-layer template=\"vertical\" aspect-ratio=\"412:618\" class=\"grid-layer\"><\/p>\n<div class=\"page-fullbleed-area\">\n<div class=\"page-safe-area\">\n<div style=\"position:absolute;pointer-events:none;left:11.40777%;top:48.22006%;width:76.94175%;height:17.96117%;opacity:1\">\n<div style=\"pointer-events:initial;width:100%;height:100%;display:block;position:absolute;top:0;left:0;z-index:0;border-radius:6.309148264984227% 6.309148264984227% 6.309148264984227% 6.309148264984227% \/ 18.01801801801802% 18.01801801801802% 18.01801801801802% 18.01801801801802%\" class=\"mask\" id=\"el-2252ff8c-8317-4f8f-b3cc-867f86a2e496\">\n<div class=\"fill\" style=\"background-color:rgba(114,30,52,0.6);will-change:transform\"><\/div>\n<\/div>\n<\/div>\n<div style=\"position:absolute;pointer-events:none;left:-1.69903%;top:-0.80906%;width:54.36893%;height:5.33981%;opacity:1\">\n<div style=\"pointer-events:initial;width:100%;height:100%;display:block;position:absolute;top:0;left:0;z-index:0;border-radius:8.928571428571429% 8.928571428571429% 8.928571428571429% 8.928571428571429% \/ 60.60606060606061% 60.60606060606061% 60.60606060606061% 60.60606060606061%\" class=\"mask\" id=\"el-fa4e7286-e362-425a-82d7-89fb7f46836b\">\n<div class=\"fill\" style=\"background-color:#fff;will-change:transform\"><\/div>\n<\/div>\n<\/div>\n<div style=\"position:absolute;pointer-events:none;left:11.40777%;top:66.01942%;width:81.31068%;height:28.47896%;opacity:1\">\n<div style=\"pointer-events:initial;width:100%;height:100%;display:block;position:absolute;top:0;left:0;z-index:0;border-radius:5.970149253731343% 5.970149253731343% 5.970149253731343% 5.970149253731343% \/ 11.363636363636363% 11.363636363636363% 11.363636363636363% 11.363636363636363%\" class=\"mask\" id=\"el-00bc9940-7c28-491f-9701-1afa723bcf0c\">\n<div class=\"fill\" style=\"background-color:rgba(255,248,242,0.8);will-change:transform\"><\/div>\n<\/div>\n<\/div>\n<div style=\"position:absolute;pointer-events:none;left:13.83495%;top:51.94175%;width:72.3301%;height:10.35599%;opacity:1\">\n<div style=\"pointer-events:initial;width:100%;height:100%;display:block;position:absolute;top:0;left:0;z-index:0;border-radius:0.6711409395973155% 0.6711409395973155% 0.6711409395973155% 0.6711409395973155% \/ 3.125% 3.125% 3.125% 3.125%\" id=\"el-346f1c91-46fd-4066-8daa-63a9eb397b97\">\n<h3 class=\"fill text-wrapper\" style=\"white-space:pre-line;overflow-wrap:break-word;word-break:break-word;margin:-0.08210989932885829% 0;font-family:&quot;Roboto&quot;,sans-serif;font-size:0.436893em;line-height:1.19;text-align:center;padding:0;color:#000000\"><span><span style=\"font-weight: 700; color: #fff8f2\">Educa\u00e7\u00e3o de&nbsp;<\/span><br \/>\n<span style=\"font-weight: 700; color: #fff8f2\">qualidade<\/span><\/span><\/h3>\n<\/div>\n<\/div>\n<div style=\"position:absolute;pointer-events:none;left:14.80583%;top:69.41748%;width:71.60194%;height:22.16828%;opacity:1\">\n<div style=\"pointer-events:initial;width:100%;height:100%;display:block;position:absolute;top:0;left:0;z-index:0;border-radius:0.6779661016949152% 0.6779661016949152% 0.6779661016949152% 0.6779661016949152% \/ 1.4598540145985401% 1.4598540145985401% 1.4598540145985401% 1.4598540145985401%\" id=\"el-6f9a60a0-b8ec-4aea-9404-6437bddf5510\">\n<p class=\"fill text-wrapper\" style=\"white-space:pre-line;overflow-wrap:break-word;word-break:break-word;margin:-0.0905720338983052% 0;font-family:&quot;Roboto&quot;,sans-serif;font-size:0.307443em;line-height:1.2;text-align:left;padding:0;color:#000000\"><span><span style=\"color: #721e34\">A Vila Madalena tem escolas renomadas e fica pr\u00f3xima \u00e0 USP. A oferta de institui\u00e7\u00f5es tradicionais faz do <\/span><span style=\"font-weight: 700; color: #721e34\">bairro um \u00f3timo lugar para fam\u00edlias<\/span><span style=\"color: #721e34\"> <\/span><span style=\"font-weight: 700; color: #721e34\">que priorizam ensino de alto n\u00edvel.<\/span><\/span><\/p>\n<\/div>\n<\/div>\n<div style=\"position:absolute;pointer-events:none;left:6.79612%;top:0;width:41.74757%;height:4.20712%;opacity:1\">\n<div style=\"pointer-events:initial;width:100%;height:100%;display:block;position:absolute;top:0;left:0;z-index:0\" class=\"mask\" id=\"el-6fffbdbb-6468-4381-beeb-4f194988b4dd\">\n<div style=\"position:absolute;width:100%;height:100.38519%;left:0%;top:-0.37277%\" data-leaf-element=\"true\"><amp-img layout=\"fill\" src=\"https:\/\/www.zimoveis.com.br\/blog\/wp-content\/uploads\/2025\/01\/logo-thin.png\" alt=\"\" srcSet=\"https:\/\/www.zimoveis.com.br\/blog\/wp-content\/uploads\/2025\/01\/logo-thin.png 1318w\" sizes=\"(min-width: 1024px) 19vh, 42vw\" disable-inline-width=\"true\"><\/amp-img><\/div>\n<\/div>\n<\/div>\n<\/div>\n<\/div>\n<p><\/amp-story-grid-layer><\/amp-story-page><amp-story-page id=\"897af628-55c0-44cd-8b95-2011d7a878ae\" auto-advance-after=\"8s\"><amp-story-animation layout=\"nodisplay\" trigger=\"visibility\"><script type=\"application\/json\">[{\"selector\":\"#anim-49b415be-c00b-4145-a0ca-6d8ba6242c42 [data-leaf-element=\\\"true\\\"]\",\"keyframes\":{\"transform\":[\"translate(0%, 0%) scale(1.5)\",\"translate(0%, 0%) scale(1)\"]},\"delay\":0,\"duration\":2000,\"easing\":\"cubic-bezier(.3,0,.55,1)\",\"fill\":\"forwards\"}]<\/script><\/amp-story-animation><amp-story-grid-layer template=\"vertical\" aspect-ratio=\"412:618\" class=\"grid-layer\"><\/p>\n<div class=\"page-fullbleed-area\" style=\"background-color:#b1948c\">\n<div class=\"page-safe-area\">\n<div style=\"position:absolute;pointer-events:none;left:0;top:-9.25926%;width:100%;height:118.51852%;opacity:1\">\n<div id=\"anim-49b415be-c00b-4145-a0ca-6d8ba6242c42\" class=\"animation-wrapper\" style=\"width:100%;height:100%;display:block;position:absolute;top:0;left:0\">\n<div style=\"pointer-events:initial;width:100%;height:100%;display:block;position:absolute;top:0;left:0;z-index:0\" class=\"mask\" id=\"el-6503fafc-412b-4554-aa84-6e0284c9394c\">\n<div style=\"position:absolute;width:100%;height:100%;left:0%;top:0%\" data-leaf-element=\"true\"><amp-img layout=\"fill\" src=\"https:\/\/www.zimoveis.com.br\/blog\/wp-content\/uploads\/2025\/03\/Vila-Madalena-imoveis.jpg\" alt=\"Pessoas pegando as chaves do im\u00f3vel comprado na Vila Madalena\" srcSet=\"https:\/\/www.zimoveis.com.br\/blog\/wp-content\/uploads\/2025\/03\/Vila-Madalena-imoveis.jpg 720w,https:\/\/www.zimoveis.com.br\/blog\/wp-content\/uploads\/2025\/03\/Vila-Madalena-imoveis-700x1244.jpg 700w,https:\/\/www.zimoveis.com.br\/blog\/wp-content\/uploads\/2025\/03\/Vila-Madalena-imoveis-250x444.jpg 250w,https:\/\/www.zimoveis.com.br\/blog\/wp-content\/uploads\/2025\/03\/Vila-Madalena-imoveis-150x267.jpg 150w,https:\/\/www.zimoveis.com.br\/blog\/wp-content\/uploads\/2025\/03\/Vila-Madalena-imoveis-120x213.jpg 120w\" sizes=\"(min-width: 1024px) 45vh, 100vw\" disable-inline-width=\"true\"><\/amp-img><\/div>\n<\/div>\n<\/div>\n<\/div>\n<\/div>\n<\/div>\n<p><\/amp-story-grid-layer><amp-story-grid-layer template=\"vertical\" aspect-ratio=\"412:618\" class=\"grid-layer\"><\/p>\n<div class=\"page-fullbleed-area\">\n<div class=\"page-safe-area\">\n<div style=\"position:absolute;pointer-events:none;left:11.40777%;top:48.22006%;width:76.94175%;height:17.96117%;opacity:1\">\n<div style=\"pointer-events:initial;width:100%;height:100%;display:block;position:absolute;top:0;left:0;z-index:0;border-radius:6.309148264984227% 6.309148264984227% 6.309148264984227% 6.309148264984227% \/ 18.01801801801802% 18.01801801801802% 18.01801801801802% 18.01801801801802%\" class=\"mask\" id=\"el-3643257e-025d-4fbc-a2fd-a01feccbcb34\">\n<div class=\"fill\" style=\"background-color:rgba(114,30,52,0.6);will-change:transform\"><\/div>\n<\/div>\n<\/div>\n<div style=\"position:absolute;pointer-events:none;left:-1.69903%;top:-0.80906%;width:54.36893%;height:5.33981%;opacity:1\">\n<div style=\"pointer-events:initial;width:100%;height:100%;display:block;position:absolute;top:0;left:0;z-index:0;border-radius:8.928571428571429% 8.928571428571429% 8.928571428571429% 8.928571428571429% \/ 60.60606060606061% 60.60606060606061% 60.60606060606061% 60.60606060606061%\" class=\"mask\" id=\"el-7626be15-98f1-4ded-b1db-4a11dbecde5d\">\n<div class=\"fill\" style=\"background-color:#fff;will-change:transform\"><\/div>\n<\/div>\n<\/div>\n<div style=\"position:absolute;pointer-events:none;left:11.40777%;top:66.18123%;width:81.31068%;height:25.56634%;opacity:1\">\n<div style=\"pointer-events:initial;width:100%;height:100%;display:block;position:absolute;top:0;left:0;z-index:0;border-radius:5.970149253731343% 5.970149253731343% 5.970149253731343% 5.970149253731343% \/ 12.658227848101266% 12.658227848101266% 12.658227848101266% 12.658227848101266%\" class=\"mask\" id=\"el-66abbad3-0c16-4b49-9293-2c8e234e869e\">\n<div class=\"fill\" style=\"background-color:rgba(255,248,242,0.8);will-change:transform\"><\/div>\n<\/div>\n<\/div>\n<div style=\"position:absolute;pointer-events:none;left:13.83495%;top:51.94175%;width:72.3301%;height:10.35599%;opacity:1\">\n<div style=\"pointer-events:initial;width:100%;height:100%;display:block;position:absolute;top:0;left:0;z-index:0;border-radius:0.6711409395973155% 0.6711409395973155% 0.6711409395973155% 0.6711409395973155% \/ 3.125% 3.125% 3.125% 3.125%\" id=\"el-689aeff5-c09f-412a-bfa7-47ecd4b0d1f7\">\n<h2 class=\"fill text-wrapper\" style=\"white-space:pre-line;overflow-wrap:break-word;word-break:break-word;margin:-0.08210989932885829% 0;font-family:&quot;Roboto&quot;,sans-serif;font-size:0.436893em;line-height:1.19;text-align:center;padding:0;color:#000000\"><span><span style=\"font-weight: 700; color: #fff8f2\">Im\u00f3veis para&nbsp;<\/span><br \/>\n<span style=\"font-weight: 700; color: #fff8f2\">todos os perfis<\/span><\/span><\/h2>\n<\/div>\n<\/div>\n<div style=\"position:absolute;pointer-events:none;left:14.80583%;top:69.41748%;width:71.60194%;height:18.28479%;opacity:1\">\n<div style=\"pointer-events:initial;width:100%;height:100%;display:block;position:absolute;top:0;left:0;z-index:0;border-radius:0.6779661016949152% 0.6779661016949152% 0.6779661016949152% 0.6779661016949152% \/ 1.7699115044247788% 1.7699115044247788% 1.7699115044247788% 1.7699115044247788%\" id=\"el-9212227c-6e2b-46a4-b8c7-c3c8221646cd\">\n<p class=\"fill text-wrapper\" style=\"white-space:pre-line;overflow-wrap:break-word;word-break:break-word;margin:-0.0905720338983052% 0;font-family:&quot;Roboto&quot;,sans-serif;font-size:0.307443em;line-height:1.2;text-align:left;padding:0;color:#000000\"><span><span style=\"color: #721e34\">As op\u00e7\u00f5es v\u00e3o de <\/span><span style=\"font-weight: 700; color: #721e34\">studios modernos a coberturas sofisticadas<\/span><span style=\"color: #721e34\">, o mercado imobili\u00e1rio atende diferentes perfis, tanto para morar e investir.<\/span><\/span><\/p>\n<\/div>\n<\/div>\n<div style=\"position:absolute;pointer-events:none;left:6.79612%;top:0;width:41.74757%;height:4.20712%;opacity:1\">\n<div style=\"pointer-events:initial;width:100%;height:100%;display:block;position:absolute;top:0;left:0;z-index:0\" class=\"mask\" id=\"el-d1cbc482-844d-4207-b0b4-91cf2c6922d8\">\n<div style=\"position:absolute;width:100%;height:100.38519%;left:0%;top:-0.37277%\" data-leaf-element=\"true\"><amp-img layout=\"fill\" src=\"https:\/\/www.zimoveis.com.br\/blog\/wp-content\/uploads\/2025\/01\/logo-thin.png\" alt=\"\" srcSet=\"https:\/\/www.zimoveis.com.br\/blog\/wp-content\/uploads\/2025\/01\/logo-thin.png 1318w\" sizes=\"(min-width: 1024px) 19vh, 42vw\" disable-inline-width=\"true\"><\/amp-img><\/div>\n<\/div>\n<\/div>\n<\/div>\n<\/div>\n<p><\/amp-story-grid-layer><\/amp-story-page><amp-story-page id=\"192e8eeb-26fc-4e18-a9a0-168451bc4f31\" auto-advance-after=\"8s\"><amp-story-animation layout=\"nodisplay\" trigger=\"visibility\"><script type=\"application\/json\">[{\"selector\":\"#anim-48dc6e0a-c858-4e38-9265-f316e5f37869 [data-leaf-element=\\\"true\\\"]\",\"keyframes\":{\"transform\":[\"translate(0%, 0%) scale(1.5)\",\"translate(0%, 0%) scale(1)\"]},\"delay\":0,\"duration\":2000,\"easing\":\"cubic-bezier(.3,0,.55,1)\",\"fill\":\"forwards\"}]<\/script><\/amp-story-animation><amp-story-grid-layer template=\"vertical\" aspect-ratio=\"412:618\" class=\"grid-layer\"><\/p>\n<div class=\"page-fullbleed-area\" style=\"background-color:#192022\">\n<div class=\"page-safe-area\">\n<div style=\"position:absolute;pointer-events:none;left:0;top:-9.25926%;width:100%;height:118.51852%;opacity:1\">\n<div id=\"anim-48dc6e0a-c858-4e38-9265-f316e5f37869\" class=\"animation-wrapper\" style=\"width:100%;height:100%;display:block;position:absolute;top:0;left:0\">\n<div style=\"pointer-events:initial;width:100%;height:100%;display:block;position:absolute;top:0;left:0;z-index:0\" class=\"mask\" id=\"el-83d2f7e5-b83b-432b-a437-8f7e8887a31f\">\n<div style=\"position:absolute;width:100%;height:100%;left:0%;top:0%\" data-leaf-element=\"true\"><amp-img layout=\"fill\" src=\"https:\/\/www.zimoveis.com.br\/blog\/wp-content\/uploads\/2025\/03\/Vila-Madalena-infraestrutura.jpg\" alt=\"Panor\u00e2mica do bairro Vila Madalena em S\u00e3o Paulo\" srcSet=\"https:\/\/www.zimoveis.com.br\/blog\/wp-content\/uploads\/2025\/03\/Vila-Madalena-infraestrutura.jpg 720w,https:\/\/www.zimoveis.com.br\/blog\/wp-content\/uploads\/2025\/03\/Vila-Madalena-infraestrutura-700x1244.jpg 700w,https:\/\/www.zimoveis.com.br\/blog\/wp-content\/uploads\/2025\/03\/Vila-Madalena-infraestrutura-250x444.jpg 250w,https:\/\/www.zimoveis.com.br\/blog\/wp-content\/uploads\/2025\/03\/Vila-Madalena-infraestrutura-150x267.jpg 150w,https:\/\/www.zimoveis.com.br\/blog\/wp-content\/uploads\/2025\/03\/Vila-Madalena-infraestrutura-120x213.jpg 120w\" sizes=\"(min-width: 1024px) 45vh, 100vw\" disable-inline-width=\"true\"><\/amp-img><\/div>\n<\/div>\n<\/div>\n<\/div>\n<\/div>\n<\/div>\n<p><\/amp-story-grid-layer><amp-story-grid-layer template=\"vertical\" aspect-ratio=\"412:618\" class=\"grid-layer\"><\/p>\n<div class=\"page-fullbleed-area\">\n<div class=\"page-safe-area\">\n<div style=\"position:absolute;pointer-events:none;left:9.46602%;top:51.13269%;width:81.31068%;height:22.81553%;opacity:1\">\n<div style=\"pointer-events:initial;width:100%;height:100%;display:block;position:absolute;top:0;left:0;z-index:0;border-radius:5.970149253731343% 5.970149253731343% 5.970149253731343% 5.970149253731343% \/ 14.184397163120568% 14.184397163120568% 14.184397163120568% 14.184397163120568%\" class=\"mask\" id=\"el-a752785a-e3e3-40cd-b551-3c303728aaaf\">\n<div class=\"fill\" style=\"background-color:rgba(255,248,242,0.8);will-change:transform\"><\/div>\n<\/div>\n<\/div>\n<div style=\"position:absolute;pointer-events:none;left:11.65049%;top:29.28803%;width:76.94175%;height:22.00647%;opacity:1\">\n<div style=\"pointer-events:initial;width:100%;height:100%;display:block;position:absolute;top:0;left:0;z-index:0;border-radius:6.309148264984227% 6.309148264984227% 6.309148264984227% 6.309148264984227% \/ 14.705882352941178% 14.705882352941178% 14.705882352941178% 14.705882352941178%\" class=\"mask\" id=\"el-cbace547-e9cf-4e59-87c9-97a5696e3a0f\">\n<div class=\"fill\" style=\"background-color:rgba(114,30,52,0.6);will-change:transform\"><\/div>\n<\/div>\n<\/div>\n<div style=\"position:absolute;pointer-events:none;left:-1.69903%;top:-0.80906%;width:54.36893%;height:5.33981%;opacity:1\">\n<div style=\"pointer-events:initial;width:100%;height:100%;display:block;position:absolute;top:0;left:0;z-index:0;border-radius:8.928571428571429% 8.928571428571429% 8.928571428571429% 8.928571428571429% \/ 60.60606060606061% 60.60606060606061% 60.60606060606061% 60.60606060606061%\" class=\"mask\" id=\"el-c436d990-561e-4238-b87d-74c9cb2b8182\">\n<div class=\"fill\" style=\"background-color:#fff;will-change:transform\"><\/div>\n<\/div>\n<\/div>\n<div style=\"position:absolute;pointer-events:none;left:13.83495%;top:32.52427%;width:72.3301%;height:15.53398%;opacity:1\">\n<div style=\"pointer-events:initial;width:100%;height:100%;display:block;position:absolute;top:0;left:0;z-index:0;border-radius:0.6711409395973155% 0.6711409395973155% 0.6711409395973155% 0.6711409395973155% \/ 2.083333333333333% 2.083333333333333% 2.083333333333333% 2.083333333333333%\" id=\"el-179e9686-e7f3-45c5-8863-0e84a015285d\">\n<h2 class=\"fill text-wrapper\" style=\"white-space:pre-line;overflow-wrap:break-word;word-break:break-word;margin:-0.08210989932885829% 0;font-family:&quot;Roboto&quot;,sans-serif;font-size:0.436893em;line-height:1.19;text-align:center;padding:0;color:#000000\"><span><span style=\"font-weight: 700; color: #fff8f2\">Encontre os melhores im\u00f3veis na Vila Madalena!<\/span><\/span><\/h2>\n<\/div>\n<\/div>\n<div style=\"position:absolute;pointer-events:none;left:12.62136%;top:55.66343%;width:71.60194%;height:14.56311%;opacity:1\">\n<div style=\"pointer-events:initial;width:100%;height:100%;display:block;position:absolute;top:0;left:0;z-index:0;border-radius:0.6779661016949152% 0.6779661016949152% 0.6779661016949152% 0.6779661016949152% \/ 2.2222222222222223% 2.2222222222222223% 2.2222222222222223% 2.2222222222222223%\" id=\"el-023417bf-d054-4864-861f-96ae0bad93a0\">\n<p class=\"fill text-wrapper\" style=\"white-space:pre-line;overflow-wrap:break-word;word-break:break-word;margin:-0.0905720338983052% 0;font-family:&quot;Roboto&quot;,sans-serif;font-size:0.307443em;line-height:1.2;text-align:center;padding:0;color:#000000\"><span><span style=\"color: #721e34\">Com a <\/span><span style=\"font-weight: 700; color: #721e34\">Zimmermann<\/span><span style=\"color: #721e34\">, voc\u00ea descobre im\u00f3veis incr\u00edveis na <\/span><span style=\"font-weight: 700; color: #721e34\">Vila Madalena <\/span><span style=\"color: #721e34\">e aproveita todas as vantagens da regi\u00e3o.<\/span><\/span><\/p>\n<\/div>\n<\/div>\n<div style=\"position:absolute;pointer-events:none;left:6.79612%;top:0;width:41.74757%;height:4.20712%;opacity:1\">\n<div style=\"pointer-events:initial;width:100%;height:100%;display:block;position:absolute;top:0;left:0;z-index:0\" class=\"mask\" id=\"el-5f5e0ee1-2eff-40a6-931f-e6fceb9d0911\">\n<div style=\"position:absolute;width:100%;height:100.38519%;left:0%;top:-0.37277%\" data-leaf-element=\"true\"><amp-img layout=\"fill\" src=\"https:\/\/www.zimoveis.com.br\/blog\/wp-content\/uploads\/2025\/01\/logo-thin.png\" alt=\"\" srcSet=\"https:\/\/www.zimoveis.com.br\/blog\/wp-content\/uploads\/2025\/01\/logo-thin.png 1318w\" sizes=\"(min-width: 1024px) 19vh, 42vw\" disable-inline-width=\"true\"><\/amp-img><\/div>\n<\/div>\n<\/div>\n<\/div>\n<\/div>\n<p><\/amp-story-grid-layer><amp-story-page-outlink layout=\"nodisplay\" cta-image=\"https:\/\/www.zimoveis.com.br\/blog\/wp-content\/uploads\/2022\/07\/cropped-cropped-Logo-Zimoveis-PSD-1.png\" theme=\"light\"><a href=\"https:\/\/www.zimoveis.com.br\/buscar-imoveis?bairros=vila-madalena\" rel=\"\">Aptos Vila Madalena<\/a><\/amp-story-page-outlink><\/amp-story-page><\/amp-story><\/body><\/html><\/p>\n","protected":false},"excerpt":{"rendered":"<p>Explore a Vila Madalena, o cora\u00e7\u00e3o bo\u00eamio de SP! Arte, cultura, bares e vida noturna agitam o bairro mais vibrante da cidade. Descubra o que faz essa regi\u00e3o t\u00e3o especial!<\/p>\n","protected":false},"author":1,"featured_media":2447,"template":"","meta":{"web_stories_publisher_logo":1985,"web_stories_poster":[],"web_stories_products":[],"footnotes":""},"web_story_category":[],"web_story_tag":[],"class_list":["post-2446","web-story","type-web-story","status-publish","has-post-thumbnail","hentry"],"yoast_head":"<!-- This site is optimized with the Yoast SEO plugin v22.9 - https:\/\/yoast.com\/wordpress\/plugins\/seo\/ -->\n<title>Vila Madalena, o cora\u00e7\u00e3o da boemia paulistana - Blog Zimmermann Im\u00f3veis<\/title>\n<meta name=\"description\" content=\"Explore a Vila Madalena, o cora\u00e7\u00e3o bo\u00eamio de SP! Arte, cultura, bares e vida noturna agitam o bairro mais vibrante da cidade. Descubra o que faz essa regi\u00e3o t\u00e3o especial!\" \/>\n<meta name=\"robots\" content=\"index, follow, max-snippet:-1, max-image-preview:large, max-video-preview:-1\" \/>\n<link rel=\"canonical\" href=\"https:\/\/www.zimoveis.com.br\/blog\/web-stories\/vila-madalena\/\" \/>\n<meta property=\"og:locale\" content=\"pt_BR\" \/>\n<meta property=\"og:type\" content=\"article\" \/>\n<meta property=\"og:title\" content=\"Vila Madalena, o cora\u00e7\u00e3o da boemia paulistana - Blog Zimmermann Im\u00f3veis\" \/>\n<meta property=\"og:description\" content=\"Explore a Vila Madalena, o cora\u00e7\u00e3o bo\u00eamio de SP! Arte, cultura, bares e vida noturna agitam o bairro mais vibrante da cidade. Descubra o que faz essa regi\u00e3o t\u00e3o especial!\" \/>\n<meta property=\"og:url\" content=\"https:\/\/www.zimoveis.com.br\/blog\/web-stories\/vila-madalena\/\" \/>\n<meta property=\"og:site_name\" content=\"Blog Zimmermann Im\u00f3veis\" \/>\n<meta property=\"article:publisher\" content=\"https:\/\/www.facebook.com\/zimoveis.com.br\/\" \/>\n<meta property=\"article:modified_time\" content=\"2025-04-09T22:30:43+00:00\" \/>\n<meta property=\"og:image\" content=\"https:\/\/www.zimoveis.com.br\/blog\/wp-content\/uploads\/2025\/02\/cropped-bairros-nobres-de-sao-paulo-vila-madalena.jpg\" \/>\n\t<meta property=\"og:image:width\" content=\"640\" \/>\n\t<meta property=\"og:image:height\" content=\"853\" \/>\n\t<meta property=\"og:image:type\" content=\"image\/jpeg\" \/>\n<meta name=\"twitter:card\" content=\"summary_large_image\" \/>\n<script type=\"application\/ld+json\" class=\"yoast-schema-graph\">{\"@context\":\"https:\/\/schema.org\",\"@graph\":[{\"@type\":\"Article\",\"@id\":\"https:\/\/www.zimoveis.com.br\/blog\/web-stories\/vila-madalena\/#article\",\"isPartOf\":{\"@id\":\"https:\/\/www.zimoveis.com.br\/blog\/web-stories\/vila-madalena\/\"},\"author\":{\"name\":\"Zimmermann Im\u00f3veis\",\"@id\":\"https:\/\/www.zimoveis.com.br\/blog\/#\/schema\/person\/8a6849bab5d76c6c854de7675dffab70\"},\"headline\":\"Vila Madalena, o cora\u00e7\u00e3o da boemia paulistana\",\"datePublished\":\"2025-04-09T22:30:41+00:00\",\"dateModified\":\"2025-04-09T22:30:43+00:00\",\"mainEntityOfPage\":{\"@id\":\"https:\/\/www.zimoveis.com.br\/blog\/web-stories\/vila-madalena\/\"},\"wordCount\":355,\"publisher\":{\"@id\":\"https:\/\/www.zimoveis.com.br\/blog\/#organization\"},\"image\":{\"@id\":\"https:\/\/www.zimoveis.com.br\/blog\/web-stories\/vila-madalena\/#primaryimage\"},\"thumbnailUrl\":\"https:\/\/www.zimoveis.com.br\/blog\/wp-content\/uploads\/2025\/02\/cropped-bairros-nobres-de-sao-paulo-vila-madalena.jpg\",\"inLanguage\":\"pt-BR\"},{\"@type\":\"WebPage\",\"@id\":\"https:\/\/www.zimoveis.com.br\/blog\/web-stories\/vila-madalena\/\",\"url\":\"https:\/\/www.zimoveis.com.br\/blog\/web-stories\/vila-madalena\/\",\"name\":\"Vila Madalena, o cora\u00e7\u00e3o da boemia paulistana - Blog Zimmermann Im\u00f3veis\",\"isPartOf\":{\"@id\":\"https:\/\/www.zimoveis.com.br\/blog\/#website\"},\"primaryImageOfPage\":{\"@id\":\"https:\/\/www.zimoveis.com.br\/blog\/web-stories\/vila-madalena\/#primaryimage\"},\"image\":{\"@id\":\"https:\/\/www.zimoveis.com.br\/blog\/web-stories\/vila-madalena\/#primaryimage\"},\"thumbnailUrl\":\"https:\/\/www.zimoveis.com.br\/blog\/wp-content\/uploads\/2025\/02\/cropped-bairros-nobres-de-sao-paulo-vila-madalena.jpg\",\"datePublished\":\"2025-04-09T22:30:41+00:00\",\"dateModified\":\"2025-04-09T22:30:43+00:00\",\"breadcrumb\":{\"@id\":\"https:\/\/www.zimoveis.com.br\/blog\/web-stories\/vila-madalena\/#breadcrumb\"},\"inLanguage\":\"pt-BR\",\"potentialAction\":[{\"@type\":\"ReadAction\",\"target\":[\"https:\/\/www.zimoveis.com.br\/blog\/web-stories\/vila-madalena\/\"]}]},{\"@type\":\"ImageObject\",\"inLanguage\":\"pt-BR\",\"@id\":\"https:\/\/www.zimoveis.com.br\/blog\/web-stories\/vila-madalena\/#primaryimage\",\"url\":\"https:\/\/www.zimoveis.com.br\/blog\/wp-content\/uploads\/2025\/02\/cropped-bairros-nobres-de-sao-paulo-vila-madalena.jpg\",\"contentUrl\":\"https:\/\/www.zimoveis.com.br\/blog\/wp-content\/uploads\/2025\/02\/cropped-bairros-nobres-de-sao-paulo-vila-madalena.jpg\",\"width\":640,\"height\":853,\"caption\":\"bairros nobres de sao paulo vila madalena\"},{\"@type\":\"BreadcrumbList\",\"@id\":\"https:\/\/www.zimoveis.com.br\/blog\/web-stories\/vila-madalena\/#breadcrumb\",\"itemListElement\":[{\"@type\":\"ListItem\",\"position\":1,\"name\":\"Home\",\"item\":\"https:\/\/www.zimoveis.com.br\/blog\/\"},{\"@type\":\"ListItem\",\"position\":2,\"name\":\"Stories\",\"item\":\"https:\/\/www.zimoveis.com.br\/blog\/web-stories\/\"},{\"@type\":\"ListItem\",\"position\":3,\"name\":\"Vila Madalena, o cora\u00e7\u00e3o da boemia paulistana\"}]},{\"@type\":\"WebSite\",\"@id\":\"https:\/\/www.zimoveis.com.br\/blog\/#website\",\"url\":\"https:\/\/www.zimoveis.com.br\/blog\/\",\"name\":\"Blog Zimmermann Im\u00f3veis\",\"description\":\"Artigos e Not\u00edcias sobre o Mercado Imobili\u00e1rio\",\"publisher\":{\"@id\":\"https:\/\/www.zimoveis.com.br\/blog\/#organization\"},\"potentialAction\":[{\"@type\":\"SearchAction\",\"target\":{\"@type\":\"EntryPoint\",\"urlTemplate\":\"https:\/\/www.zimoveis.com.br\/blog\/?s={search_term_string}\"},\"query-input\":\"required name=search_term_string\"}],\"inLanguage\":\"pt-BR\"},{\"@type\":\"Organization\",\"@id\":\"https:\/\/www.zimoveis.com.br\/blog\/#organization\",\"name\":\"Zimmermann Im\u00f3veis\",\"url\":\"https:\/\/www.zimoveis.com.br\/blog\/\",\"logo\":{\"@type\":\"ImageObject\",\"inLanguage\":\"pt-BR\",\"@id\":\"https:\/\/www.zimoveis.com.br\/blog\/#\/schema\/logo\/image\/\",\"url\":\"https:\/\/www.zimoveis.com.br\/blog\/wp-content\/uploads\/2022\/07\/Logo-Zimoveis-PSD-1.png\",\"contentUrl\":\"https:\/\/www.zimoveis.com.br\/blog\/wp-content\/uploads\/2022\/07\/Logo-Zimoveis-PSD-1.png\",\"width\":2977,\"height\":1727,\"caption\":\"Zimmermann Im\u00f3veis\"},\"image\":{\"@id\":\"https:\/\/www.zimoveis.com.br\/blog\/#\/schema\/logo\/image\/\"},\"sameAs\":[\"https:\/\/www.facebook.com\/zimoveis.com.br\/\",\"https:\/\/www.linkedin.com\/company\/zimmermann-imveis\/about\/\",\"https:\/\/www.instagram.com\/zimoveis\/\",\"https:\/\/www.youtube.com\/channel\/UCheuj0pESCyVf214X1QJ1dw\"]},{\"@type\":\"Person\",\"@id\":\"https:\/\/www.zimoveis.com.br\/blog\/#\/schema\/person\/8a6849bab5d76c6c854de7675dffab70\",\"name\":\"Zimmermann Im\u00f3veis\",\"image\":{\"@type\":\"ImageObject\",\"inLanguage\":\"pt-BR\",\"@id\":\"https:\/\/www.zimoveis.com.br\/blog\/#\/schema\/person\/image\/\",\"url\":\"https:\/\/secure.gravatar.com\/avatar\/97d58cadbdf367142ab95d3dd60b65fd?s=96&d=mm&r=g\",\"contentUrl\":\"https:\/\/secure.gravatar.com\/avatar\/97d58cadbdf367142ab95d3dd60b65fd?s=96&d=mm&r=g\",\"caption\":\"Zimmermann Im\u00f3veis\"},\"sameAs\":[\"https:\/\/www.zimoveis.com.br\/blog\"],\"url\":\"https:\/\/www.zimoveis.com.br\/blog\/author\/zimoveis\/\"}]}<\/script>\n<!-- \/ Yoast SEO plugin. -->","yoast_head_json":{"title":"Vila Madalena, o cora\u00e7\u00e3o da boemia paulistana - Blog Zimmermann Im\u00f3veis","description":"Explore a Vila Madalena, o cora\u00e7\u00e3o bo\u00eamio de SP! Arte, cultura, bares e vida noturna agitam o bairro mais vibrante da cidade. Descubra o que faz essa regi\u00e3o t\u00e3o especial!","robots":{"index":"index","follow":"follow","max-snippet":"max-snippet:-1","max-image-preview":"max-image-preview:large","max-video-preview":"max-video-preview:-1"},"canonical":"https:\/\/www.zimoveis.com.br\/blog\/web-stories\/vila-madalena\/","og_locale":"pt_BR","og_type":"article","og_title":"Vila Madalena, o cora\u00e7\u00e3o da boemia paulistana - Blog Zimmermann Im\u00f3veis","og_description":"Explore a Vila Madalena, o cora\u00e7\u00e3o bo\u00eamio de SP! Arte, cultura, bares e vida noturna agitam o bairro mais vibrante da cidade. Descubra o que faz essa regi\u00e3o t\u00e3o especial!","og_url":"https:\/\/www.zimoveis.com.br\/blog\/web-stories\/vila-madalena\/","og_site_name":"Blog Zimmermann Im\u00f3veis","article_publisher":"https:\/\/www.facebook.com\/zimoveis.com.br\/","article_modified_time":"2025-04-09T22:30:43+00:00","og_image":[{"width":640,"height":853,"url":"https:\/\/www.zimoveis.com.br\/blog\/wp-content\/uploads\/2025\/02\/cropped-bairros-nobres-de-sao-paulo-vila-madalena.jpg","type":"image\/jpeg"}],"twitter_card":"summary_large_image","schema":{"@context":"https:\/\/schema.org","@graph":[{"@type":"Article","@id":"https:\/\/www.zimoveis.com.br\/blog\/web-stories\/vila-madalena\/#article","isPartOf":{"@id":"https:\/\/www.zimoveis.com.br\/blog\/web-stories\/vila-madalena\/"},"author":{"name":"Zimmermann Im\u00f3veis","@id":"https:\/\/www.zimoveis.com.br\/blog\/#\/schema\/person\/8a6849bab5d76c6c854de7675dffab70"},"headline":"Vila Madalena, o cora\u00e7\u00e3o da boemia paulistana","datePublished":"2025-04-09T22:30:41+00:00","dateModified":"2025-04-09T22:30:43+00:00","mainEntityOfPage":{"@id":"https:\/\/www.zimoveis.com.br\/blog\/web-stories\/vila-madalena\/"},"wordCount":355,"publisher":{"@id":"https:\/\/www.zimoveis.com.br\/blog\/#organization"},"image":{"@id":"https:\/\/www.zimoveis.com.br\/blog\/web-stories\/vila-madalena\/#primaryimage"},"thumbnailUrl":"https:\/\/www.zimoveis.com.br\/blog\/wp-content\/uploads\/2025\/02\/cropped-bairros-nobres-de-sao-paulo-vila-madalena.jpg","inLanguage":"pt-BR"},{"@type":"WebPage","@id":"https:\/\/www.zimoveis.com.br\/blog\/web-stories\/vila-madalena\/","url":"https:\/\/www.zimoveis.com.br\/blog\/web-stories\/vila-madalena\/","name":"Vila Madalena, o cora\u00e7\u00e3o da boemia paulistana - Blog Zimmermann Im\u00f3veis","isPartOf":{"@id":"https:\/\/www.zimoveis.com.br\/blog\/#website"},"primaryImageOfPage":{"@id":"https:\/\/www.zimoveis.com.br\/blog\/web-stories\/vila-madalena\/#primaryimage"},"image":{"@id":"https:\/\/www.zimoveis.com.br\/blog\/web-stories\/vila-madalena\/#primaryimage"},"thumbnailUrl":"https:\/\/www.zimoveis.com.br\/blog\/wp-content\/uploads\/2025\/02\/cropped-bairros-nobres-de-sao-paulo-vila-madalena.jpg","datePublished":"2025-04-09T22:30:41+00:00","dateModified":"2025-04-09T22:30:43+00:00","breadcrumb":{"@id":"https:\/\/www.zimoveis.com.br\/blog\/web-stories\/vila-madalena\/#breadcrumb"},"inLanguage":"pt-BR","potentialAction":[{"@type":"ReadAction","target":["https:\/\/www.zimoveis.com.br\/blog\/web-stories\/vila-madalena\/"]}]},{"@type":"ImageObject","inLanguage":"pt-BR","@id":"https:\/\/www.zimoveis.com.br\/blog\/web-stories\/vila-madalena\/#primaryimage","url":"https:\/\/www.zimoveis.com.br\/blog\/wp-content\/uploads\/2025\/02\/cropped-bairros-nobres-de-sao-paulo-vila-madalena.jpg","contentUrl":"https:\/\/www.zimoveis.com.br\/blog\/wp-content\/uploads\/2025\/02\/cropped-bairros-nobres-de-sao-paulo-vila-madalena.jpg","width":640,"height":853,"caption":"bairros nobres de sao paulo vila madalena"},{"@type":"BreadcrumbList","@id":"https:\/\/www.zimoveis.com.br\/blog\/web-stories\/vila-madalena\/#breadcrumb","itemListElement":[{"@type":"ListItem","position":1,"name":"Home","item":"https:\/\/www.zimoveis.com.br\/blog\/"},{"@type":"ListItem","position":2,"name":"Stories","item":"https:\/\/www.zimoveis.com.br\/blog\/web-stories\/"},{"@type":"ListItem","position":3,"name":"Vila Madalena, o cora\u00e7\u00e3o da boemia paulistana"}]},{"@type":"WebSite","@id":"https:\/\/www.zimoveis.com.br\/blog\/#website","url":"https:\/\/www.zimoveis.com.br\/blog\/","name":"Blog Zimmermann Im\u00f3veis","description":"Artigos e Not\u00edcias sobre o Mercado Imobili\u00e1rio","publisher":{"@id":"https:\/\/www.zimoveis.com.br\/blog\/#organization"},"potentialAction":[{"@type":"SearchAction","target":{"@type":"EntryPoint","urlTemplate":"https:\/\/www.zimoveis.com.br\/blog\/?s={search_term_string}"},"query-input":"required name=search_term_string"}],"inLanguage":"pt-BR"},{"@type":"Organization","@id":"https:\/\/www.zimoveis.com.br\/blog\/#organization","name":"Zimmermann Im\u00f3veis","url":"https:\/\/www.zimoveis.com.br\/blog\/","logo":{"@type":"ImageObject","inLanguage":"pt-BR","@id":"https:\/\/www.zimoveis.com.br\/blog\/#\/schema\/logo\/image\/","url":"https:\/\/www.zimoveis.com.br\/blog\/wp-content\/uploads\/2022\/07\/Logo-Zimoveis-PSD-1.png","contentUrl":"https:\/\/www.zimoveis.com.br\/blog\/wp-content\/uploads\/2022\/07\/Logo-Zimoveis-PSD-1.png","width":2977,"height":1727,"caption":"Zimmermann Im\u00f3veis"},"image":{"@id":"https:\/\/www.zimoveis.com.br\/blog\/#\/schema\/logo\/image\/"},"sameAs":["https:\/\/www.facebook.com\/zimoveis.com.br\/","https:\/\/www.linkedin.com\/company\/zimmermann-imveis\/about\/","https:\/\/www.instagram.com\/zimoveis\/","https:\/\/www.youtube.com\/channel\/UCheuj0pESCyVf214X1QJ1dw"]},{"@type":"Person","@id":"https:\/\/www.zimoveis.com.br\/blog\/#\/schema\/person\/8a6849bab5d76c6c854de7675dffab70","name":"Zimmermann Im\u00f3veis","image":{"@type":"ImageObject","inLanguage":"pt-BR","@id":"https:\/\/www.zimoveis.com.br\/blog\/#\/schema\/person\/image\/","url":"https:\/\/secure.gravatar.com\/avatar\/97d58cadbdf367142ab95d3dd60b65fd?s=96&d=mm&r=g","contentUrl":"https:\/\/secure.gravatar.com\/avatar\/97d58cadbdf367142ab95d3dd60b65fd?s=96&d=mm&r=g","caption":"Zimmermann Im\u00f3veis"},"sameAs":["https:\/\/www.zimoveis.com.br\/blog"],"url":"https:\/\/www.zimoveis.com.br\/blog\/author\/zimoveis\/"}]}},"story_data":{"version":47,"pages":[{"elements":[{"opacity":100,"flip":{"vertical":false,"horizontal":false},"rotationAngle":0,"lockAspectRatio":false,"scale":100,"focalX":50,"focalY":50,"resource":{"type":"image","mimeType":"image\/jpeg","width":720,"height":1280,"sizes":{"medium":{"file":"bairros-nobres-de-sao-paulo-vila-madalena-250x444.jpg","width":250,"height":444,"filesize":31634,"mimeType":"image\/jpeg","sourceUrl":"https:\/\/www.zimoveis.com.br\/blog\/wp-content\/uploads\/2025\/02\/bairros-nobres-de-sao-paulo-vila-madalena-250x444.jpg"},"large":{"file":"bairros-nobres-de-sao-paulo-vila-madalena-700x1244.jpg","width":700,"height":1244,"filesize":186611,"mimeType":"image\/jpeg","sourceUrl":"https:\/\/www.zimoveis.com.br\/blog\/wp-content\/uploads\/2025\/02\/bairros-nobres-de-sao-paulo-vila-madalena-700x1244.jpg"},"thumbnail":{"file":"bairros-nobres-de-sao-paulo-vila-madalena-150x150.jpg","width":150,"height":150,"filesize":8318,"mimeType":"image\/jpeg","sourceUrl":"https:\/\/www.zimoveis.com.br\/blog\/wp-content\/uploads\/2025\/02\/bairros-nobres-de-sao-paulo-vila-madalena-150x150.jpg"},"small":{"file":"bairros-nobres-de-sao-paulo-vila-madalena-120x213.jpg","width":120,"height":213,"filesize":8395,"mimeType":"image\/jpeg","sourceUrl":"https:\/\/www.zimoveis.com.br\/blog\/wp-content\/uploads\/2025\/02\/bairros-nobres-de-sao-paulo-vila-madalena-120x213.jpg"},"custom-size":{"file":"bairros-nobres-de-sao-paulo-vila-madalena-700x200.jpg","width":700,"height":200,"filesize":34875,"mimeType":"image\/jpeg","sourceUrl":"https:\/\/www.zimoveis.com.br\/blog\/wp-content\/uploads\/2025\/02\/bairros-nobres-de-sao-paulo-vila-madalena-700x200.jpg"},"web-stories-poster-portrait":{"file":"bairros-nobres-de-sao-paulo-vila-madalena-640x853.jpg","width":640,"height":853,"filesize":136935,"mimeType":"image\/jpeg","sourceUrl":"https:\/\/www.zimoveis.com.br\/blog\/wp-content\/uploads\/2025\/02\/bairros-nobres-de-sao-paulo-vila-madalena-640x853.jpg"},"web-stories-publisher-logo":{"file":"bairros-nobres-de-sao-paulo-vila-madalena-96x96.jpg","width":96,"height":96,"filesize":3826,"mimeType":"image\/jpeg","sourceUrl":"https:\/\/www.zimoveis.com.br\/blog\/wp-content\/uploads\/2025\/02\/bairros-nobres-de-sao-paulo-vila-madalena-96x96.jpg"},"web-stories-thumbnail":{"file":"bairros-nobres-de-sao-paulo-vila-madalena-150x267.jpg","width":150,"height":267,"filesize":12538,"mimeType":"image\/jpeg","sourceUrl":"https:\/\/www.zimoveis.com.br\/blog\/wp-content\/uploads\/2025\/02\/bairros-nobres-de-sao-paulo-vila-madalena-150x267.jpg"},"full":{"file":"bairros-nobres-de-sao-paulo-vila-madalena.jpg","width":720,"height":1280,"mimeType":"image\/jpeg","sourceUrl":"https:\/\/www.zimoveis.com.br\/blog\/wp-content\/uploads\/2025\/02\/bairros-nobres-de-sao-paulo-vila-madalena.jpg"}},"isPlaceholder":false,"isExternal":false,"needsProxy":false,"baseColor":"#1b1d1b","blurHash":"UK7nzcWBjZof.TWBayj[tnWBayaetmofj[WB","creationDate":"2025-02-01T04:42:10","src":"https:\/\/www.zimoveis.com.br\/blog\/wp-content\/uploads\/2025\/02\/bairros-nobres-de-sao-paulo-vila-madalena.jpg","id":2134,"alt":"bairros nobres de sao paulo vila madalena","local":false},"type":"image","x":48,"y":0,"width":330,"height":586,"mask":{"type":"rectangle","showInLibrary":true,"name":"Rectangle","path":"M 0,0 1,0 1,1 0,1 0,0 Z","ratio":1,"supportsBorder":true},"id":"dbfd5a49-6200-4f2e-accc-31e6b82010db","isBackground":true,"isHidden":false,"alt":"Panor\u00e2mica do bairro Vila Madalena em S\u00e3o Paulo"},{"opacity":100,"flip":{"vertical":false,"horizontal":false},"rotationAngle":0,"lockAspectRatio":false,"backgroundColor":{"color":{"r":255,"g":255,"b":255}},"width":224,"height":33,"x":-7,"y":-5,"mask":{"type":"rectangle"},"id":"26dbbfe1-6737-4e9c-a903-5de5ad81f2c1","type":"shape","borderRadius":{"locked":true,"topLeft":20,"topRight":20,"bottomRight":20,"bottomLeft":20}},{"opacity":100,"flip":{"vertical":false,"horizontal":false},"rotationAngle":0,"lockAspectRatio":false,"backgroundColor":{"color":{"r":114,"g":30,"b":52,"a":0.6}},"type":"shape","x":47,"y":404,"width":317,"height":98,"mask":{"type":"rectangle"},"id":"5e9bbca5-9939-4fb0-a107-68d39f263084","borderRadius":{"locked":true,"topLeft":20,"topRight":20,"bottomRight":20,"bottomLeft":20}},{"opacity":100,"flip":{"vertical":false,"horizontal":false},"rotationAngle":0,"lockAspectRatio":false,"backgroundColor":{"color":{"r":255,"g":248,"b":242,"a":0.8}},"width":310,"height":74,"x":51,"y":486,"mask":{"type":"rectangle"},"id":"11e0ebd1-587b-48e2-86db-74a4ed41b879","type":"shape","borderRadius":{"locked":true,"topLeft":20,"topRight":20,"bottomRight":20,"bottomLeft":20}},{"opacity":100,"flip":{"vertical":false,"horizontal":false},"rotationAngle":0,"lockAspectRatio":true,"backgroundTextMode":"NONE","font":{"family":"Roboto"},"fontSize":38,"backgroundColor":{"color":{"r":196,"g":196,"b":196}},"lineHeight":1,"textAlign":"center","padding":{"locked":true,"horizontal":0,"vertical":0},"type":"text","content":"<span style=\"font-weight: 700; color: #fff\">Vila Madalena<\/span>","borderRadius":{"locked":true,"topLeft":2,"topRight":2,"bottomRight":2,"bottomLeft":2},"x":47,"y":431,"width":317,"height":45,"id":"409d1f48-430b-4661-a45c-d216ffae3359","tagName":"h1"},{"opacity":100,"flip":{"vertical":false,"horizontal":false},"rotationAngle":0,"lockAspectRatio":true,"backgroundTextMode":"NONE","font":{"family":"Roboto"},"fontSize":20,"backgroundColor":{"color":{"r":196,"g":196,"b":196}},"lineHeight":1.2,"textAlign":"center","padding":{"locked":true,"hasHiddenPadding":false,"horizontal":0,"vertical":0},"content":"<span style=\"font-weight: 700; color: #721e34\">Conhe\u00e7a o bairro cora\u00e7\u00e3o da bo\u00eamia paulistana<\/span>","x":61,"y":502,"width":290,"borderRadius":{"locked":true,"topLeft":2,"topRight":2,"bottomRight":2,"bottomLeft":2},"height":48,"id":"ecf3e667-303c-4160-abc6-1d0d693a7a25","type":"text","tagName":"p"},{"opacity":100,"flip":{"vertical":false,"horizontal":false},"rotationAngle":0,"lockAspectRatio":false,"scale":99.64231578947368,"focalX":50.48636147351351,"focalY":50.17948409151892,"resource":{"type":"image","mimeType":"image\/png","width":1318,"height":200,"sizes":{"medium":{"file":"logo-thin-250x38.png","width":250,"height":38,"filesize":3708,"mimeType":"image\/png","sourceUrl":"https:\/\/www.zimoveis.com.br\/blog\/wp-content\/uploads\/2025\/01\/logo-thin-250x38.png"},"large":{"file":"logo-thin-700x106.png","width":700,"height":106,"filesize":13839,"mimeType":"image\/png","sourceUrl":"https:\/\/www.zimoveis.com.br\/blog\/wp-content\/uploads\/2025\/01\/logo-thin-700x106.png"},"thumbnail":{"file":"logo-thin-150x150.png","width":150,"height":150,"filesize":3048,"mimeType":"image\/png","sourceUrl":"https:\/\/www.zimoveis.com.br\/blog\/wp-content\/uploads\/2025\/01\/logo-thin-150x150.png"},"medium_large":{"file":"logo-thin-768x117.png","width":768,"height":117,"filesize":15555,"mimeType":"image\/png","sourceUrl":"https:\/\/www.zimoveis.com.br\/blog\/wp-content\/uploads\/2025\/01\/logo-thin-768x117.png"},"small":{"file":"logo-thin-120x18.png","width":120,"height":18,"filesize":1526,"mimeType":"image\/png","sourceUrl":"https:\/\/www.zimoveis.com.br\/blog\/wp-content\/uploads\/2025\/01\/logo-thin-120x18.png"},"custom-size":{"file":"logo-thin-700x200.png","width":700,"height":200,"filesize":4880,"mimeType":"image\/png","sourceUrl":"https:\/\/www.zimoveis.com.br\/blog\/wp-content\/uploads\/2025\/01\/logo-thin-700x200.png"},"web-stories-poster-portrait":{"file":"logo-thin-640x200.png","width":640,"height":200,"filesize":4744,"mimeType":"image\/png","sourceUrl":"https:\/\/www.zimoveis.com.br\/blog\/wp-content\/uploads\/2025\/01\/logo-thin-640x200.png"},"web-stories-publisher-logo":{"file":"logo-thin-96x96.png","width":96,"height":96,"filesize":1781,"mimeType":"image\/png","sourceUrl":"https:\/\/www.zimoveis.com.br\/blog\/wp-content\/uploads\/2025\/01\/logo-thin-96x96.png"},"web-stories-thumbnail":{"file":"logo-thin-150x23.png","width":150,"height":23,"filesize":2006,"mimeType":"image\/png","sourceUrl":"https:\/\/www.zimoveis.com.br\/blog\/wp-content\/uploads\/2025\/01\/logo-thin-150x23.png"},"full":{"file":"logo-thin.png","width":1318,"height":200,"mimeType":"image\/png","sourceUrl":"https:\/\/www.zimoveis.com.br\/blog\/wp-content\/uploads\/2025\/01\/logo-thin.png"}},"isPlaceholder":false,"isExternal":false,"needsProxy":false,"baseColor":"#cc2427","blurHash":"U54K54|_|_]n$O$P$O$PJjJ*OBOBNvNvNvNv","creationDate":"2025-01-15T19:35:58","src":"https:\/\/www.zimoveis.com.br\/blog\/wp-content\/uploads\/2025\/01\/logo-thin.png","id":1985,"alt":"","local":false},"x":28,"y":0,"width":172,"height":26,"mask":{"type":"rectangle","showInLibrary":true,"name":"Rectangle","path":"M 0,0 1,0 1,1 0,1 0,0 Z","ratio":1,"supportsBorder":true},"id":"f701f1f6-a0b3-4df9-8c0d-39371037b9e3","type":"image"}],"animations":[],"backgroundColor":{"color":{"r":255,"g":255,"b":255}},"type":"page","id":"f1bd71af-ab18-4da6-ac5b-5cda241c9ccb","defaultBackgroundElement":{"opacity":100,"flip":{"vertical":false,"horizontal":false},"rotationAngle":0,"lockAspectRatio":true,"backgroundColor":{"color":{"r":255,"g":255,"b":255}},"x":1,"y":1,"width":1,"height":1,"mask":{"type":"rectangle"},"isBackground":true,"isDefaultBackground":true,"type":"shape","id":"b4a79d54-2076-43d1-a954-5e2e74a5c148"},"pageTemplateType":"cover"},{"elements":[{"opacity":100,"flip":{"vertical":false,"horizontal":false},"rotationAngle":0,"lockAspectRatio":false,"scale":100,"focalX":50,"focalY":50,"resource":{"type":"image","mimeType":"image\/jpeg","width":720,"height":1280,"sizes":{"medium":{"file":"Vila-Madalena-250x444.jpg","width":250,"height":444,"filesize":28718,"mimeType":"image\/jpeg","sourceUrl":"https:\/\/www.zimoveis.com.br\/blog\/wp-content\/uploads\/2025\/03\/Vila-Madalena-250x444.jpg"},"large":{"file":"Vila-Madalena-700x1244.jpg","width":700,"height":1244,"filesize":165736,"mimeType":"image\/jpeg","sourceUrl":"https:\/\/www.zimoveis.com.br\/blog\/wp-content\/uploads\/2025\/03\/Vila-Madalena-700x1244.jpg"},"thumbnail":{"file":"Vila-Madalena-150x150.jpg","width":150,"height":150,"filesize":7714,"mimeType":"image\/jpeg","sourceUrl":"https:\/\/www.zimoveis.com.br\/blog\/wp-content\/uploads\/2025\/03\/Vila-Madalena-150x150.jpg"},"small":{"file":"Vila-Madalena-120x213.jpg","width":120,"height":213,"filesize":7993,"mimeType":"image\/jpeg","sourceUrl":"https:\/\/www.zimoveis.com.br\/blog\/wp-content\/uploads\/2025\/03\/Vila-Madalena-120x213.jpg"},"custom-size":{"file":"Vila-Madalena-700x200.jpg","width":700,"height":200,"filesize":32062,"mimeType":"image\/jpeg","sourceUrl":"https:\/\/www.zimoveis.com.br\/blog\/wp-content\/uploads\/2025\/03\/Vila-Madalena-700x200.jpg"},"web-stories-poster-portrait":{"file":"Vila-Madalena-640x853.jpg","width":640,"height":853,"filesize":121832,"mimeType":"image\/jpeg","sourceUrl":"https:\/\/www.zimoveis.com.br\/blog\/wp-content\/uploads\/2025\/03\/Vila-Madalena-640x853.jpg"},"web-stories-publisher-logo":{"file":"Vila-Madalena-96x96.jpg","width":96,"height":96,"filesize":3689,"mimeType":"image\/jpeg","sourceUrl":"https:\/\/www.zimoveis.com.br\/blog\/wp-content\/uploads\/2025\/03\/Vila-Madalena-96x96.jpg"},"web-stories-thumbnail":{"file":"Vila-Madalena-150x267.jpg","width":150,"height":267,"filesize":11600,"mimeType":"image\/jpeg","sourceUrl":"https:\/\/www.zimoveis.com.br\/blog\/wp-content\/uploads\/2025\/03\/Vila-Madalena-150x267.jpg"},"full":{"file":"Vila-Madalena.jpg","width":720,"height":1280,"mimeType":"image\/jpeg","sourceUrl":"https:\/\/www.zimoveis.com.br\/blog\/wp-content\/uploads\/2025\/03\/Vila-Madalena.jpg"}},"isPlaceholder":false,"isExternal":false,"needsProxy":false,"baseColor":"#70a0c4","blurHash":"Uj9RIgWBayj[%%fQayj[x_j[fQfQo~bHj[ay","creationDate":1742526090000,"src":"https:\/\/www.zimoveis.com.br\/blog\/wp-content\/uploads\/2025\/03\/Vila-Madalena.jpg","id":2462,"alt":"Panor\u00e2mica da Vila Madalena","local":false},"type":"image","x":48,"y":0,"width":330,"height":586,"mask":{"type":"rectangle","showInLibrary":true,"name":"Rectangle","path":"M 0,0 1,0 1,1 0,1 0,0 Z","ratio":1,"supportsBorder":true},"id":"b4f1e66a-cf35-4df7-8c56-d46f75cd7707","isBackground":true,"isHidden":false},{"opacity":100,"flip":{"vertical":false,"horizontal":false},"rotationAngle":0,"lockAspectRatio":false,"backgroundColor":{"color":{"r":114,"g":30,"b":52,"a":0.6}},"x":47,"y":321,"width":317,"height":88,"mask":{"type":"rectangle"},"id":"a12289ff-374f-44b4-a9a5-ba368435bfe3","borderRadius":{"locked":true,"topLeft":20,"topRight":20,"bottomRight":20,"bottomLeft":20},"type":"shape"},{"opacity":100,"flip":{"vertical":false,"horizontal":false},"rotationAngle":0,"lockAspectRatio":false,"backgroundColor":{"color":{"r":255,"g":255,"b":255}},"width":224,"height":33,"x":-7,"y":-5,"mask":{"type":"rectangle"},"id":"d43687a5-d9b0-4bc7-8653-4139bf8a67c5","type":"shape","borderRadius":{"locked":true,"topLeft":20,"topRight":20,"bottomRight":20,"bottomLeft":20}},{"opacity":100,"flip":{"vertical":false,"horizontal":false},"rotationAngle":0,"lockAspectRatio":false,"backgroundColor":{"color":{"r":255,"g":248,"b":242,"a":0.8}},"width":335,"height":174,"x":47,"y":408,"mask":{"type":"rectangle"},"id":"8b0a1304-1d4b-4635-ad8a-8117961e3fa8","type":"shape","borderRadius":{"locked":true,"topLeft":20,"topRight":20,"bottomRight":20,"bottomLeft":20}},{"opacity":100,"flip":{"vertical":false,"horizontal":false},"rotationAngle":0,"lockAspectRatio":false,"scale":99.64231578947368,"focalX":50.48636147351351,"focalY":50.17948409151892,"resource":{"type":"image","mimeType":"image\/png","width":1318,"height":200,"sizes":{"medium":{"file":"logo-thin-250x38.png","width":250,"height":38,"filesize":3708,"mimeType":"image\/png","sourceUrl":"https:\/\/www.zimoveis.com.br\/blog\/wp-content\/uploads\/2025\/01\/logo-thin-250x38.png"},"large":{"file":"logo-thin-700x106.png","width":700,"height":106,"filesize":13839,"mimeType":"image\/png","sourceUrl":"https:\/\/www.zimoveis.com.br\/blog\/wp-content\/uploads\/2025\/01\/logo-thin-700x106.png"},"thumbnail":{"file":"logo-thin-150x150.png","width":150,"height":150,"filesize":3048,"mimeType":"image\/png","sourceUrl":"https:\/\/www.zimoveis.com.br\/blog\/wp-content\/uploads\/2025\/01\/logo-thin-150x150.png"},"medium_large":{"file":"logo-thin-768x117.png","width":768,"height":117,"filesize":15555,"mimeType":"image\/png","sourceUrl":"https:\/\/www.zimoveis.com.br\/blog\/wp-content\/uploads\/2025\/01\/logo-thin-768x117.png"},"small":{"file":"logo-thin-120x18.png","width":120,"height":18,"filesize":1526,"mimeType":"image\/png","sourceUrl":"https:\/\/www.zimoveis.com.br\/blog\/wp-content\/uploads\/2025\/01\/logo-thin-120x18.png"},"custom-size":{"file":"logo-thin-700x200.png","width":700,"height":200,"filesize":4880,"mimeType":"image\/png","sourceUrl":"https:\/\/www.zimoveis.com.br\/blog\/wp-content\/uploads\/2025\/01\/logo-thin-700x200.png"},"web-stories-poster-portrait":{"file":"logo-thin-640x200.png","width":640,"height":200,"filesize":4744,"mimeType":"image\/png","sourceUrl":"https:\/\/www.zimoveis.com.br\/blog\/wp-content\/uploads\/2025\/01\/logo-thin-640x200.png"},"web-stories-publisher-logo":{"file":"logo-thin-96x96.png","width":96,"height":96,"filesize":1781,"mimeType":"image\/png","sourceUrl":"https:\/\/www.zimoveis.com.br\/blog\/wp-content\/uploads\/2025\/01\/logo-thin-96x96.png"},"web-stories-thumbnail":{"file":"logo-thin-150x23.png","width":150,"height":23,"filesize":2006,"mimeType":"image\/png","sourceUrl":"https:\/\/www.zimoveis.com.br\/blog\/wp-content\/uploads\/2025\/01\/logo-thin-150x23.png"},"full":{"file":"logo-thin.png","width":1318,"height":200,"mimeType":"image\/png","sourceUrl":"https:\/\/www.zimoveis.com.br\/blog\/wp-content\/uploads\/2025\/01\/logo-thin.png"}},"isPlaceholder":false,"isExternal":false,"needsProxy":false,"baseColor":"#cc2427","blurHash":"U54K54|_|_]n$O$P$O$PJjJ*OBOBNvNvNvNv","creationDate":"2025-01-15T19:35:58","src":"https:\/\/www.zimoveis.com.br\/blog\/wp-content\/uploads\/2025\/01\/logo-thin.png","id":1985,"alt":"","local":false},"x":28,"y":0,"width":172,"height":26,"mask":{"type":"rectangle","showInLibrary":true,"name":"Rectangle","path":"M 0,0 1,0 1,1 0,1 0,0 Z","ratio":1,"supportsBorder":true},"id":"131ff43e-b80d-49c7-b953-83baefe76a70","type":"image"},{"opacity":100,"flip":{"vertical":false,"horizontal":false},"rotationAngle":0,"lockAspectRatio":true,"backgroundTextMode":"NONE","font":{"family":"Roboto"},"fontSize":36,"backgroundColor":{"color":{"r":196,"g":196,"b":196}},"lineHeight":1.19,"textAlign":"center","padding":{"locked":true,"hasHiddenPadding":false,"horizontal":0,"vertical":0},"content":"<span style=\"font-weight: 700; color: #fff8f2\">Sobre o bairro<\/span>","x":85,"y":344,"width":242,"borderRadius":{"locked":true,"topLeft":2,"topRight":2,"bottomRight":2,"bottomLeft":2},"height":42,"type":"text","id":"c3ce401f-934a-45a3-82d9-b456b4e375b8","tagName":"h2"},{"opacity":100,"flip":{"vertical":false,"horizontal":false},"rotationAngle":0,"lockAspectRatio":true,"backgroundTextMode":"NONE","font":{"family":"Roboto"},"fontSize":19,"backgroundColor":{"color":{"r":196,"g":196,"b":196}},"lineHeight":1.2,"textAlign":"left","padding":{"locked":true,"hasHiddenPadding":false,"horizontal":0,"vertical":0},"content":"<span style=\"color: #721e34\">A Vila Madalena, na zona oeste de S\u00e3o Paulo, une cultura e infraestrutura de qualidade. Famosa por bares e arte urbana, como o Beco do Batman, \u00e9 <\/span><span style=\"font-weight: 700; color: #721e34\">um dos bairros mais charmosos da cidade.<\/span>","x":56,"y":427,"width":319,"borderRadius":{"locked":true,"topLeft":2,"topRight":2,"bottomRight":2,"bottomLeft":2},"type":"text","height":137,"id":"115f3acc-973b-4ed9-a0f4-8322af01873a","tagName":"p","marginOffset":0.5062499999999979}],"backgroundColor":{"color":{"r":255,"g":255,"b":255}},"animations":[{"id":"2d16abec-4918-44d6-aaa5-2abdf16b3056","type":"effect-background-zoom","zoomDirection":"scaleOut","duration":2000,"delay":0,"targets":["b4f1e66a-cf35-4df7-8c56-d46f75cd7707"]}],"type":"page","id":"0df423b9-1d52-499a-820a-d65b605fa87c","defaultBackgroundElement":{"opacity":100,"flip":{"vertical":false,"horizontal":false},"rotationAngle":0,"lockAspectRatio":true,"backgroundColor":{"color":{"r":255,"g":255,"b":255}},"x":1,"y":1,"width":1,"height":1,"mask":{"type":"rectangle"},"isBackground":true,"isDefaultBackground":true,"type":"shape","id":"b4a79d54-2076-43d1-a954-5e2e74a5c148"},"pageTemplateType":"cover","pageAttachment":{"url":"","icon":"https:\/\/www.zimoveis.com.br\/images\/site\/og_logo.jpg?cachebust=1737377251","needsProxy":false,"ctaText":"Apartamentos Perdizes","theme":"light"}},{"elements":[{"opacity":100,"flip":{"vertical":false,"horizontal":false},"rotationAngle":0,"lockAspectRatio":false,"scale":100,"focalX":50,"focalY":50,"resource":{"type":"image","mimeType":"image\/jpeg","width":720,"height":1280,"sizes":{"medium":{"file":"Vila-Madalena-como-morar-250x444.jpg","width":250,"height":444,"filesize":14703,"mimeType":"image\/jpeg","sourceUrl":"https:\/\/www.zimoveis.com.br\/blog\/wp-content\/uploads\/2025\/03\/Vila-Madalena-como-morar-250x444.jpg"},"large":{"file":"Vila-Madalena-como-morar-700x1244.jpg","width":700,"height":1244,"filesize":90069,"mimeType":"image\/jpeg","sourceUrl":"https:\/\/www.zimoveis.com.br\/blog\/wp-content\/uploads\/2025\/03\/Vila-Madalena-como-morar-700x1244.jpg"},"thumbnail":{"file":"Vila-Madalena-como-morar-150x150.jpg","width":150,"height":150,"filesize":4519,"mimeType":"image\/jpeg","sourceUrl":"https:\/\/www.zimoveis.com.br\/blog\/wp-content\/uploads\/2025\/03\/Vila-Madalena-como-morar-150x150.jpg"},"small":{"file":"Vila-Madalena-como-morar-120x213.jpg","width":120,"height":213,"filesize":4431,"mimeType":"image\/jpeg","sourceUrl":"https:\/\/www.zimoveis.com.br\/blog\/wp-content\/uploads\/2025\/03\/Vila-Madalena-como-morar-120x213.jpg"},"custom-size":{"file":"Vila-Madalena-como-morar-700x200.jpg","width":700,"height":200,"filesize":26733,"mimeType":"image\/jpeg","sourceUrl":"https:\/\/www.zimoveis.com.br\/blog\/wp-content\/uploads\/2025\/03\/Vila-Madalena-como-morar-700x200.jpg"},"web-stories-poster-portrait":{"file":"Vila-Madalena-como-morar-640x853.jpg","width":640,"height":853,"filesize":65561,"mimeType":"image\/jpeg","sourceUrl":"https:\/\/www.zimoveis.com.br\/blog\/wp-content\/uploads\/2025\/03\/Vila-Madalena-como-morar-640x853.jpg"},"web-stories-publisher-logo":{"file":"Vila-Madalena-como-morar-96x96.jpg","width":96,"height":96,"filesize":2352,"mimeType":"image\/jpeg","sourceUrl":"https:\/\/www.zimoveis.com.br\/blog\/wp-content\/uploads\/2025\/03\/Vila-Madalena-como-morar-96x96.jpg"},"web-stories-thumbnail":{"file":"Vila-Madalena-como-morar-150x267.jpg","width":150,"height":267,"filesize":6357,"mimeType":"image\/jpeg","sourceUrl":"https:\/\/www.zimoveis.com.br\/blog\/wp-content\/uploads\/2025\/03\/Vila-Madalena-como-morar-150x267.jpg"},"full":{"file":"Vila-Madalena-como-morar.jpg","width":720,"height":1280,"mimeType":"image\/jpeg","sourceUrl":"https:\/\/www.zimoveis.com.br\/blog\/wp-content\/uploads\/2025\/03\/Vila-Madalena-como-morar.jpg"}},"isPlaceholder":false,"isExternal":false,"needsProxy":false,"baseColor":"#221b13","blurHash":"UyGR-jR*R+oJ~pWBWCj?-;a#bHjZS5j[j[f6","creationDate":"2025-03-21T03:01:28","src":"https:\/\/www.zimoveis.com.br\/blog\/wp-content\/uploads\/2025\/03\/Vila-Madalena-como-morar.jpg","id":2461,"alt":"Panor\u00e2mica do bairro Vila Madalena em sp","local":false,"provider":"local"},"type":"image","x":48,"y":0,"width":330,"height":586,"mask":{"type":"rectangle","showInLibrary":true,"name":"Rectangle","path":"M 0,0 1,0 1,1 0,1 0,0 Z","ratio":1,"supportsBorder":true},"id":"7c0b277f-d529-408a-8367-ff88b18cfa4f","isBackground":true,"isHidden":false},{"opacity":100,"flip":{"vertical":false,"horizontal":false},"rotationAngle":0,"lockAspectRatio":false,"backgroundColor":{"color":{"r":114,"g":30,"b":52,"a":0.6}},"x":47,"y":307,"width":317,"height":102,"mask":{"type":"rectangle"},"id":"92e16711-b819-4a3d-b762-2ce2c51f674f","borderRadius":{"locked":true,"topLeft":20,"topRight":20,"bottomRight":20,"bottomLeft":20},"type":"shape"},{"opacity":100,"flip":{"vertical":false,"horizontal":false},"rotationAngle":0,"lockAspectRatio":false,"backgroundColor":{"color":{"r":255,"g":255,"b":255}},"width":224,"height":33,"x":-7,"y":-5,"mask":{"type":"rectangle"},"id":"e66007de-d114-4d8a-aa97-6cfa18c5afd7","borderRadius":{"locked":true,"topLeft":20,"topRight":20,"bottomRight":20,"bottomLeft":20},"type":"shape"},{"opacity":100,"flip":{"vertical":false,"horizontal":false},"rotationAngle":0,"lockAspectRatio":false,"backgroundColor":{"color":{"r":255,"g":248,"b":242,"a":0.8}},"width":335,"height":130,"x":47,"y":408,"mask":{"type":"rectangle"},"id":"1214e261-9d8b-4bb2-934f-fc6fb16461a1","borderRadius":{"locked":true,"topLeft":20,"topRight":20,"bottomRight":20,"bottomLeft":20},"type":"shape"},{"opacity":100,"flip":{"vertical":false,"horizontal":false},"rotationAngle":0,"lockAspectRatio":true,"backgroundTextMode":"NONE","font":{"family":"Roboto"},"fontSize":27,"backgroundColor":{"color":{"r":196,"g":196,"b":196}},"lineHeight":1.19,"textAlign":"center","padding":{"locked":true,"hasHiddenPadding":false,"horizontal":0,"vertical":0},"content":"<span style=\"font-weight: 700; color: #fff8f2\">Como \u00e9 morar na&nbsp;<\/span>\n<span style=\"font-weight: 700; color: #fff8f2\">Vila Madalena?<\/span>","x":57,"y":326,"width":298,"borderRadius":{"locked":true,"topLeft":2,"topRight":2,"bottomRight":2,"bottomLeft":2},"height":64,"id":"77fefbce-80dd-4c1e-a015-dc4421652c27","tagName":"h3","type":"text"},{"opacity":100,"flip":{"vertical":false,"horizontal":false},"rotationAngle":0,"lockAspectRatio":true,"backgroundTextMode":"NONE","font":{"family":"Roboto"},"fontSize":19,"backgroundColor":{"color":{"r":196,"g":196,"b":196}},"lineHeight":1.2,"textAlign":"left","padding":{"locked":true,"hasHiddenPadding":false,"horizontal":0,"vertical":0},"content":"<span style=\"color: #721e34\">Tenha <\/span><span style=\"font-weight: 700; color: #721e34\">excelente mobilidade<\/span><span style=\"color: #721e34\"> e f\u00e1cil acesso a tudo com a Av. Sumar\u00e9 e Av. Pompeia, e proximidade da Paulista e Marginal Tiet\u00ea.<\/span>","x":56,"y":428,"width":317,"borderRadius":{"locked":true,"topLeft":2,"topRight":2,"bottomRight":2,"bottomLeft":2},"height":90,"id":"d5396733-453e-48df-a6a8-50c36b17096e","tagName":"p","marginOffset":0.5062499999999979,"type":"text"},{"opacity":100,"flip":{"vertical":false,"horizontal":false},"rotationAngle":0,"lockAspectRatio":false,"scale":99.64231578947368,"focalX":50.48636147351351,"focalY":50.17948409151892,"resource":{"type":"image","mimeType":"image\/png","width":1318,"height":200,"sizes":{"medium":{"file":"logo-thin-250x38.png","width":250,"height":38,"filesize":3708,"mimeType":"image\/png","sourceUrl":"https:\/\/www.zimoveis.com.br\/blog\/wp-content\/uploads\/2025\/01\/logo-thin-250x38.png"},"large":{"file":"logo-thin-700x106.png","width":700,"height":106,"filesize":13839,"mimeType":"image\/png","sourceUrl":"https:\/\/www.zimoveis.com.br\/blog\/wp-content\/uploads\/2025\/01\/logo-thin-700x106.png"},"thumbnail":{"file":"logo-thin-150x150.png","width":150,"height":150,"filesize":3048,"mimeType":"image\/png","sourceUrl":"https:\/\/www.zimoveis.com.br\/blog\/wp-content\/uploads\/2025\/01\/logo-thin-150x150.png"},"medium_large":{"file":"logo-thin-768x117.png","width":768,"height":117,"filesize":15555,"mimeType":"image\/png","sourceUrl":"https:\/\/www.zimoveis.com.br\/blog\/wp-content\/uploads\/2025\/01\/logo-thin-768x117.png"},"small":{"file":"logo-thin-120x18.png","width":120,"height":18,"filesize":1526,"mimeType":"image\/png","sourceUrl":"https:\/\/www.zimoveis.com.br\/blog\/wp-content\/uploads\/2025\/01\/logo-thin-120x18.png"},"custom-size":{"file":"logo-thin-700x200.png","width":700,"height":200,"filesize":4880,"mimeType":"image\/png","sourceUrl":"https:\/\/www.zimoveis.com.br\/blog\/wp-content\/uploads\/2025\/01\/logo-thin-700x200.png"},"web-stories-poster-portrait":{"file":"logo-thin-640x200.png","width":640,"height":200,"filesize":4744,"mimeType":"image\/png","sourceUrl":"https:\/\/www.zimoveis.com.br\/blog\/wp-content\/uploads\/2025\/01\/logo-thin-640x200.png"},"web-stories-publisher-logo":{"file":"logo-thin-96x96.png","width":96,"height":96,"filesize":1781,"mimeType":"image\/png","sourceUrl":"https:\/\/www.zimoveis.com.br\/blog\/wp-content\/uploads\/2025\/01\/logo-thin-96x96.png"},"web-stories-thumbnail":{"file":"logo-thin-150x23.png","width":150,"height":23,"filesize":2006,"mimeType":"image\/png","sourceUrl":"https:\/\/www.zimoveis.com.br\/blog\/wp-content\/uploads\/2025\/01\/logo-thin-150x23.png"},"full":{"file":"logo-thin.png","width":1318,"height":200,"mimeType":"image\/png","sourceUrl":"https:\/\/www.zimoveis.com.br\/blog\/wp-content\/uploads\/2025\/01\/logo-thin.png"}},"isPlaceholder":false,"isExternal":false,"needsProxy":false,"baseColor":"#cc2427","blurHash":"U54K54|_|_]n$O$P$O$PJjJ*OBOBNvNvNvNv","creationDate":"2025-01-15T19:35:58","src":"https:\/\/www.zimoveis.com.br\/blog\/wp-content\/uploads\/2025\/01\/logo-thin.png","id":1985,"alt":"","local":false},"x":28,"y":0,"width":172,"height":26,"mask":{"type":"rectangle","showInLibrary":true,"name":"Rectangle","path":"M 0,0 1,0 1,1 0,1 0,0 Z","ratio":1,"supportsBorder":true},"id":"e9592adf-01cf-44ad-8bef-20effde4bbc8","type":"image"}],"backgroundColor":{"color":{"r":255,"g":255,"b":255}},"animations":[{"id":"87b4949e-1faf-4c30-a210-dbc8dcfad3b3","type":"effect-background-zoom","zoomDirection":"scaleOut","duration":2000,"delay":0,"targets":["7c0b277f-d529-408a-8367-ff88b18cfa4f"]}],"type":"page","id":"03ebcd4a-39a0-4605-a474-54f092e41d26","defaultBackgroundElement":{"opacity":100,"flip":{"vertical":false,"horizontal":false},"rotationAngle":0,"lockAspectRatio":true,"backgroundColor":{"color":{"r":255,"g":255,"b":255}},"x":1,"y":1,"width":1,"height":1,"mask":{"type":"rectangle"},"isBackground":true,"isDefaultBackground":true,"type":"shape","id":"b4a79d54-2076-43d1-a954-5e2e74a5c148"},"pageTemplateType":"cover","pageAttachment":{"url":"","icon":"https:\/\/www.zimoveis.com.br\/images\/site\/og_logo.jpg?cachebust=1737377251","needsProxy":false,"ctaText":"Apartamentos Perdizes","theme":"light"}},{"elements":[{"opacity":100,"flip":{"vertical":false,"horizontal":false},"rotationAngle":0,"lockAspectRatio":false,"scale":100,"focalX":50,"focalY":50,"resource":{"type":"image","mimeType":"image\/jpeg","width":720,"height":1280,"sizes":{"medium":{"file":"Perdizes-seguranca-250x444.jpg","width":250,"height":444,"filesize":22666,"mimeType":"image\/jpeg","sourceUrl":"https:\/\/www.zimoveis.com.br\/blog\/wp-content\/uploads\/2025\/02\/Perdizes-seguranca-250x444.jpg"},"large":{"file":"Perdizes-seguranca-700x1244.jpg","width":700,"height":1244,"filesize":120040,"mimeType":"image\/jpeg","sourceUrl":"https:\/\/www.zimoveis.com.br\/blog\/wp-content\/uploads\/2025\/02\/Perdizes-seguranca-700x1244.jpg"},"thumbnail":{"file":"Perdizes-seguranca-150x150.jpg","width":150,"height":150,"filesize":6004,"mimeType":"image\/jpeg","sourceUrl":"https:\/\/www.zimoveis.com.br\/blog\/wp-content\/uploads\/2025\/02\/Perdizes-seguranca-150x150.jpg"},"small":{"file":"Perdizes-seguranca-120x213.jpg","width":120,"height":213,"filesize":7049,"mimeType":"image\/jpeg","sourceUrl":"https:\/\/www.zimoveis.com.br\/blog\/wp-content\/uploads\/2025\/02\/Perdizes-seguranca-120x213.jpg"},"custom-size":{"file":"Perdizes-seguranca-700x200.jpg","width":700,"height":200,"filesize":25360,"mimeType":"image\/jpeg","sourceUrl":"https:\/\/www.zimoveis.com.br\/blog\/wp-content\/uploads\/2025\/02\/Perdizes-seguranca-700x200.jpg"},"web-stories-poster-portrait":{"file":"Perdizes-seguranca-640x853.jpg","width":640,"height":853,"filesize":81839,"mimeType":"image\/jpeg","sourceUrl":"https:\/\/www.zimoveis.com.br\/blog\/wp-content\/uploads\/2025\/02\/Perdizes-seguranca-640x853.jpg"},"web-stories-publisher-logo":{"file":"Perdizes-seguranca-96x96.jpg","width":96,"height":96,"filesize":3124,"mimeType":"image\/jpeg","sourceUrl":"https:\/\/www.zimoveis.com.br\/blog\/wp-content\/uploads\/2025\/02\/Perdizes-seguranca-96x96.jpg"},"web-stories-thumbnail":{"file":"Perdizes-seguranca-150x267.jpg","width":150,"height":267,"filesize":9965,"mimeType":"image\/jpeg","sourceUrl":"https:\/\/www.zimoveis.com.br\/blog\/wp-content\/uploads\/2025\/02\/Perdizes-seguranca-150x267.jpg"},"full":{"file":"Perdizes-seguranca.jpg","width":720,"height":1280,"mimeType":"image\/jpeg","sourceUrl":"https:\/\/www.zimoveis.com.br\/blog\/wp-content\/uploads\/2025\/02\/Perdizes-seguranca.jpg"}},"isPlaceholder":false,"isExternal":false,"needsProxy":false,"baseColor":"#252425","blurHash":"UC9Z=pRkNGa{~VM|j[Rjt6Iot6WB-:NGRjWV","creationDate":1739147503000,"src":"https:\/\/www.zimoveis.com.br\/blog\/wp-content\/uploads\/2025\/02\/Perdizes-seguranca.jpg","id":2264,"alt":"Perdizes seguran\u00e7a","local":false},"type":"image","x":48,"y":0,"width":330,"height":586,"mask":{"type":"rectangle","showInLibrary":true,"name":"Rectangle","path":"M 0,0 1,0 1,1 0,1 0,0 Z","ratio":1,"supportsBorder":true},"id":"251ef24f-9c95-464a-8bee-685f7ab17c00","isBackground":true,"isHidden":false},{"opacity":100,"flip":{"vertical":false,"horizontal":false},"rotationAngle":0,"lockAspectRatio":false,"backgroundColor":{"color":{"r":114,"g":30,"b":52,"a":0.6}},"x":47,"y":291,"width":317,"height":118,"mask":{"type":"rectangle"},"id":"d28e1530-f775-4023-a835-35bec6139d9c","borderRadius":{"locked":true,"topLeft":20,"topRight":20,"bottomRight":20,"bottomLeft":20},"type":"shape"},{"opacity":100,"flip":{"vertical":false,"horizontal":false},"rotationAngle":0,"lockAspectRatio":false,"backgroundColor":{"color":{"r":255,"g":255,"b":255}},"width":224,"height":33,"x":-7,"y":-5,"mask":{"type":"rectangle"},"id":"7ea384ce-4be5-4465-9736-d5a772bea4b3","borderRadius":{"locked":true,"topLeft":20,"topRight":20,"bottomRight":20,"bottomLeft":20},"type":"shape"},{"opacity":100,"flip":{"vertical":false,"horizontal":false},"rotationAngle":0,"lockAspectRatio":false,"backgroundColor":{"color":{"r":255,"g":248,"b":242,"a":0.8}},"width":335,"height":130,"x":47,"y":408,"mask":{"type":"rectangle"},"id":"f41355e4-537f-4866-b17a-dd96d81a714e","borderRadius":{"locked":true,"topLeft":20,"topRight":20,"bottomRight":20,"bottomLeft":20},"type":"shape"},{"opacity":100,"flip":{"vertical":false,"horizontal":false},"rotationAngle":0,"lockAspectRatio":true,"backgroundTextMode":"NONE","font":{"family":"Roboto"},"fontSize":27,"backgroundColor":{"color":{"r":196,"g":196,"b":196}},"lineHeight":1.19,"textAlign":"center","padding":{"locked":true,"hasHiddenPadding":false,"horizontal":0,"vertical":0},"content":"<span style=\"font-weight: 700; color: #fff8f2\">Um dos bairros mais seguros de S\u00e3o Paulo<\/span>","x":56,"y":318,"width":298,"borderRadius":{"locked":true,"topLeft":2,"topRight":2,"bottomRight":2,"bottomLeft":2},"height":64,"id":"a8ccb6d5-417b-401c-b514-5c127023e9d9","tagName":"h3","type":"text"},{"opacity":100,"flip":{"vertical":false,"horizontal":false},"rotationAngle":0,"lockAspectRatio":true,"backgroundTextMode":"NONE","font":{"family":"Roboto"},"fontSize":19,"backgroundColor":{"color":{"r":196,"g":196,"b":196}},"lineHeight":1.2,"textAlign":"left","padding":{"locked":true,"hasHiddenPadding":false,"horizontal":0,"vertical":0},"content":"<span style=\"color: #721e34\">Morar na Vila Madalena significa ter bares ic\u00f4nicos como o Filial, <\/span><span style=\"font-weight: 700; color: #721e34\">restaurantes renomados e com\u00e9rcio variado.<\/span>","x":56,"y":428,"width":317,"borderRadius":{"locked":true,"topLeft":2,"topRight":2,"bottomRight":2,"bottomLeft":2},"height":90,"id":"84feee03-0601-446a-b294-de17d6e2d452","tagName":"p","marginOffset":0.5062499999999979,"type":"text"},{"opacity":100,"flip":{"vertical":false,"horizontal":false},"rotationAngle":0,"lockAspectRatio":false,"scale":99.64231578947368,"focalX":50.48636147351351,"focalY":50.17948409151892,"resource":{"type":"image","mimeType":"image\/png","width":1318,"height":200,"sizes":{"medium":{"file":"logo-thin-250x38.png","width":250,"height":38,"filesize":3708,"mimeType":"image\/png","sourceUrl":"https:\/\/www.zimoveis.com.br\/blog\/wp-content\/uploads\/2025\/01\/logo-thin-250x38.png"},"large":{"file":"logo-thin-700x106.png","width":700,"height":106,"filesize":13839,"mimeType":"image\/png","sourceUrl":"https:\/\/www.zimoveis.com.br\/blog\/wp-content\/uploads\/2025\/01\/logo-thin-700x106.png"},"thumbnail":{"file":"logo-thin-150x150.png","width":150,"height":150,"filesize":3048,"mimeType":"image\/png","sourceUrl":"https:\/\/www.zimoveis.com.br\/blog\/wp-content\/uploads\/2025\/01\/logo-thin-150x150.png"},"medium_large":{"file":"logo-thin-768x117.png","width":768,"height":117,"filesize":15555,"mimeType":"image\/png","sourceUrl":"https:\/\/www.zimoveis.com.br\/blog\/wp-content\/uploads\/2025\/01\/logo-thin-768x117.png"},"small":{"file":"logo-thin-120x18.png","width":120,"height":18,"filesize":1526,"mimeType":"image\/png","sourceUrl":"https:\/\/www.zimoveis.com.br\/blog\/wp-content\/uploads\/2025\/01\/logo-thin-120x18.png"},"custom-size":{"file":"logo-thin-700x200.png","width":700,"height":200,"filesize":4880,"mimeType":"image\/png","sourceUrl":"https:\/\/www.zimoveis.com.br\/blog\/wp-content\/uploads\/2025\/01\/logo-thin-700x200.png"},"web-stories-poster-portrait":{"file":"logo-thin-640x200.png","width":640,"height":200,"filesize":4744,"mimeType":"image\/png","sourceUrl":"https:\/\/www.zimoveis.com.br\/blog\/wp-content\/uploads\/2025\/01\/logo-thin-640x200.png"},"web-stories-publisher-logo":{"file":"logo-thin-96x96.png","width":96,"height":96,"filesize":1781,"mimeType":"image\/png","sourceUrl":"https:\/\/www.zimoveis.com.br\/blog\/wp-content\/uploads\/2025\/01\/logo-thin-96x96.png"},"web-stories-thumbnail":{"file":"logo-thin-150x23.png","width":150,"height":23,"filesize":2006,"mimeType":"image\/png","sourceUrl":"https:\/\/www.zimoveis.com.br\/blog\/wp-content\/uploads\/2025\/01\/logo-thin-150x23.png"},"full":{"file":"logo-thin.png","width":1318,"height":200,"mimeType":"image\/png","sourceUrl":"https:\/\/www.zimoveis.com.br\/blog\/wp-content\/uploads\/2025\/01\/logo-thin.png"}},"isPlaceholder":false,"isExternal":false,"needsProxy":false,"baseColor":"#cc2427","blurHash":"U54K54|_|_]n$O$P$O$PJjJ*OBOBNvNvNvNv","creationDate":"2025-01-15T19:35:58","src":"https:\/\/www.zimoveis.com.br\/blog\/wp-content\/uploads\/2025\/01\/logo-thin.png","id":1985,"alt":"","local":false},"x":28,"y":0,"width":172,"height":26,"mask":{"type":"rectangle","showInLibrary":true,"name":"Rectangle","path":"M 0,0 1,0 1,1 0,1 0,0 Z","ratio":1,"supportsBorder":true},"id":"e61d8e2b-75b2-43dc-8985-36ee78c59219","type":"image"}],"backgroundColor":{"color":{"r":255,"g":255,"b":255}},"animations":[{"id":"d60e93be-e0f6-4501-aa8d-177d2db3e893","type":"effect-background-zoom","zoomDirection":"scaleOut","duration":2000,"delay":0,"targets":["251ef24f-9c95-464a-8bee-685f7ab17c00"]}],"type":"page","id":"6b2c1ac0-d1ba-49d6-b8e6-9ba63046d5db","defaultBackgroundElement":{"opacity":100,"flip":{"vertical":false,"horizontal":false},"rotationAngle":0,"lockAspectRatio":true,"backgroundColor":{"color":{"r":255,"g":255,"b":255}},"x":1,"y":1,"width":1,"height":1,"mask":{"type":"rectangle"},"isBackground":true,"isDefaultBackground":true,"type":"shape","id":"b4a79d54-2076-43d1-a954-5e2e74a5c148"},"pageTemplateType":"cover","pageAttachment":{"url":"","icon":"https:\/\/www.zimoveis.com.br\/images\/site\/og_logo.jpg?cachebust=1737377251","needsProxy":false,"ctaText":"Apartamentos Perdizes","theme":"light"}},{"elements":[{"opacity":100,"flip":{"vertical":false,"horizontal":false},"rotationAngle":0,"lockAspectRatio":false,"scale":100,"focalX":50,"focalY":50,"resource":{"type":"image","mimeType":"image\/jpeg","width":720,"height":1280,"sizes":{"medium":{"file":"Vila-Madalena-localizacao-250x444.jpg","width":250,"height":444,"filesize":19214,"mimeType":"image\/jpeg","sourceUrl":"https:\/\/www.zimoveis.com.br\/blog\/wp-content\/uploads\/2025\/03\/Vila-Madalena-localizacao-250x444.jpg"},"large":{"file":"Vila-Madalena-localizacao-700x1244.jpg","width":700,"height":1244,"filesize":101858,"mimeType":"image\/jpeg","sourceUrl":"https:\/\/www.zimoveis.com.br\/blog\/wp-content\/uploads\/2025\/03\/Vila-Madalena-localizacao-700x1244.jpg"},"thumbnail":{"file":"Vila-Madalena-localizacao-150x150.jpg","width":150,"height":150,"filesize":6610,"mimeType":"image\/jpeg","sourceUrl":"https:\/\/www.zimoveis.com.br\/blog\/wp-content\/uploads\/2025\/03\/Vila-Madalena-localizacao-150x150.jpg"},"small":{"file":"Vila-Madalena-localizacao-120x213.jpg","width":120,"height":213,"filesize":5790,"mimeType":"image\/jpeg","sourceUrl":"https:\/\/www.zimoveis.com.br\/blog\/wp-content\/uploads\/2025\/03\/Vila-Madalena-localizacao-120x213.jpg"},"custom-size":{"file":"Vila-Madalena-localizacao-700x200.jpg","width":700,"height":200,"filesize":29360,"mimeType":"image\/jpeg","sourceUrl":"https:\/\/www.zimoveis.com.br\/blog\/wp-content\/uploads\/2025\/03\/Vila-Madalena-localizacao-700x200.jpg"},"web-stories-poster-portrait":{"file":"Vila-Madalena-localizacao-640x853.jpg","width":640,"height":853,"filesize":78114,"mimeType":"image\/jpeg","sourceUrl":"https:\/\/www.zimoveis.com.br\/blog\/wp-content\/uploads\/2025\/03\/Vila-Madalena-localizacao-640x853.jpg"},"web-stories-publisher-logo":{"file":"Vila-Madalena-localizacao-96x96.jpg","width":96,"height":96,"filesize":3199,"mimeType":"image\/jpeg","sourceUrl":"https:\/\/www.zimoveis.com.br\/blog\/wp-content\/uploads\/2025\/03\/Vila-Madalena-localizacao-96x96.jpg"},"web-stories-thumbnail":{"file":"Vila-Madalena-localizacao-150x267.jpg","width":150,"height":267,"filesize":8403,"mimeType":"image\/jpeg","sourceUrl":"https:\/\/www.zimoveis.com.br\/blog\/wp-content\/uploads\/2025\/03\/Vila-Madalena-localizacao-150x267.jpg"},"full":{"file":"Vila-Madalena-localizacao.jpg","width":720,"height":1280,"mimeType":"image\/jpeg","sourceUrl":"https:\/\/www.zimoveis.com.br\/blog\/wp-content\/uploads\/2025\/03\/Vila-Madalena-localizacao.jpg"}},"isPlaceholder":false,"isExternal":false,"needsProxy":false,"baseColor":"#0b0e0e","blurHash":"UN6bP]WBadoLyZayjYj[xwoeofa#XTj[kCay","creationDate":"2025-03-21T03:01:18","src":"https:\/\/www.zimoveis.com.br\/blog\/wp-content\/uploads\/2025\/03\/Vila-Madalena-localizacao.jpg","id":2454,"alt":"Panor\u00e2mica noturna da Vila Madalena","local":false,"provider":"local"},"type":"image","x":48,"y":0,"width":330,"height":586,"mask":{"type":"rectangle","showInLibrary":true,"name":"Rectangle","path":"M 0,0 1,0 1,1 0,1 0,0 Z","ratio":1,"supportsBorder":true},"id":"464ec5bd-40c8-4d21-b3c7-a6f9aa2301dd","isBackground":true,"isHidden":false},{"opacity":100,"flip":{"vertical":false,"horizontal":false},"rotationAngle":0,"lockAspectRatio":false,"backgroundColor":{"color":{"r":114,"g":30,"b":52,"a":0.6}},"x":47,"y":291,"width":317,"height":118,"mask":{"type":"rectangle"},"id":"bd44dc78-9d5b-4095-a661-17050060bb66","borderRadius":{"locked":true,"topLeft":20,"topRight":20,"bottomRight":20,"bottomLeft":20},"type":"shape"},{"opacity":100,"flip":{"vertical":false,"horizontal":false},"rotationAngle":0,"lockAspectRatio":false,"backgroundColor":{"color":{"r":255,"g":255,"b":255}},"width":224,"height":33,"x":-7,"y":-5,"mask":{"type":"rectangle"},"id":"d75cfb78-d04c-43d3-96b9-4ec33a1ef739","borderRadius":{"locked":true,"topLeft":20,"topRight":20,"bottomRight":20,"bottomLeft":20},"type":"shape"},{"opacity":100,"flip":{"vertical":false,"horizontal":false},"rotationAngle":0,"lockAspectRatio":false,"backgroundColor":{"color":{"r":255,"g":248,"b":242,"a":0.8}},"width":335,"height":157,"x":47,"y":408,"mask":{"type":"rectangle"},"id":"26aa696d-d1cb-4737-b694-8f6ba5478b97","borderRadius":{"locked":true,"topLeft":20,"topRight":20,"bottomRight":20,"bottomLeft":20},"type":"shape"},{"opacity":100,"flip":{"vertical":false,"horizontal":false},"rotationAngle":0,"lockAspectRatio":true,"backgroundTextMode":"NONE","font":{"family":"Roboto"},"fontSize":27,"backgroundColor":{"color":{"r":196,"g":196,"b":196}},"lineHeight":1.19,"textAlign":"center","padding":{"locked":true,"hasHiddenPadding":false,"horizontal":0,"vertical":0},"content":"<span style=\"font-weight: 700; color: #fff8f2\">A Vila Madalena tem localiza\u00e7\u00e3o privilegiada<\/span>","x":57,"y":318,"width":298,"borderRadius":{"locked":true,"topLeft":2,"topRight":2,"bottomRight":2,"bottomLeft":2},"height":64,"id":"a8e54a82-88f6-4d4b-b3e7-55653c997d68","tagName":"h3","type":"text"},{"opacity":100,"flip":{"vertical":false,"horizontal":false},"rotationAngle":0,"lockAspectRatio":true,"backgroundTextMode":"NONE","font":{"family":"Roboto"},"fontSize":19,"backgroundColor":{"color":{"r":196,"g":196,"b":196}},"lineHeight":1.2,"textAlign":"left","padding":{"locked":true,"hasHiddenPadding":false,"horizontal":0,"vertical":0},"content":"<span style=\"color: #721e34\">Pr\u00f3xima \u00e0s avenidas Pedroso de Morais e Heitor Penteado, a Vila Madalena tem <\/span><span style=\"font-weight: 700; color: #721e34\">f\u00e1cil acesso a Pinheiros, Perdizes e outras regi\u00f5es da cidade.<\/span>","x":56,"y":430,"width":317,"borderRadius":{"locked":true,"topLeft":2,"topRight":2,"bottomRight":2,"bottomLeft":2},"height":113,"id":"4587d2e3-8a9d-4f75-9138-c9e130673fb2","tagName":"p","marginOffset":0.5062499999999979,"type":"text"},{"opacity":100,"flip":{"vertical":false,"horizontal":false},"rotationAngle":0,"lockAspectRatio":false,"scale":99.64231578947368,"focalX":50.48636147351351,"focalY":50.17948409151892,"resource":{"type":"image","mimeType":"image\/png","width":1318,"height":200,"sizes":{"medium":{"file":"logo-thin-250x38.png","width":250,"height":38,"filesize":3708,"mimeType":"image\/png","sourceUrl":"https:\/\/www.zimoveis.com.br\/blog\/wp-content\/uploads\/2025\/01\/logo-thin-250x38.png"},"large":{"file":"logo-thin-700x106.png","width":700,"height":106,"filesize":13839,"mimeType":"image\/png","sourceUrl":"https:\/\/www.zimoveis.com.br\/blog\/wp-content\/uploads\/2025\/01\/logo-thin-700x106.png"},"thumbnail":{"file":"logo-thin-150x150.png","width":150,"height":150,"filesize":3048,"mimeType":"image\/png","sourceUrl":"https:\/\/www.zimoveis.com.br\/blog\/wp-content\/uploads\/2025\/01\/logo-thin-150x150.png"},"medium_large":{"file":"logo-thin-768x117.png","width":768,"height":117,"filesize":15555,"mimeType":"image\/png","sourceUrl":"https:\/\/www.zimoveis.com.br\/blog\/wp-content\/uploads\/2025\/01\/logo-thin-768x117.png"},"small":{"file":"logo-thin-120x18.png","width":120,"height":18,"filesize":1526,"mimeType":"image\/png","sourceUrl":"https:\/\/www.zimoveis.com.br\/blog\/wp-content\/uploads\/2025\/01\/logo-thin-120x18.png"},"custom-size":{"file":"logo-thin-700x200.png","width":700,"height":200,"filesize":4880,"mimeType":"image\/png","sourceUrl":"https:\/\/www.zimoveis.com.br\/blog\/wp-content\/uploads\/2025\/01\/logo-thin-700x200.png"},"web-stories-poster-portrait":{"file":"logo-thin-640x200.png","width":640,"height":200,"filesize":4744,"mimeType":"image\/png","sourceUrl":"https:\/\/www.zimoveis.com.br\/blog\/wp-content\/uploads\/2025\/01\/logo-thin-640x200.png"},"web-stories-publisher-logo":{"file":"logo-thin-96x96.png","width":96,"height":96,"filesize":1781,"mimeType":"image\/png","sourceUrl":"https:\/\/www.zimoveis.com.br\/blog\/wp-content\/uploads\/2025\/01\/logo-thin-96x96.png"},"web-stories-thumbnail":{"file":"logo-thin-150x23.png","width":150,"height":23,"filesize":2006,"mimeType":"image\/png","sourceUrl":"https:\/\/www.zimoveis.com.br\/blog\/wp-content\/uploads\/2025\/01\/logo-thin-150x23.png"},"full":{"file":"logo-thin.png","width":1318,"height":200,"mimeType":"image\/png","sourceUrl":"https:\/\/www.zimoveis.com.br\/blog\/wp-content\/uploads\/2025\/01\/logo-thin.png"}},"isPlaceholder":false,"isExternal":false,"needsProxy":false,"baseColor":"#cc2427","blurHash":"U54K54|_|_]n$O$P$O$PJjJ*OBOBNvNvNvNv","creationDate":"2025-01-15T19:35:58","src":"https:\/\/www.zimoveis.com.br\/blog\/wp-content\/uploads\/2025\/01\/logo-thin.png","id":1985,"alt":"","local":false},"x":28,"y":0,"width":172,"height":26,"mask":{"type":"rectangle","showInLibrary":true,"name":"Rectangle","path":"M 0,0 1,0 1,1 0,1 0,0 Z","ratio":1,"supportsBorder":true},"id":"8fb4c3da-afeb-4f05-8a99-a6e28cff4914","type":"image"}],"backgroundColor":{"color":{"r":255,"g":255,"b":255}},"animations":[{"id":"1cac8a5d-bb89-4d64-8d8b-ec92ddd7ad9f","type":"effect-background-zoom","zoomDirection":"scaleOut","duration":2000,"delay":0,"targets":["464ec5bd-40c8-4d21-b3c7-a6f9aa2301dd"]}],"type":"page","id":"a1ece3ff-ff6d-4288-8392-2e841b0b12a2","defaultBackgroundElement":{"opacity":100,"flip":{"vertical":false,"horizontal":false},"rotationAngle":0,"lockAspectRatio":true,"backgroundColor":{"color":{"r":255,"g":255,"b":255}},"x":1,"y":1,"width":1,"height":1,"mask":{"type":"rectangle"},"isBackground":true,"isDefaultBackground":true,"type":"shape","id":"b4a79d54-2076-43d1-a954-5e2e74a5c148"},"pageTemplateType":"cover","pageAttachment":{"url":"","icon":"https:\/\/www.zimoveis.com.br\/images\/site\/og_logo.jpg?cachebust=1737377251","needsProxy":false,"ctaText":"Apartamentos Perdizes","theme":"light"}},{"elements":[{"opacity":100,"flip":{"vertical":false,"horizontal":false},"rotationAngle":0,"lockAspectRatio":false,"scale":100,"focalX":50,"focalY":50,"resource":{"type":"image","mimeType":"image\/jpeg","width":720,"height":1280,"sizes":{"medium":{"file":"Vila-Madalena-cultura-250x444.jpg","width":250,"height":444,"filesize":29843,"mimeType":"image\/jpeg","sourceUrl":"https:\/\/www.zimoveis.com.br\/blog\/wp-content\/uploads\/2025\/03\/Vila-Madalena-cultura-250x444.jpg"},"large":{"file":"Vila-Madalena-cultura-700x1244.jpg","width":700,"height":1244,"filesize":155475,"mimeType":"image\/jpeg","sourceUrl":"https:\/\/www.zimoveis.com.br\/blog\/wp-content\/uploads\/2025\/03\/Vila-Madalena-cultura-700x1244.jpg"},"thumbnail":{"file":"Vila-Madalena-cultura-150x150.jpg","width":150,"height":150,"filesize":7666,"mimeType":"image\/jpeg","sourceUrl":"https:\/\/www.zimoveis.com.br\/blog\/wp-content\/uploads\/2025\/03\/Vila-Madalena-cultura-150x150.jpg"},"small":{"file":"Vila-Madalena-cultura-120x213.jpg","width":120,"height":213,"filesize":8686,"mimeType":"image\/jpeg","sourceUrl":"https:\/\/www.zimoveis.com.br\/blog\/wp-content\/uploads\/2025\/03\/Vila-Madalena-cultura-120x213.jpg"},"custom-size":{"file":"Vila-Madalena-cultura-700x200.jpg","width":700,"height":200,"filesize":29192,"mimeType":"image\/jpeg","sourceUrl":"https:\/\/www.zimoveis.com.br\/blog\/wp-content\/uploads\/2025\/03\/Vila-Madalena-cultura-700x200.jpg"},"web-stories-poster-portrait":{"file":"Vila-Madalena-cultura-640x853.jpg","width":640,"height":853,"filesize":102885,"mimeType":"image\/jpeg","sourceUrl":"https:\/\/www.zimoveis.com.br\/blog\/wp-content\/uploads\/2025\/03\/Vila-Madalena-cultura-640x853.jpg"},"web-stories-publisher-logo":{"file":"Vila-Madalena-cultura-96x96.jpg","width":96,"height":96,"filesize":3687,"mimeType":"image\/jpeg","sourceUrl":"https:\/\/www.zimoveis.com.br\/blog\/wp-content\/uploads\/2025\/03\/Vila-Madalena-cultura-96x96.jpg"},"web-stories-thumbnail":{"file":"Vila-Madalena-cultura-150x267.jpg","width":150,"height":267,"filesize":12596,"mimeType":"image\/jpeg","sourceUrl":"https:\/\/www.zimoveis.com.br\/blog\/wp-content\/uploads\/2025\/03\/Vila-Madalena-cultura-150x267.jpg"},"full":{"file":"Vila-Madalena-cultura.jpg","width":720,"height":1280,"mimeType":"image\/jpeg","sourceUrl":"https:\/\/www.zimoveis.com.br\/blog\/wp-content\/uploads\/2025\/03\/Vila-Madalena-cultura.jpg"}},"isPlaceholder":false,"isExternal":false,"needsProxy":false,"baseColor":"#1b1a16","blurHash":"UFAmI_D,WAkq~oRnR%kWwh%1S4jFI;t6X9e-","creationDate":"2025-03-21T03:01:27","src":"https:\/\/www.zimoveis.com.br\/blog\/wp-content\/uploads\/2025\/03\/Vila-Madalena-cultura.jpg","id":2460,"alt":"Painel de pinturas representando a cultura da Vila Madalena","local":false,"provider":"local"},"type":"image","x":48,"y":0,"width":330,"height":586,"mask":{"type":"rectangle","showInLibrary":true,"name":"Rectangle","path":"M 0,0 1,0 1,1 0,1 0,0 Z","ratio":1,"supportsBorder":true},"id":"1200ac6f-9aa6-4f8e-8c08-058be24ed2e6","isBackground":true,"isHidden":false},{"opacity":100,"flip":{"vertical":false,"horizontal":false},"rotationAngle":0,"lockAspectRatio":false,"backgroundColor":{"color":{"r":114,"g":30,"b":52,"a":0.6}},"x":47,"y":298,"width":317,"height":111,"mask":{"type":"rectangle"},"id":"9d453a59-9ddc-4b93-9af5-8c66f5ee7ffa","borderRadius":{"locked":true,"topLeft":20,"topRight":20,"bottomRight":20,"bottomLeft":20},"type":"shape"},{"opacity":100,"flip":{"vertical":false,"horizontal":false},"rotationAngle":0,"lockAspectRatio":false,"backgroundColor":{"color":{"r":255,"g":255,"b":255}},"width":224,"height":33,"x":-7,"y":-5,"mask":{"type":"rectangle"},"id":"4d173fc7-1d46-4897-802a-e80538a54426","borderRadius":{"locked":true,"topLeft":20,"topRight":20,"bottomRight":20,"bottomLeft":20},"type":"shape"},{"opacity":100,"flip":{"vertical":false,"horizontal":false},"rotationAngle":0,"lockAspectRatio":false,"backgroundColor":{"color":{"r":255,"g":248,"b":242,"a":0.8}},"width":335,"height":148,"x":47,"y":408,"mask":{"type":"rectangle"},"id":"74394bb3-df96-4a9e-a6fa-e487eb739707","borderRadius":{"locked":true,"topLeft":20,"topRight":20,"bottomRight":20,"bottomLeft":20},"type":"shape"},{"opacity":100,"flip":{"vertical":false,"horizontal":false},"rotationAngle":0,"lockAspectRatio":true,"backgroundTextMode":"NONE","font":{"family":"Roboto"},"fontSize":27,"backgroundColor":{"color":{"r":196,"g":196,"b":196}},"lineHeight":1.19,"textAlign":"center","padding":{"locked":true,"hasHiddenPadding":false,"horizontal":0,"vertical":0},"content":"<span style=\"font-weight: 700; color: #fff8f2\">Um bairro leve e descontra\u00eddo<\/span>","x":57,"y":321,"width":298,"borderRadius":{"locked":true,"topLeft":2,"topRight":2,"bottomRight":2,"bottomLeft":2},"height":64,"id":"c69fe502-8959-4a17-a50d-2a935173da48","tagName":"h3","type":"text"},{"opacity":100,"flip":{"vertical":false,"horizontal":false},"rotationAngle":0,"lockAspectRatio":true,"backgroundTextMode":"NONE","font":{"family":"Roboto"},"fontSize":19,"backgroundColor":{"color":{"r":196,"g":196,"b":196}},"lineHeight":1.2,"textAlign":"left","padding":{"locked":true,"hasHiddenPadding":false,"horizontal":0,"vertical":0},"content":"<span style=\"color: #721e34\">A <\/span><span style=\"font-weight: 700; color: #721e34\">regi\u00e3o \u00e9 mais agrad\u00e1vel<\/span><span style=\"color: #721e34\"> com a Pra\u00e7a do P\u00f4r do Sol, a arte ao ar livre no Beco do Batman e o charme da Horta das Corujas, uma horta comunit\u00e1ria com pracinha.&nbsp;<\/span>","x":61,"y":426,"width":304,"borderRadius":{"locked":true,"topLeft":2,"topRight":2,"bottomRight":2,"bottomLeft":2},"height":113,"id":"90880c96-012e-4e83-8024-4deca427008d","tagName":"p","marginOffset":0.5062499999999979,"type":"text"},{"opacity":100,"flip":{"vertical":false,"horizontal":false},"rotationAngle":0,"lockAspectRatio":false,"scale":99.64231578947368,"focalX":50.48636147351351,"focalY":50.17948409151892,"resource":{"type":"image","mimeType":"image\/png","width":1318,"height":200,"sizes":{"medium":{"file":"logo-thin-250x38.png","width":250,"height":38,"filesize":3708,"mimeType":"image\/png","sourceUrl":"https:\/\/www.zimoveis.com.br\/blog\/wp-content\/uploads\/2025\/01\/logo-thin-250x38.png"},"large":{"file":"logo-thin-700x106.png","width":700,"height":106,"filesize":13839,"mimeType":"image\/png","sourceUrl":"https:\/\/www.zimoveis.com.br\/blog\/wp-content\/uploads\/2025\/01\/logo-thin-700x106.png"},"thumbnail":{"file":"logo-thin-150x150.png","width":150,"height":150,"filesize":3048,"mimeType":"image\/png","sourceUrl":"https:\/\/www.zimoveis.com.br\/blog\/wp-content\/uploads\/2025\/01\/logo-thin-150x150.png"},"medium_large":{"file":"logo-thin-768x117.png","width":768,"height":117,"filesize":15555,"mimeType":"image\/png","sourceUrl":"https:\/\/www.zimoveis.com.br\/blog\/wp-content\/uploads\/2025\/01\/logo-thin-768x117.png"},"small":{"file":"logo-thin-120x18.png","width":120,"height":18,"filesize":1526,"mimeType":"image\/png","sourceUrl":"https:\/\/www.zimoveis.com.br\/blog\/wp-content\/uploads\/2025\/01\/logo-thin-120x18.png"},"custom-size":{"file":"logo-thin-700x200.png","width":700,"height":200,"filesize":4880,"mimeType":"image\/png","sourceUrl":"https:\/\/www.zimoveis.com.br\/blog\/wp-content\/uploads\/2025\/01\/logo-thin-700x200.png"},"web-stories-poster-portrait":{"file":"logo-thin-640x200.png","width":640,"height":200,"filesize":4744,"mimeType":"image\/png","sourceUrl":"https:\/\/www.zimoveis.com.br\/blog\/wp-content\/uploads\/2025\/01\/logo-thin-640x200.png"},"web-stories-publisher-logo":{"file":"logo-thin-96x96.png","width":96,"height":96,"filesize":1781,"mimeType":"image\/png","sourceUrl":"https:\/\/www.zimoveis.com.br\/blog\/wp-content\/uploads\/2025\/01\/logo-thin-96x96.png"},"web-stories-thumbnail":{"file":"logo-thin-150x23.png","width":150,"height":23,"filesize":2006,"mimeType":"image\/png","sourceUrl":"https:\/\/www.zimoveis.com.br\/blog\/wp-content\/uploads\/2025\/01\/logo-thin-150x23.png"},"full":{"file":"logo-thin.png","width":1318,"height":200,"mimeType":"image\/png","sourceUrl":"https:\/\/www.zimoveis.com.br\/blog\/wp-content\/uploads\/2025\/01\/logo-thin.png"}},"isPlaceholder":false,"isExternal":false,"needsProxy":false,"baseColor":"#cc2427","blurHash":"U54K54|_|_]n$O$P$O$PJjJ*OBOBNvNvNvNv","creationDate":"2025-01-15T19:35:58","src":"https:\/\/www.zimoveis.com.br\/blog\/wp-content\/uploads\/2025\/01\/logo-thin.png","id":1985,"alt":"","local":false},"x":28,"y":0,"width":172,"height":26,"mask":{"type":"rectangle","showInLibrary":true,"name":"Rectangle","path":"M 0,0 1,0 1,1 0,1 0,0 Z","ratio":1,"supportsBorder":true},"id":"b50e73b1-80fb-4b4b-848d-3c3619d4c833","type":"image"}],"backgroundColor":{"color":{"r":255,"g":255,"b":255}},"animations":[{"id":"bd9436c2-a8f6-44c7-991d-cb19e5ce5a71","type":"effect-background-zoom","zoomDirection":"scaleOut","duration":2000,"delay":0,"targets":["1200ac6f-9aa6-4f8e-8c08-058be24ed2e6"]}],"type":"page","id":"18ea2612-2481-48b1-b843-386db27f614c","defaultBackgroundElement":{"opacity":100,"flip":{"vertical":false,"horizontal":false},"rotationAngle":0,"lockAspectRatio":true,"backgroundColor":{"color":{"r":255,"g":255,"b":255}},"x":1,"y":1,"width":1,"height":1,"mask":{"type":"rectangle"},"isBackground":true,"isDefaultBackground":true,"type":"shape","id":"b4a79d54-2076-43d1-a954-5e2e74a5c148"},"pageTemplateType":"cover","pageAttachment":{"url":"","icon":"https:\/\/www.zimoveis.com.br\/images\/site\/og_logo.jpg?cachebust=1737377251","needsProxy":false,"ctaText":"Apartamentos Perdizes","theme":"light"}},{"elements":[{"opacity":100,"flip":{"vertical":false,"horizontal":false},"rotationAngle":0,"lockAspectRatio":false,"scale":100,"focalX":50,"focalY":50,"resource":{"type":"image","mimeType":"image\/jpeg","width":720,"height":1280,"sizes":{"medium":{"file":"Vila-Madalena-zimmermann-250x444.jpg","width":250,"height":444,"filesize":18278,"mimeType":"image\/jpeg","sourceUrl":"https:\/\/www.zimoveis.com.br\/blog\/wp-content\/uploads\/2025\/03\/Vila-Madalena-zimmermann-250x444.jpg"},"large":{"file":"Vila-Madalena-zimmermann-700x1244.jpg","width":700,"height":1244,"filesize":105651,"mimeType":"image\/jpeg","sourceUrl":"https:\/\/www.zimoveis.com.br\/blog\/wp-content\/uploads\/2025\/03\/Vila-Madalena-zimmermann-700x1244.jpg"},"thumbnail":{"file":"Vila-Madalena-zimmermann-150x150.jpg","width":150,"height":150,"filesize":5838,"mimeType":"image\/jpeg","sourceUrl":"https:\/\/www.zimoveis.com.br\/blog\/wp-content\/uploads\/2025\/03\/Vila-Madalena-zimmermann-150x150.jpg"},"small":{"file":"Vila-Madalena-zimmermann-120x213.jpg","width":120,"height":213,"filesize":5363,"mimeType":"image\/jpeg","sourceUrl":"https:\/\/www.zimoveis.com.br\/blog\/wp-content\/uploads\/2025\/03\/Vila-Madalena-zimmermann-120x213.jpg"},"custom-size":{"file":"Vila-Madalena-zimmermann-700x200.jpg","width":700,"height":200,"filesize":31081,"mimeType":"image\/jpeg","sourceUrl":"https:\/\/www.zimoveis.com.br\/blog\/wp-content\/uploads\/2025\/03\/Vila-Madalena-zimmermann-700x200.jpg"},"web-stories-poster-portrait":{"file":"Vila-Madalena-zimmermann-640x853.jpg","width":640,"height":853,"filesize":80566,"mimeType":"image\/jpeg","sourceUrl":"https:\/\/www.zimoveis.com.br\/blog\/wp-content\/uploads\/2025\/03\/Vila-Madalena-zimmermann-640x853.jpg"},"web-stories-publisher-logo":{"file":"Vila-Madalena-zimmermann-96x96.jpg","width":96,"height":96,"filesize":2894,"mimeType":"image\/jpeg","sourceUrl":"https:\/\/www.zimoveis.com.br\/blog\/wp-content\/uploads\/2025\/03\/Vila-Madalena-zimmermann-96x96.jpg"},"web-stories-thumbnail":{"file":"Vila-Madalena-zimmermann-150x267.jpg","width":150,"height":267,"filesize":7615,"mimeType":"image\/jpeg","sourceUrl":"https:\/\/www.zimoveis.com.br\/blog\/wp-content\/uploads\/2025\/03\/Vila-Madalena-zimmermann-150x267.jpg"},"full":{"file":"Vila-Madalena-zimmermann.jpg","width":720,"height":1280,"mimeType":"image\/jpeg","sourceUrl":"https:\/\/www.zimoveis.com.br\/blog\/wp-content\/uploads\/2025\/03\/Vila-Madalena-zimmermann.jpg"}},"isPlaceholder":false,"isExternal":false,"needsProxy":false,"baseColor":"#1a2124","blurHash":"U=Dc][Rjaeay?wWBaxay%Ma}j[j@axbIofj[","creationDate":"2025-03-21T03:01:21","src":"https:\/\/www.zimoveis.com.br\/blog\/wp-content\/uploads\/2025\/03\/Vila-Madalena-zimmermann.jpg","id":2456,"alt":"Panor\u00e2mica do bairro Vila Madalena na cidade de sp","local":false,"provider":"local"},"type":"image","x":48,"y":0,"width":330,"height":586,"mask":{"type":"rectangle","showInLibrary":true,"name":"Rectangle","path":"M 0,0 1,0 1,1 0,1 0,0 Z","ratio":1,"supportsBorder":true},"id":"6844b61d-96c0-4f17-b70c-478d6185468c","isBackground":true,"isHidden":false},{"opacity":100,"flip":{"vertical":false,"horizontal":false},"rotationAngle":0,"lockAspectRatio":false,"backgroundColor":{"color":{"r":114,"g":30,"b":52,"a":0.6}},"x":47,"y":295,"width":317,"height":114,"mask":{"type":"rectangle"},"id":"6132a86d-48e0-4900-b4b5-e1978f0687c4","borderRadius":{"locked":true,"topLeft":20,"topRight":20,"bottomRight":20,"bottomLeft":20},"type":"shape"},{"opacity":100,"flip":{"vertical":false,"horizontal":false},"rotationAngle":0,"lockAspectRatio":false,"backgroundColor":{"color":{"r":255,"g":255,"b":255}},"width":224,"height":33,"x":-7,"y":-5,"mask":{"type":"rectangle"},"id":"15e801f9-afc9-4772-abf4-91b1b8205e84","borderRadius":{"locked":true,"topLeft":20,"topRight":20,"bottomRight":20,"bottomLeft":20},"type":"shape"},{"opacity":100,"flip":{"vertical":false,"horizontal":false},"rotationAngle":0,"lockAspectRatio":false,"backgroundColor":{"color":{"r":255,"g":248,"b":242,"a":0.8}},"width":335,"height":133,"x":47,"y":408,"mask":{"type":"rectangle"},"id":"09296bfc-228b-4217-915a-3e359face2e4","borderRadius":{"locked":true,"topLeft":20,"topRight":20,"bottomRight":20,"bottomLeft":20},"type":"shape"},{"opacity":100,"flip":{"vertical":false,"horizontal":false},"rotationAngle":0,"lockAspectRatio":true,"backgroundTextMode":"NONE","font":{"family":"Roboto"},"fontSize":27,"backgroundColor":{"color":{"r":196,"g":196,"b":196}},"lineHeight":1.19,"textAlign":"center","padding":{"locked":true,"hasHiddenPadding":false,"horizontal":0,"vertical":0},"content":"<span style=\"font-weight: 700; color: #fff8f2\">Infraestrutura e acessibilidade<\/span>","x":57,"y":320,"width":298,"borderRadius":{"locked":true,"topLeft":2,"topRight":2,"bottomRight":2,"bottomLeft":2},"height":64,"id":"eb182b1c-4f32-47b3-94d3-6714cc0a1539","tagName":"h3","type":"text"},{"opacity":100,"flip":{"vertical":false,"horizontal":false},"rotationAngle":0,"lockAspectRatio":true,"backgroundTextMode":"NONE","font":{"family":"Roboto"},"fontSize":19,"backgroundColor":{"color":{"r":196,"g":196,"b":196}},"lineHeight":1.2,"textAlign":"left","padding":{"locked":true,"hasHiddenPadding":false,"horizontal":0,"vertical":0},"content":"<span style=\"color: #721e34\">Com ruas arborizadas, o bairro tem <\/span><span style=\"font-weight: 700; color: #721e34\">infraestrutura moderna e f\u00e1cil locomo\u00e7\u00e3o<\/span><span style=\"color: #721e34\"> via Metr\u00f4 Vila Madalena e linhas de \u00f4nibus.<\/span>","x":61,"y":429,"width":295,"borderRadius":{"locked":true,"topLeft":2,"topRight":2,"bottomRight":2,"bottomLeft":2},"height":90,"id":"0ace7b8c-2151-48b4-ba50-b9185a3eb65c","tagName":"p","marginOffset":0.5062499999999979,"type":"text"},{"opacity":100,"flip":{"vertical":false,"horizontal":false},"rotationAngle":0,"lockAspectRatio":false,"scale":99.64231578947368,"focalX":50.48636147351351,"focalY":50.17948409151892,"resource":{"type":"image","mimeType":"image\/png","width":1318,"height":200,"sizes":{"medium":{"file":"logo-thin-250x38.png","width":250,"height":38,"filesize":3708,"mimeType":"image\/png","sourceUrl":"https:\/\/www.zimoveis.com.br\/blog\/wp-content\/uploads\/2025\/01\/logo-thin-250x38.png"},"large":{"file":"logo-thin-700x106.png","width":700,"height":106,"filesize":13839,"mimeType":"image\/png","sourceUrl":"https:\/\/www.zimoveis.com.br\/blog\/wp-content\/uploads\/2025\/01\/logo-thin-700x106.png"},"thumbnail":{"file":"logo-thin-150x150.png","width":150,"height":150,"filesize":3048,"mimeType":"image\/png","sourceUrl":"https:\/\/www.zimoveis.com.br\/blog\/wp-content\/uploads\/2025\/01\/logo-thin-150x150.png"},"medium_large":{"file":"logo-thin-768x117.png","width":768,"height":117,"filesize":15555,"mimeType":"image\/png","sourceUrl":"https:\/\/www.zimoveis.com.br\/blog\/wp-content\/uploads\/2025\/01\/logo-thin-768x117.png"},"small":{"file":"logo-thin-120x18.png","width":120,"height":18,"filesize":1526,"mimeType":"image\/png","sourceUrl":"https:\/\/www.zimoveis.com.br\/blog\/wp-content\/uploads\/2025\/01\/logo-thin-120x18.png"},"custom-size":{"file":"logo-thin-700x200.png","width":700,"height":200,"filesize":4880,"mimeType":"image\/png","sourceUrl":"https:\/\/www.zimoveis.com.br\/blog\/wp-content\/uploads\/2025\/01\/logo-thin-700x200.png"},"web-stories-poster-portrait":{"file":"logo-thin-640x200.png","width":640,"height":200,"filesize":4744,"mimeType":"image\/png","sourceUrl":"https:\/\/www.zimoveis.com.br\/blog\/wp-content\/uploads\/2025\/01\/logo-thin-640x200.png"},"web-stories-publisher-logo":{"file":"logo-thin-96x96.png","width":96,"height":96,"filesize":1781,"mimeType":"image\/png","sourceUrl":"https:\/\/www.zimoveis.com.br\/blog\/wp-content\/uploads\/2025\/01\/logo-thin-96x96.png"},"web-stories-thumbnail":{"file":"logo-thin-150x23.png","width":150,"height":23,"filesize":2006,"mimeType":"image\/png","sourceUrl":"https:\/\/www.zimoveis.com.br\/blog\/wp-content\/uploads\/2025\/01\/logo-thin-150x23.png"},"full":{"file":"logo-thin.png","width":1318,"height":200,"mimeType":"image\/png","sourceUrl":"https:\/\/www.zimoveis.com.br\/blog\/wp-content\/uploads\/2025\/01\/logo-thin.png"}},"isPlaceholder":false,"isExternal":false,"needsProxy":false,"baseColor":"#cc2427","blurHash":"U54K54|_|_]n$O$P$O$PJjJ*OBOBNvNvNvNv","creationDate":"2025-01-15T19:35:58","src":"https:\/\/www.zimoveis.com.br\/blog\/wp-content\/uploads\/2025\/01\/logo-thin.png","id":1985,"alt":"","local":false},"x":28,"y":0,"width":172,"height":26,"mask":{"type":"rectangle","showInLibrary":true,"name":"Rectangle","path":"M 0,0 1,0 1,1 0,1 0,0 Z","ratio":1,"supportsBorder":true},"id":"683f93fd-1f03-4f0e-92f4-3674bc58ee48","type":"image"}],"backgroundColor":{"color":{"r":255,"g":255,"b":255}},"animations":[{"id":"394c51aa-a57a-4bdd-a4bf-b37def401343","type":"effect-background-zoom","zoomDirection":"scaleOut","duration":2000,"delay":0,"targets":["6844b61d-96c0-4f17-b70c-478d6185468c"]}],"type":"page","id":"e91e432a-af4b-45a0-9710-c6159c0f2ac8","defaultBackgroundElement":{"opacity":100,"flip":{"vertical":false,"horizontal":false},"rotationAngle":0,"lockAspectRatio":true,"backgroundColor":{"color":{"r":255,"g":255,"b":255}},"x":1,"y":1,"width":1,"height":1,"mask":{"type":"rectangle"},"isBackground":true,"isDefaultBackground":true,"type":"shape","id":"b4a79d54-2076-43d1-a954-5e2e74a5c148"},"pageTemplateType":"cover","pageAttachment":{"url":"","icon":"https:\/\/www.zimoveis.com.br\/images\/site\/og_logo.jpg?cachebust=1737377251","needsProxy":false,"ctaText":"Apartamentos Perdizes","theme":"light"}},{"elements":[{"opacity":100,"flip":{"vertical":false,"horizontal":false},"rotationAngle":0,"lockAspectRatio":false,"scale":100,"focalX":50,"focalY":50,"resource":{"type":"image","mimeType":"image\/jpeg","width":720,"height":1280,"sizes":{"medium":{"file":"Vila-Madalena-saude-250x444.jpg","width":250,"height":444,"filesize":15979,"mimeType":"image\/jpeg","sourceUrl":"https:\/\/www.zimoveis.com.br\/blog\/wp-content\/uploads\/2025\/03\/Vila-Madalena-saude-250x444.jpg"},"large":{"file":"Vila-Madalena-saude-700x1244.jpg","width":700,"height":1244,"filesize":81089,"mimeType":"image\/jpeg","sourceUrl":"https:\/\/www.zimoveis.com.br\/blog\/wp-content\/uploads\/2025\/03\/Vila-Madalena-saude-700x1244.jpg"},"thumbnail":{"file":"Vila-Madalena-saude-150x150.jpg","width":150,"height":150,"filesize":4487,"mimeType":"image\/jpeg","sourceUrl":"https:\/\/www.zimoveis.com.br\/blog\/wp-content\/uploads\/2025\/03\/Vila-Madalena-saude-150x150.jpg"},"small":{"file":"Vila-Madalena-saude-120x213.jpg","width":120,"height":213,"filesize":5421,"mimeType":"image\/jpeg","sourceUrl":"https:\/\/www.zimoveis.com.br\/blog\/wp-content\/uploads\/2025\/03\/Vila-Madalena-saude-120x213.jpg"},"custom-size":{"file":"Vila-Madalena-saude-700x200.jpg","width":700,"height":200,"filesize":14016,"mimeType":"image\/jpeg","sourceUrl":"https:\/\/www.zimoveis.com.br\/blog\/wp-content\/uploads\/2025\/03\/Vila-Madalena-saude-700x200.jpg"},"web-stories-poster-portrait":{"file":"Vila-Madalena-saude-640x853.jpg","width":640,"height":853,"filesize":52115,"mimeType":"image\/jpeg","sourceUrl":"https:\/\/www.zimoveis.com.br\/blog\/wp-content\/uploads\/2025\/03\/Vila-Madalena-saude-640x853.jpg"},"web-stories-publisher-logo":{"file":"Vila-Madalena-saude-96x96.jpg","width":96,"height":96,"filesize":2506,"mimeType":"image\/jpeg","sourceUrl":"https:\/\/www.zimoveis.com.br\/blog\/wp-content\/uploads\/2025\/03\/Vila-Madalena-saude-96x96.jpg"},"web-stories-thumbnail":{"file":"Vila-Madalena-saude-150x267.jpg","width":150,"height":267,"filesize":7433,"mimeType":"image\/jpeg","sourceUrl":"https:\/\/www.zimoveis.com.br\/blog\/wp-content\/uploads\/2025\/03\/Vila-Madalena-saude-150x267.jpg"},"full":{"file":"Vila-Madalena-saude.jpg","width":720,"height":1280,"mimeType":"image\/jpeg","sourceUrl":"https:\/\/www.zimoveis.com.br\/blog\/wp-content\/uploads\/2025\/03\/Vila-Madalena-saude.jpg"}},"isPlaceholder":false,"isExternal":false,"needsProxy":false,"baseColor":"#302b2a","blurHash":"UrG+2UIVMxoz~qM{M{ozt7e.j[kCIoWAt7ay","creationDate":"2025-03-21T03:01:26","src":"https:\/\/www.zimoveis.com.br\/blog\/wp-content\/uploads\/2025\/03\/Vila-Madalena-saude.jpg","id":2459,"alt":"M\u00e9dico examinando o paciente representando os servi\u00e7os de sa\u00fade da Vila Madalena","local":false,"provider":"local"},"type":"image","x":48,"y":0,"width":330,"height":586,"mask":{"type":"rectangle","showInLibrary":true,"name":"Rectangle","path":"M 0,0 1,0 1,1 0,1 0,0 Z","ratio":1,"supportsBorder":true},"id":"6293e8d4-08f5-44c5-bb10-43c44c474a7c","isBackground":true,"isHidden":false},{"opacity":100,"flip":{"vertical":false,"horizontal":false},"rotationAngle":0,"lockAspectRatio":false,"backgroundColor":{"color":{"r":114,"g":30,"b":52,"a":0.6}},"x":47,"y":298,"width":317,"height":111,"mask":{"type":"rectangle"},"id":"a9d7eb20-542e-438b-8f3f-564599aca647","borderRadius":{"locked":true,"topLeft":20,"topRight":20,"bottomRight":20,"bottomLeft":20},"type":"shape"},{"opacity":100,"flip":{"vertical":false,"horizontal":false},"rotationAngle":0,"lockAspectRatio":false,"backgroundColor":{"color":{"r":255,"g":255,"b":255}},"width":224,"height":33,"x":-7,"y":-5,"mask":{"type":"rectangle"},"id":"42c35c00-ae77-431d-a70d-de51b565f7bb","borderRadius":{"locked":true,"topLeft":20,"topRight":20,"bottomRight":20,"bottomLeft":20},"type":"shape"},{"opacity":100,"flip":{"vertical":false,"horizontal":false},"rotationAngle":0,"lockAspectRatio":false,"backgroundColor":{"color":{"r":255,"g":248,"b":242,"a":0.8}},"width":335,"height":151,"x":47,"y":408,"mask":{"type":"rectangle"},"id":"d4ce3bc3-a40b-47d7-a1ae-7ba61d703f3a","borderRadius":{"locked":true,"topLeft":20,"topRight":20,"bottomRight":20,"bottomLeft":20},"type":"shape"},{"opacity":100,"flip":{"vertical":false,"horizontal":false},"rotationAngle":0,"lockAspectRatio":true,"backgroundTextMode":"NONE","font":{"family":"Roboto"},"fontSize":27,"backgroundColor":{"color":{"r":196,"g":196,"b":196}},"lineHeight":1.19,"textAlign":"center","padding":{"locked":true,"hasHiddenPadding":false,"horizontal":0,"vertical":0},"content":"<span style=\"font-weight: 700; color: #fff8f2\">O bairro \u00e9 refer\u00eancia&nbsp;<\/span>\n<span style=\"font-weight: 700; color: #fff8f2\">em sa\u00fade<\/span>","x":57,"y":321,"width":298,"borderRadius":{"locked":true,"topLeft":2,"topRight":2,"bottomRight":2,"bottomLeft":2},"height":64,"id":"ce15c803-a779-460c-a3e4-93fdbd896fee","tagName":"h3","type":"text"},{"opacity":100,"flip":{"vertical":false,"horizontal":false},"rotationAngle":0,"lockAspectRatio":true,"backgroundTextMode":"NONE","font":{"family":"Roboto"},"fontSize":19,"backgroundColor":{"color":{"r":196,"g":196,"b":196}},"lineHeight":1.2,"textAlign":"left","padding":{"locked":true,"hasHiddenPadding":false,"horizontal":0,"vertical":0},"content":"<span style=\"color: #721e34\">A regi\u00e3o conta com cl\u00ednicas e hospitais, al\u00e9m de ruas tranquilas para caminhada que <\/span><span style=\"font-weight: 700; color: #721e34\">podem incentivar o estilo de vida mais saud\u00e1vel.<\/span>","x":61,"y":429,"width":295,"borderRadius":{"locked":true,"topLeft":2,"topRight":2,"bottomRight":2,"bottomLeft":2},"height":113,"id":"beeaad19-1acd-4959-a9f8-cbc6a92f0253","tagName":"p","marginOffset":0.5062499999999979,"type":"text"},{"opacity":100,"flip":{"vertical":false,"horizontal":false},"rotationAngle":0,"lockAspectRatio":false,"scale":99.64231578947368,"focalX":50.48636147351351,"focalY":50.17948409151892,"resource":{"type":"image","mimeType":"image\/png","width":1318,"height":200,"sizes":{"medium":{"file":"logo-thin-250x38.png","width":250,"height":38,"filesize":3708,"mimeType":"image\/png","sourceUrl":"https:\/\/www.zimoveis.com.br\/blog\/wp-content\/uploads\/2025\/01\/logo-thin-250x38.png"},"large":{"file":"logo-thin-700x106.png","width":700,"height":106,"filesize":13839,"mimeType":"image\/png","sourceUrl":"https:\/\/www.zimoveis.com.br\/blog\/wp-content\/uploads\/2025\/01\/logo-thin-700x106.png"},"thumbnail":{"file":"logo-thin-150x150.png","width":150,"height":150,"filesize":3048,"mimeType":"image\/png","sourceUrl":"https:\/\/www.zimoveis.com.br\/blog\/wp-content\/uploads\/2025\/01\/logo-thin-150x150.png"},"medium_large":{"file":"logo-thin-768x117.png","width":768,"height":117,"filesize":15555,"mimeType":"image\/png","sourceUrl":"https:\/\/www.zimoveis.com.br\/blog\/wp-content\/uploads\/2025\/01\/logo-thin-768x117.png"},"small":{"file":"logo-thin-120x18.png","width":120,"height":18,"filesize":1526,"mimeType":"image\/png","sourceUrl":"https:\/\/www.zimoveis.com.br\/blog\/wp-content\/uploads\/2025\/01\/logo-thin-120x18.png"},"custom-size":{"file":"logo-thin-700x200.png","width":700,"height":200,"filesize":4880,"mimeType":"image\/png","sourceUrl":"https:\/\/www.zimoveis.com.br\/blog\/wp-content\/uploads\/2025\/01\/logo-thin-700x200.png"},"web-stories-poster-portrait":{"file":"logo-thin-640x200.png","width":640,"height":200,"filesize":4744,"mimeType":"image\/png","sourceUrl":"https:\/\/www.zimoveis.com.br\/blog\/wp-content\/uploads\/2025\/01\/logo-thin-640x200.png"},"web-stories-publisher-logo":{"file":"logo-thin-96x96.png","width":96,"height":96,"filesize":1781,"mimeType":"image\/png","sourceUrl":"https:\/\/www.zimoveis.com.br\/blog\/wp-content\/uploads\/2025\/01\/logo-thin-96x96.png"},"web-stories-thumbnail":{"file":"logo-thin-150x23.png","width":150,"height":23,"filesize":2006,"mimeType":"image\/png","sourceUrl":"https:\/\/www.zimoveis.com.br\/blog\/wp-content\/uploads\/2025\/01\/logo-thin-150x23.png"},"full":{"file":"logo-thin.png","width":1318,"height":200,"mimeType":"image\/png","sourceUrl":"https:\/\/www.zimoveis.com.br\/blog\/wp-content\/uploads\/2025\/01\/logo-thin.png"}},"isPlaceholder":false,"isExternal":false,"needsProxy":false,"baseColor":"#cc2427","blurHash":"U54K54|_|_]n$O$P$O$PJjJ*OBOBNvNvNvNv","creationDate":"2025-01-15T19:35:58","src":"https:\/\/www.zimoveis.com.br\/blog\/wp-content\/uploads\/2025\/01\/logo-thin.png","id":1985,"alt":"","local":false},"x":28,"y":0,"width":172,"height":26,"mask":{"type":"rectangle","showInLibrary":true,"name":"Rectangle","path":"M 0,0 1,0 1,1 0,1 0,0 Z","ratio":1,"supportsBorder":true},"id":"d0fc2c55-f0ed-4dec-840a-05951895d881","type":"image"}],"backgroundColor":{"color":{"r":255,"g":255,"b":255}},"animations":[{"id":"afc2ad64-0ced-4370-8e8b-e3b830fd76d3","type":"effect-background-zoom","zoomDirection":"scaleOut","duration":2000,"delay":0,"targets":["6293e8d4-08f5-44c5-bb10-43c44c474a7c"]}],"type":"page","id":"f88b4e76-d762-4ce9-8376-85d28b61d2fc","defaultBackgroundElement":{"opacity":100,"flip":{"vertical":false,"horizontal":false},"rotationAngle":0,"lockAspectRatio":true,"backgroundColor":{"color":{"r":255,"g":255,"b":255}},"x":1,"y":1,"width":1,"height":1,"mask":{"type":"rectangle"},"isBackground":true,"isDefaultBackground":true,"type":"shape","id":"b4a79d54-2076-43d1-a954-5e2e74a5c148"},"pageTemplateType":"cover","pageAttachment":{"url":"","icon":"https:\/\/www.zimoveis.com.br\/images\/site\/og_logo.jpg?cachebust=1737377251","needsProxy":false,"ctaText":"Apartamentos Perdizes","theme":"light"}},{"elements":[{"opacity":100,"flip":{"vertical":false,"horizontal":false},"rotationAngle":0,"lockAspectRatio":false,"scale":100,"focalX":50,"focalY":50,"resource":{"type":"image","mimeType":"image\/jpeg","width":720,"height":1280,"sizes":{"medium":{"file":"Vila-Madalena-educacao-250x444.jpg","width":250,"height":444,"filesize":18048,"mimeType":"image\/jpeg","sourceUrl":"https:\/\/www.zimoveis.com.br\/blog\/wp-content\/uploads\/2025\/03\/Vila-Madalena-educacao-250x444.jpg"},"large":{"file":"Vila-Madalena-educacao-700x1244.jpg","width":700,"height":1244,"filesize":87848,"mimeType":"image\/jpeg","sourceUrl":"https:\/\/www.zimoveis.com.br\/blog\/wp-content\/uploads\/2025\/03\/Vila-Madalena-educacao-700x1244.jpg"},"thumbnail":{"file":"Vila-Madalena-educacao-150x150.jpg","width":150,"height":150,"filesize":5866,"mimeType":"image\/jpeg","sourceUrl":"https:\/\/www.zimoveis.com.br\/blog\/wp-content\/uploads\/2025\/03\/Vila-Madalena-educacao-150x150.jpg"},"small":{"file":"Vila-Madalena-educacao-120x213.jpg","width":120,"height":213,"filesize":6137,"mimeType":"image\/jpeg","sourceUrl":"https:\/\/www.zimoveis.com.br\/blog\/wp-content\/uploads\/2025\/03\/Vila-Madalena-educacao-120x213.jpg"},"custom-size":{"file":"Vila-Madalena-educacao-700x200.jpg","width":700,"height":200,"filesize":18211,"mimeType":"image\/jpeg","sourceUrl":"https:\/\/www.zimoveis.com.br\/blog\/wp-content\/uploads\/2025\/03\/Vila-Madalena-educacao-700x200.jpg"},"web-stories-poster-portrait":{"file":"Vila-Madalena-educacao-640x853.jpg","width":640,"height":853,"filesize":61512,"mimeType":"image\/jpeg","sourceUrl":"https:\/\/www.zimoveis.com.br\/blog\/wp-content\/uploads\/2025\/03\/Vila-Madalena-educacao-640x853.jpg"},"web-stories-publisher-logo":{"file":"Vila-Madalena-educacao-96x96.jpg","width":96,"height":96,"filesize":3139,"mimeType":"image\/jpeg","sourceUrl":"https:\/\/www.zimoveis.com.br\/blog\/wp-content\/uploads\/2025\/03\/Vila-Madalena-educacao-96x96.jpg"},"web-stories-thumbnail":{"file":"Vila-Madalena-educacao-150x267.jpg","width":150,"height":267,"filesize":8490,"mimeType":"image\/jpeg","sourceUrl":"https:\/\/www.zimoveis.com.br\/blog\/wp-content\/uploads\/2025\/03\/Vila-Madalena-educacao-150x267.jpg"},"full":{"file":"Vila-Madalena-educacao.jpg","width":720,"height":1280,"mimeType":"image\/jpeg","sourceUrl":"https:\/\/www.zimoveis.com.br\/blog\/wp-content\/uploads\/2025\/03\/Vila-Madalena-educacao.jpg"}},"isPlaceholder":false,"isExternal":false,"needsProxy":false,"baseColor":"#342c22","blurHash":"UXELvoIAi_Ne~pM_nhNHt9aes:RiJCWBt7aJ","creationDate":"2025-03-21T03:01:23","src":"https:\/\/www.zimoveis.com.br\/blog\/wp-content\/uploads\/2025\/03\/Vila-Madalena-educacao.jpg","id":2457,"alt":"Professora e aluno representando o servi\u00e7o de educa\u00e7\u00e3o da Vila Madalena","local":false,"provider":"local"},"type":"image","x":48,"y":0,"width":330,"height":586,"mask":{"type":"rectangle","showInLibrary":true,"name":"Rectangle","path":"M 0,0 1,0 1,1 0,1 0,0 Z","ratio":1,"supportsBorder":true},"id":"3aa8c2ca-f270-4fd5-a893-c401088a82c4","isBackground":true,"isHidden":false},{"opacity":100,"flip":{"vertical":false,"horizontal":false},"rotationAngle":0,"lockAspectRatio":false,"backgroundColor":{"color":{"r":114,"g":30,"b":52,"a":0.6}},"x":47,"y":298,"width":317,"height":111,"mask":{"type":"rectangle"},"id":"2252ff8c-8317-4f8f-b3cc-867f86a2e496","borderRadius":{"locked":true,"topLeft":20,"topRight":20,"bottomRight":20,"bottomLeft":20},"type":"shape"},{"opacity":100,"flip":{"vertical":false,"horizontal":false},"rotationAngle":0,"lockAspectRatio":false,"backgroundColor":{"color":{"r":255,"g":255,"b":255}},"width":224,"height":33,"x":-7,"y":-5,"mask":{"type":"rectangle"},"id":"fa4e7286-e362-425a-82d7-89fb7f46836b","borderRadius":{"locked":true,"topLeft":20,"topRight":20,"bottomRight":20,"bottomLeft":20},"type":"shape"},{"opacity":100,"flip":{"vertical":false,"horizontal":false},"rotationAngle":0,"lockAspectRatio":false,"backgroundColor":{"color":{"r":255,"g":248,"b":242,"a":0.8}},"width":335,"height":176,"x":47,"y":408,"mask":{"type":"rectangle"},"id":"00bc9940-7c28-491f-9701-1afa723bcf0c","borderRadius":{"locked":true,"topLeft":20,"topRight":20,"bottomRight":20,"bottomLeft":20},"type":"shape"},{"opacity":100,"flip":{"vertical":false,"horizontal":false},"rotationAngle":0,"lockAspectRatio":true,"backgroundTextMode":"NONE","font":{"family":"Roboto"},"fontSize":27,"backgroundColor":{"color":{"r":196,"g":196,"b":196}},"lineHeight":1.19,"textAlign":"center","padding":{"locked":true,"hasHiddenPadding":false,"horizontal":0,"vertical":0},"content":"<span style=\"font-weight: 700; color: #fff8f2\">Educa\u00e7\u00e3o de&nbsp;<\/span>\n<span style=\"font-weight: 700; color: #fff8f2\">qualidade<\/span>","x":57,"y":321,"width":298,"borderRadius":{"locked":true,"topLeft":2,"topRight":2,"bottomRight":2,"bottomLeft":2},"height":64,"id":"346f1c91-46fd-4066-8daa-63a9eb397b97","tagName":"h3","type":"text"},{"opacity":100,"flip":{"vertical":false,"horizontal":false},"rotationAngle":0,"lockAspectRatio":true,"backgroundTextMode":"NONE","font":{"family":"Roboto"},"fontSize":19,"backgroundColor":{"color":{"r":196,"g":196,"b":196}},"lineHeight":1.2,"textAlign":"left","padding":{"locked":true,"hasHiddenPadding":false,"horizontal":0,"vertical":0},"content":"<span style=\"color: #721e34\">A Vila Madalena tem escolas renomadas e fica pr\u00f3xima \u00e0 USP. A oferta de institui\u00e7\u00f5es tradicionais faz do <\/span><span style=\"font-weight: 700; color: #721e34\">bairro um \u00f3timo lugar para fam\u00edlias<\/span><span style=\"color: #721e34\"> <\/span><span style=\"font-weight: 700; color: #721e34\">que priorizam ensino de alto n\u00edvel.<\/span>","x":61,"y":429,"width":295,"borderRadius":{"locked":true,"topLeft":2,"topRight":2,"bottomRight":2,"bottomLeft":2},"height":137,"id":"6f9a60a0-b8ec-4aea-9404-6437bddf5510","tagName":"p","marginOffset":0.5062499999999979,"type":"text"},{"opacity":100,"flip":{"vertical":false,"horizontal":false},"rotationAngle":0,"lockAspectRatio":false,"scale":99.64231578947368,"focalX":50.48636147351351,"focalY":50.17948409151892,"resource":{"type":"image","mimeType":"image\/png","width":1318,"height":200,"sizes":{"medium":{"file":"logo-thin-250x38.png","width":250,"height":38,"filesize":3708,"mimeType":"image\/png","sourceUrl":"https:\/\/www.zimoveis.com.br\/blog\/wp-content\/uploads\/2025\/01\/logo-thin-250x38.png"},"large":{"file":"logo-thin-700x106.png","width":700,"height":106,"filesize":13839,"mimeType":"image\/png","sourceUrl":"https:\/\/www.zimoveis.com.br\/blog\/wp-content\/uploads\/2025\/01\/logo-thin-700x106.png"},"thumbnail":{"file":"logo-thin-150x150.png","width":150,"height":150,"filesize":3048,"mimeType":"image\/png","sourceUrl":"https:\/\/www.zimoveis.com.br\/blog\/wp-content\/uploads\/2025\/01\/logo-thin-150x150.png"},"medium_large":{"file":"logo-thin-768x117.png","width":768,"height":117,"filesize":15555,"mimeType":"image\/png","sourceUrl":"https:\/\/www.zimoveis.com.br\/blog\/wp-content\/uploads\/2025\/01\/logo-thin-768x117.png"},"small":{"file":"logo-thin-120x18.png","width":120,"height":18,"filesize":1526,"mimeType":"image\/png","sourceUrl":"https:\/\/www.zimoveis.com.br\/blog\/wp-content\/uploads\/2025\/01\/logo-thin-120x18.png"},"custom-size":{"file":"logo-thin-700x200.png","width":700,"height":200,"filesize":4880,"mimeType":"image\/png","sourceUrl":"https:\/\/www.zimoveis.com.br\/blog\/wp-content\/uploads\/2025\/01\/logo-thin-700x200.png"},"web-stories-poster-portrait":{"file":"logo-thin-640x200.png","width":640,"height":200,"filesize":4744,"mimeType":"image\/png","sourceUrl":"https:\/\/www.zimoveis.com.br\/blog\/wp-content\/uploads\/2025\/01\/logo-thin-640x200.png"},"web-stories-publisher-logo":{"file":"logo-thin-96x96.png","width":96,"height":96,"filesize":1781,"mimeType":"image\/png","sourceUrl":"https:\/\/www.zimoveis.com.br\/blog\/wp-content\/uploads\/2025\/01\/logo-thin-96x96.png"},"web-stories-thumbnail":{"file":"logo-thin-150x23.png","width":150,"height":23,"filesize":2006,"mimeType":"image\/png","sourceUrl":"https:\/\/www.zimoveis.com.br\/blog\/wp-content\/uploads\/2025\/01\/logo-thin-150x23.png"},"full":{"file":"logo-thin.png","width":1318,"height":200,"mimeType":"image\/png","sourceUrl":"https:\/\/www.zimoveis.com.br\/blog\/wp-content\/uploads\/2025\/01\/logo-thin.png"}},"isPlaceholder":false,"isExternal":false,"needsProxy":false,"baseColor":"#cc2427","blurHash":"U54K54|_|_]n$O$P$O$PJjJ*OBOBNvNvNvNv","creationDate":"2025-01-15T19:35:58","src":"https:\/\/www.zimoveis.com.br\/blog\/wp-content\/uploads\/2025\/01\/logo-thin.png","id":1985,"alt":"","local":false},"x":28,"y":0,"width":172,"height":26,"mask":{"type":"rectangle","showInLibrary":true,"name":"Rectangle","path":"M 0,0 1,0 1,1 0,1 0,0 Z","ratio":1,"supportsBorder":true},"id":"6fffbdbb-6468-4381-beeb-4f194988b4dd","type":"image"}],"backgroundColor":{"color":{"r":255,"g":255,"b":255}},"animations":[{"id":"f86a71f5-6bd9-408f-ad4d-202269a10aa3","type":"effect-background-zoom","zoomDirection":"scaleOut","duration":2000,"delay":0,"targets":["3aa8c2ca-f270-4fd5-a893-c401088a82c4"]}],"type":"page","id":"6f58b4a4-67f7-4752-8bfb-579e5bdf52c4","defaultBackgroundElement":{"opacity":100,"flip":{"vertical":false,"horizontal":false},"rotationAngle":0,"lockAspectRatio":true,"backgroundColor":{"color":{"r":255,"g":255,"b":255}},"x":1,"y":1,"width":1,"height":1,"mask":{"type":"rectangle"},"isBackground":true,"isDefaultBackground":true,"type":"shape","id":"b4a79d54-2076-43d1-a954-5e2e74a5c148"},"pageTemplateType":"cover","pageAttachment":{"url":"","icon":"https:\/\/www.zimoveis.com.br\/images\/site\/og_logo.jpg?cachebust=1737377251","needsProxy":false,"ctaText":"Apartamentos Perdizes","theme":"light"}},{"elements":[{"opacity":100,"flip":{"vertical":false,"horizontal":false},"rotationAngle":0,"lockAspectRatio":false,"scale":100,"focalX":50,"focalY":50,"resource":{"type":"image","mimeType":"image\/jpeg","width":720,"height":1280,"sizes":{"medium":{"file":"Vila-Madalena-imoveis-250x444.jpg","width":250,"height":444,"filesize":13565,"mimeType":"image\/jpeg","sourceUrl":"https:\/\/www.zimoveis.com.br\/blog\/wp-content\/uploads\/2025\/03\/Vila-Madalena-imoveis-250x444.jpg"},"large":{"file":"Vila-Madalena-imoveis-700x1244.jpg","width":700,"height":1244,"filesize":60343,"mimeType":"image\/jpeg","sourceUrl":"https:\/\/www.zimoveis.com.br\/blog\/wp-content\/uploads\/2025\/03\/Vila-Madalena-imoveis-700x1244.jpg"},"thumbnail":{"file":"Vila-Madalena-imoveis-150x150.jpg","width":150,"height":150,"filesize":4671,"mimeType":"image\/jpeg","sourceUrl":"https:\/\/www.zimoveis.com.br\/blog\/wp-content\/uploads\/2025\/03\/Vila-Madalena-imoveis-150x150.jpg"},"small":{"file":"Vila-Madalena-imoveis-120x213.jpg","width":120,"height":213,"filesize":5147,"mimeType":"image\/jpeg","sourceUrl":"https:\/\/www.zimoveis.com.br\/blog\/wp-content\/uploads\/2025\/03\/Vila-Madalena-imoveis-120x213.jpg"},"custom-size":{"file":"Vila-Madalena-imoveis-700x200.jpg","width":700,"height":200,"filesize":12806,"mimeType":"image\/jpeg","sourceUrl":"https:\/\/www.zimoveis.com.br\/blog\/wp-content\/uploads\/2025\/03\/Vila-Madalena-imoveis-700x200.jpg"},"web-stories-poster-portrait":{"file":"Vila-Madalena-imoveis-640x853.jpg","width":640,"height":853,"filesize":42895,"mimeType":"image\/jpeg","sourceUrl":"https:\/\/www.zimoveis.com.br\/blog\/wp-content\/uploads\/2025\/03\/Vila-Madalena-imoveis-640x853.jpg"},"web-stories-publisher-logo":{"file":"Vila-Madalena-imoveis-96x96.jpg","width":96,"height":96,"filesize":2696,"mimeType":"image\/jpeg","sourceUrl":"https:\/\/www.zimoveis.com.br\/blog\/wp-content\/uploads\/2025\/03\/Vila-Madalena-imoveis-96x96.jpg"},"web-stories-thumbnail":{"file":"Vila-Madalena-imoveis-150x267.jpg","width":150,"height":267,"filesize":6887,"mimeType":"image\/jpeg","sourceUrl":"https:\/\/www.zimoveis.com.br\/blog\/wp-content\/uploads\/2025\/03\/Vila-Madalena-imoveis-150x267.jpg"},"full":{"file":"Vila-Madalena-imoveis.jpg","width":720,"height":1280,"mimeType":"image\/jpeg","sourceUrl":"https:\/\/www.zimoveis.com.br\/blog\/wp-content\/uploads\/2025\/03\/Vila-Madalena-imoveis.jpg"}},"isPlaceholder":false,"isExternal":false,"needsProxy":false,"baseColor":"#b1948c","blurHash":"UTC=}9IUo#V@~VV@kWWB%2xakCWVS#xajZkC","creationDate":"2025-03-21T03:01:19","src":"https:\/\/www.zimoveis.com.br\/blog\/wp-content\/uploads\/2025\/03\/Vila-Madalena-imoveis.jpg","id":2455,"alt":"Pessoas pegando as chaves do im\u00f3vel comprado na Vila Madalena","local":false,"provider":"local"},"type":"image","x":48,"y":0,"width":330,"height":586,"mask":{"type":"rectangle","showInLibrary":true,"name":"Rectangle","path":"M 0,0 1,0 1,1 0,1 0,0 Z","ratio":1,"supportsBorder":true},"id":"6503fafc-412b-4554-aa84-6e0284c9394c","isBackground":true,"isHidden":false},{"opacity":100,"flip":{"vertical":false,"horizontal":false},"rotationAngle":0,"lockAspectRatio":false,"backgroundColor":{"color":{"r":114,"g":30,"b":52,"a":0.6}},"x":47,"y":298,"width":317,"height":111,"mask":{"type":"rectangle"},"id":"3643257e-025d-4fbc-a2fd-a01feccbcb34","borderRadius":{"locked":true,"topLeft":20,"topRight":20,"bottomRight":20,"bottomLeft":20},"type":"shape"},{"opacity":100,"flip":{"vertical":false,"horizontal":false},"rotationAngle":0,"lockAspectRatio":false,"backgroundColor":{"color":{"r":255,"g":255,"b":255}},"width":224,"height":33,"x":-7,"y":-5,"mask":{"type":"rectangle"},"id":"7626be15-98f1-4ded-b1db-4a11dbecde5d","borderRadius":{"locked":true,"topLeft":20,"topRight":20,"bottomRight":20,"bottomLeft":20},"type":"shape"},{"opacity":100,"flip":{"vertical":false,"horizontal":false},"rotationAngle":0,"lockAspectRatio":false,"backgroundColor":{"color":{"r":255,"g":248,"b":242,"a":0.8}},"width":335,"height":158,"x":47,"y":409,"mask":{"type":"rectangle"},"id":"66abbad3-0c16-4b49-9293-2c8e234e869e","borderRadius":{"locked":true,"topLeft":20,"topRight":20,"bottomRight":20,"bottomLeft":20},"type":"shape"},{"opacity":100,"flip":{"vertical":false,"horizontal":false},"rotationAngle":0,"lockAspectRatio":true,"backgroundTextMode":"NONE","font":{"family":"Roboto"},"fontSize":27,"backgroundColor":{"color":{"r":196,"g":196,"b":196}},"lineHeight":1.19,"textAlign":"center","padding":{"locked":true,"hasHiddenPadding":false,"horizontal":0,"vertical":0},"content":"<span style=\"font-weight: 700; color: #fff8f2\">Im\u00f3veis para&nbsp;<\/span>\n<span style=\"font-weight: 700; color: #fff8f2\">todos os perfis<\/span>","x":57,"y":321,"width":298,"borderRadius":{"locked":true,"topLeft":2,"topRight":2,"bottomRight":2,"bottomLeft":2},"height":64,"id":"689aeff5-c09f-412a-bfa7-47ecd4b0d1f7","tagName":"h2","type":"text"},{"opacity":100,"flip":{"vertical":false,"horizontal":false},"rotationAngle":0,"lockAspectRatio":true,"backgroundTextMode":"NONE","font":{"family":"Roboto"},"fontSize":19,"backgroundColor":{"color":{"r":196,"g":196,"b":196}},"lineHeight":1.2,"textAlign":"left","padding":{"locked":true,"hasHiddenPadding":false,"horizontal":0,"vertical":0},"content":"<span style=\"color: #721e34\">As op\u00e7\u00f5es v\u00e3o de <\/span><span style=\"font-weight: 700; color: #721e34\">studios modernos a coberturas sofisticadas<\/span><span style=\"color: #721e34\">, o mercado imobili\u00e1rio atende diferentes perfis, tanto para morar e investir.<\/span>","x":61,"y":429,"width":295,"borderRadius":{"locked":true,"topLeft":2,"topRight":2,"bottomRight":2,"bottomLeft":2},"height":113,"id":"9212227c-6e2b-46a4-b8c7-c3c8221646cd","tagName":"p","marginOffset":0.5062499999999979,"type":"text"},{"opacity":100,"flip":{"vertical":false,"horizontal":false},"rotationAngle":0,"lockAspectRatio":false,"scale":99.64231578947368,"focalX":50.48636147351351,"focalY":50.17948409151892,"resource":{"type":"image","mimeType":"image\/png","width":1318,"height":200,"sizes":{"medium":{"file":"logo-thin-250x38.png","width":250,"height":38,"filesize":3708,"mimeType":"image\/png","sourceUrl":"https:\/\/www.zimoveis.com.br\/blog\/wp-content\/uploads\/2025\/01\/logo-thin-250x38.png"},"large":{"file":"logo-thin-700x106.png","width":700,"height":106,"filesize":13839,"mimeType":"image\/png","sourceUrl":"https:\/\/www.zimoveis.com.br\/blog\/wp-content\/uploads\/2025\/01\/logo-thin-700x106.png"},"thumbnail":{"file":"logo-thin-150x150.png","width":150,"height":150,"filesize":3048,"mimeType":"image\/png","sourceUrl":"https:\/\/www.zimoveis.com.br\/blog\/wp-content\/uploads\/2025\/01\/logo-thin-150x150.png"},"medium_large":{"file":"logo-thin-768x117.png","width":768,"height":117,"filesize":15555,"mimeType":"image\/png","sourceUrl":"https:\/\/www.zimoveis.com.br\/blog\/wp-content\/uploads\/2025\/01\/logo-thin-768x117.png"},"small":{"file":"logo-thin-120x18.png","width":120,"height":18,"filesize":1526,"mimeType":"image\/png","sourceUrl":"https:\/\/www.zimoveis.com.br\/blog\/wp-content\/uploads\/2025\/01\/logo-thin-120x18.png"},"custom-size":{"file":"logo-thin-700x200.png","width":700,"height":200,"filesize":4880,"mimeType":"image\/png","sourceUrl":"https:\/\/www.zimoveis.com.br\/blog\/wp-content\/uploads\/2025\/01\/logo-thin-700x200.png"},"web-stories-poster-portrait":{"file":"logo-thin-640x200.png","width":640,"height":200,"filesize":4744,"mimeType":"image\/png","sourceUrl":"https:\/\/www.zimoveis.com.br\/blog\/wp-content\/uploads\/2025\/01\/logo-thin-640x200.png"},"web-stories-publisher-logo":{"file":"logo-thin-96x96.png","width":96,"height":96,"filesize":1781,"mimeType":"image\/png","sourceUrl":"https:\/\/www.zimoveis.com.br\/blog\/wp-content\/uploads\/2025\/01\/logo-thin-96x96.png"},"web-stories-thumbnail":{"file":"logo-thin-150x23.png","width":150,"height":23,"filesize":2006,"mimeType":"image\/png","sourceUrl":"https:\/\/www.zimoveis.com.br\/blog\/wp-content\/uploads\/2025\/01\/logo-thin-150x23.png"},"full":{"file":"logo-thin.png","width":1318,"height":200,"mimeType":"image\/png","sourceUrl":"https:\/\/www.zimoveis.com.br\/blog\/wp-content\/uploads\/2025\/01\/logo-thin.png"}},"isPlaceholder":false,"isExternal":false,"needsProxy":false,"baseColor":"#cc2427","blurHash":"U54K54|_|_]n$O$P$O$PJjJ*OBOBNvNvNvNv","creationDate":"2025-01-15T19:35:58","src":"https:\/\/www.zimoveis.com.br\/blog\/wp-content\/uploads\/2025\/01\/logo-thin.png","id":1985,"alt":"","local":false},"x":28,"y":0,"width":172,"height":26,"mask":{"type":"rectangle","showInLibrary":true,"name":"Rectangle","path":"M 0,0 1,0 1,1 0,1 0,0 Z","ratio":1,"supportsBorder":true},"id":"d1cbc482-844d-4207-b0b4-91cf2c6922d8","type":"image"}],"backgroundColor":{"color":{"r":255,"g":255,"b":255}},"animations":[{"id":"6374e163-3198-42e3-a794-3b17b9ab8cff","type":"effect-background-zoom","zoomDirection":"scaleOut","duration":2000,"delay":0,"targets":["6503fafc-412b-4554-aa84-6e0284c9394c"]}],"type":"page","id":"897af628-55c0-44cd-8b95-2011d7a878ae","defaultBackgroundElement":{"opacity":100,"flip":{"vertical":false,"horizontal":false},"rotationAngle":0,"lockAspectRatio":true,"backgroundColor":{"color":{"r":255,"g":255,"b":255}},"x":1,"y":1,"width":1,"height":1,"mask":{"type":"rectangle"},"isBackground":true,"isDefaultBackground":true,"type":"shape","id":"b4a79d54-2076-43d1-a954-5e2e74a5c148"},"pageTemplateType":"cover","pageAttachment":{"url":"","icon":"https:\/\/www.zimoveis.com.br\/images\/site\/og_logo.jpg?cachebust=1737377251","needsProxy":false,"ctaText":"Apartamentos Perdizes","theme":"light"}},{"elements":[{"opacity":100,"flip":{"vertical":false,"horizontal":false},"rotationAngle":0,"lockAspectRatio":false,"scale":100,"focalX":50,"focalY":50,"resource":{"type":"image","mimeType":"image\/jpeg","width":720,"height":1280,"sizes":{"medium":{"file":"Vila-Madalena-infraestrutura-250x444.jpg","width":250,"height":444,"filesize":26699,"mimeType":"image\/jpeg","sourceUrl":"https:\/\/www.zimoveis.com.br\/blog\/wp-content\/uploads\/2025\/03\/Vila-Madalena-infraestrutura-250x444.jpg"},"large":{"file":"Vila-Madalena-infraestrutura-700x1244.jpg","width":700,"height":1244,"filesize":147336,"mimeType":"image\/jpeg","sourceUrl":"https:\/\/www.zimoveis.com.br\/blog\/wp-content\/uploads\/2025\/03\/Vila-Madalena-infraestrutura-700x1244.jpg"},"thumbnail":{"file":"Vila-Madalena-infraestrutura-150x150.jpg","width":150,"height":150,"filesize":7370,"mimeType":"image\/jpeg","sourceUrl":"https:\/\/www.zimoveis.com.br\/blog\/wp-content\/uploads\/2025\/03\/Vila-Madalena-infraestrutura-150x150.jpg"},"small":{"file":"Vila-Madalena-infraestrutura-120x213.jpg","width":120,"height":213,"filesize":7415,"mimeType":"image\/jpeg","sourceUrl":"https:\/\/www.zimoveis.com.br\/blog\/wp-content\/uploads\/2025\/03\/Vila-Madalena-infraestrutura-120x213.jpg"},"custom-size":{"file":"Vila-Madalena-infraestrutura-700x200.jpg","width":700,"height":200,"filesize":33372,"mimeType":"image\/jpeg","sourceUrl":"https:\/\/www.zimoveis.com.br\/blog\/wp-content\/uploads\/2025\/03\/Vila-Madalena-infraestrutura-700x200.jpg"},"web-stories-poster-portrait":{"file":"Vila-Madalena-infraestrutura-640x853.jpg","width":640,"height":853,"filesize":107845,"mimeType":"image\/jpeg","sourceUrl":"https:\/\/www.zimoveis.com.br\/blog\/wp-content\/uploads\/2025\/03\/Vila-Madalena-infraestrutura-640x853.jpg"},"web-stories-publisher-logo":{"file":"Vila-Madalena-infraestrutura-96x96.jpg","width":96,"height":96,"filesize":3494,"mimeType":"image\/jpeg","sourceUrl":"https:\/\/www.zimoveis.com.br\/blog\/wp-content\/uploads\/2025\/03\/Vila-Madalena-infraestrutura-96x96.jpg"},"web-stories-thumbnail":{"file":"Vila-Madalena-infraestrutura-150x267.jpg","width":150,"height":267,"filesize":10942,"mimeType":"image\/jpeg","sourceUrl":"https:\/\/www.zimoveis.com.br\/blog\/wp-content\/uploads\/2025\/03\/Vila-Madalena-infraestrutura-150x267.jpg"},"full":{"file":"Vila-Madalena-infraestrutura.jpg","width":720,"height":1280,"mimeType":"image\/jpeg","sourceUrl":"https:\/\/www.zimoveis.com.br\/blog\/wp-content\/uploads\/2025\/03\/Vila-Madalena-infraestrutura.jpg"}},"isPlaceholder":false,"isExternal":false,"needsProxy":false,"baseColor":"#192022","blurHash":"Ud8Ob,V@aej[yZjZaej[tmkCj@f6XTflj]ay","creationDate":"2025-03-21T03:01:24","src":"https:\/\/www.zimoveis.com.br\/blog\/wp-content\/uploads\/2025\/03\/Vila-Madalena-infraestrutura.jpg","id":2458,"alt":"Panor\u00e2mica do bairro Vila Madalena em S\u00e3o Paulo","local":false,"provider":"local"},"type":"image","x":48,"y":0,"width":330,"height":586,"mask":{"type":"rectangle","showInLibrary":true,"name":"Rectangle","path":"M 0,0 1,0 1,1 0,1 0,0 Z","ratio":1,"supportsBorder":true},"id":"83d2f7e5-b83b-432b-a437-8f7e8887a31f","isBackground":true,"isHidden":false},{"opacity":100,"flip":{"vertical":false,"horizontal":false},"rotationAngle":0,"lockAspectRatio":false,"backgroundColor":{"color":{"r":255,"g":248,"b":242,"a":0.8}},"width":335,"height":141,"x":39,"y":316,"mask":{"type":"rectangle"},"id":"a752785a-e3e3-40cd-b551-3c303728aaaf","borderRadius":{"locked":true,"topLeft":20,"topRight":20,"bottomRight":20,"bottomLeft":20},"type":"shape"},{"opacity":100,"flip":{"vertical":false,"horizontal":false},"rotationAngle":0,"lockAspectRatio":false,"backgroundColor":{"color":{"r":114,"g":30,"b":52,"a":0.6}},"x":48,"y":181,"width":317,"height":136,"mask":{"type":"rectangle"},"id":"cbace547-e9cf-4e59-87c9-97a5696e3a0f","borderRadius":{"locked":true,"topLeft":20,"topRight":20,"bottomRight":20,"bottomLeft":20},"type":"shape"},{"opacity":100,"flip":{"vertical":false,"horizontal":false},"rotationAngle":0,"lockAspectRatio":false,"backgroundColor":{"color":{"r":255,"g":255,"b":255}},"width":224,"height":33,"x":-7,"y":-5,"mask":{"type":"rectangle"},"id":"c436d990-561e-4238-b87d-74c9cb2b8182","borderRadius":{"locked":true,"topLeft":20,"topRight":20,"bottomRight":20,"bottomLeft":20},"type":"shape"},{"opacity":100,"flip":{"vertical":false,"horizontal":false},"rotationAngle":0,"lockAspectRatio":true,"backgroundTextMode":"NONE","font":{"family":"Roboto"},"fontSize":27,"backgroundColor":{"color":{"r":196,"g":196,"b":196}},"lineHeight":1.19,"textAlign":"center","padding":{"locked":true,"hasHiddenPadding":false,"horizontal":0,"vertical":0},"content":"<span style=\"font-weight: 700; color: #fff8f2\">Encontre os melhores im\u00f3veis na Vila Madalena!<\/span>","x":57,"y":201,"width":298,"borderRadius":{"locked":true,"topLeft":2,"topRight":2,"bottomRight":2,"bottomLeft":2},"height":96,"id":"179e9686-e7f3-45c5-8863-0e84a015285d","tagName":"h2","type":"text"},{"opacity":100,"flip":{"vertical":false,"horizontal":false},"rotationAngle":0,"lockAspectRatio":true,"backgroundTextMode":"NONE","font":{"family":"Roboto"},"fontSize":19,"backgroundColor":{"color":{"r":196,"g":196,"b":196}},"lineHeight":1.2,"textAlign":"center","padding":{"locked":true,"hasHiddenPadding":false,"horizontal":0,"vertical":0},"content":"<span style=\"color: #721e34\">Com a <\/span><span style=\"font-weight: 700; color: #721e34\">Zimmermann<\/span><span style=\"color: #721e34\">, voc\u00ea descobre im\u00f3veis incr\u00edveis na <\/span><span style=\"font-weight: 700; color: #721e34\">Vila Madalena <\/span><span style=\"color: #721e34\">e aproveita todas as vantagens da regi\u00e3o.<\/span>","x":52,"y":344,"width":295,"borderRadius":{"locked":true,"topLeft":2,"topRight":2,"bottomRight":2,"bottomLeft":2},"height":90,"id":"023417bf-d054-4864-861f-96ae0bad93a0","tagName":"p","marginOffset":0.5062499999999979,"type":"text"},{"opacity":100,"flip":{"vertical":false,"horizontal":false},"rotationAngle":0,"lockAspectRatio":false,"scale":99.64231578947368,"focalX":50.48636147351351,"focalY":50.17948409151892,"resource":{"type":"image","mimeType":"image\/png","width":1318,"height":200,"sizes":{"medium":{"file":"logo-thin-250x38.png","width":250,"height":38,"filesize":3708,"mimeType":"image\/png","sourceUrl":"https:\/\/www.zimoveis.com.br\/blog\/wp-content\/uploads\/2025\/01\/logo-thin-250x38.png"},"large":{"file":"logo-thin-700x106.png","width":700,"height":106,"filesize":13839,"mimeType":"image\/png","sourceUrl":"https:\/\/www.zimoveis.com.br\/blog\/wp-content\/uploads\/2025\/01\/logo-thin-700x106.png"},"thumbnail":{"file":"logo-thin-150x150.png","width":150,"height":150,"filesize":3048,"mimeType":"image\/png","sourceUrl":"https:\/\/www.zimoveis.com.br\/blog\/wp-content\/uploads\/2025\/01\/logo-thin-150x150.png"},"medium_large":{"file":"logo-thin-768x117.png","width":768,"height":117,"filesize":15555,"mimeType":"image\/png","sourceUrl":"https:\/\/www.zimoveis.com.br\/blog\/wp-content\/uploads\/2025\/01\/logo-thin-768x117.png"},"small":{"file":"logo-thin-120x18.png","width":120,"height":18,"filesize":1526,"mimeType":"image\/png","sourceUrl":"https:\/\/www.zimoveis.com.br\/blog\/wp-content\/uploads\/2025\/01\/logo-thin-120x18.png"},"custom-size":{"file":"logo-thin-700x200.png","width":700,"height":200,"filesize":4880,"mimeType":"image\/png","sourceUrl":"https:\/\/www.zimoveis.com.br\/blog\/wp-content\/uploads\/2025\/01\/logo-thin-700x200.png"},"web-stories-poster-portrait":{"file":"logo-thin-640x200.png","width":640,"height":200,"filesize":4744,"mimeType":"image\/png","sourceUrl":"https:\/\/www.zimoveis.com.br\/blog\/wp-content\/uploads\/2025\/01\/logo-thin-640x200.png"},"web-stories-publisher-logo":{"file":"logo-thin-96x96.png","width":96,"height":96,"filesize":1781,"mimeType":"image\/png","sourceUrl":"https:\/\/www.zimoveis.com.br\/blog\/wp-content\/uploads\/2025\/01\/logo-thin-96x96.png"},"web-stories-thumbnail":{"file":"logo-thin-150x23.png","width":150,"height":23,"filesize":2006,"mimeType":"image\/png","sourceUrl":"https:\/\/www.zimoveis.com.br\/blog\/wp-content\/uploads\/2025\/01\/logo-thin-150x23.png"},"full":{"file":"logo-thin.png","width":1318,"height":200,"mimeType":"image\/png","sourceUrl":"https:\/\/www.zimoveis.com.br\/blog\/wp-content\/uploads\/2025\/01\/logo-thin.png"}},"isPlaceholder":false,"isExternal":false,"needsProxy":false,"baseColor":"#cc2427","blurHash":"U54K54|_|_]n$O$P$O$PJjJ*OBOBNvNvNvNv","creationDate":"2025-01-15T19:35:58","src":"https:\/\/www.zimoveis.com.br\/blog\/wp-content\/uploads\/2025\/01\/logo-thin.png","id":1985,"alt":"","local":false},"x":28,"y":0,"width":172,"height":26,"mask":{"type":"rectangle","showInLibrary":true,"name":"Rectangle","path":"M 0,0 1,0 1,1 0,1 0,0 Z","ratio":1,"supportsBorder":true},"id":"5f5e0ee1-2eff-40a6-931f-e6fceb9d0911","type":"image"}],"backgroundColor":{"color":{"r":255,"g":255,"b":255}},"animations":[{"id":"7dffae37-144c-4b0f-8826-cb5e3d3993f1","type":"effect-background-zoom","zoomDirection":"scaleOut","duration":2000,"delay":0,"targets":["2114067b-2277-4e9e-9687-f5052ed28d83"]},{"id":"578d0efd-e388-4b9a-9504-aced2915dd9f","type":"effect-background-zoom","zoomDirection":"scaleOut","duration":2000,"delay":0,"targets":["83d2f7e5-b83b-432b-a437-8f7e8887a31f"]}],"type":"page","id":"192e8eeb-26fc-4e18-a9a0-168451bc4f31","defaultBackgroundElement":{"opacity":100,"flip":{"vertical":false,"horizontal":false},"rotationAngle":0,"lockAspectRatio":true,"backgroundColor":{"color":{"r":255,"g":255,"b":255}},"x":1,"y":1,"width":1,"height":1,"mask":{"type":"rectangle"},"isBackground":true,"isDefaultBackground":true,"type":"shape","id":"b4a79d54-2076-43d1-a954-5e2e74a5c148"},"pageTemplateType":"cover","pageAttachment":{"url":"https:\/\/www.zimoveis.com.br\/buscar-imoveis?bairros=vila-madalena","icon":"https:\/\/www.zimoveis.com.br\/blog\/wp-content\/uploads\/2022\/07\/cropped-cropped-Logo-Zimoveis-PSD-1.png","needsProxy":false,"ctaText":"Aptos Vila Madalena","theme":"light"}}],"fonts":{"Roboto":{"family":"Roboto","fallbacks":["sans-serif"],"weights":[100,300,400,500,700,900],"styles":["italic","regular"],"variants":[[0,100],[1,100],[0,300],[1,300],[0,400],[1,400],[0,500],[1,500],[0,700],[1,700],[0,900],[1,900]],"service":"fonts.google.com","metrics":{"upm":2048,"asc":1900,"des":-500,"tAsc":1536,"tDes":-512,"tLGap":102,"wAsc":1946,"wDes":512,"xH":1082,"capH":1456,"yMin":-555,"yMax":2163,"hAsc":1900,"hDes":-500,"lGap":0}}},"autoAdvance":true,"defaultPageDuration":8,"currentStoryStyles":{"colors":[{"color":{"r":255,"g":248,"b":242}},{"color":{"r":6,"g":6,"b":7}},{"color":{"r":222,"g":112,"b":50}}]}},"story_poster":{"id":2447,"url":"https:\/\/www.zimoveis.com.br\/blog\/wp-content\/uploads\/2025\/02\/cropped-bairros-nobres-de-sao-paulo-vila-madalena.jpg","width":640,"height":853,"needsProxy":false},"_links":{"self":[{"href":"https:\/\/www.zimoveis.com.br\/blog\/wp-json\/web-stories\/v1\/web-story\/2446","targetHints":{"allow":["GET"]}}],"collection":[{"href":"https:\/\/www.zimoveis.com.br\/blog\/wp-json\/web-stories\/v1\/web-story"}],"about":[{"href":"https:\/\/www.zimoveis.com.br\/blog\/wp-json\/wp\/v2\/types\/web-story"}],"author":[{"embeddable":true,"href":"https:\/\/www.zimoveis.com.br\/blog\/wp-json\/web-stories\/v1\/users\/1"}],"version-history":[{"count":10,"href":"https:\/\/www.zimoveis.com.br\/blog\/wp-json\/web-stories\/v1\/web-story\/2446\/revisions"}],"predecessor-version":[{"id":2559,"href":"https:\/\/www.zimoveis.com.br\/blog\/wp-json\/web-stories\/v1\/web-story\/2446\/revisions\/2559"}],"wp:featuredmedia":[{"embeddable":true,"href":"https:\/\/www.zimoveis.com.br\/blog\/wp-json\/web-stories\/v1\/media\/2447"}],"wp:attachment":[{"href":"https:\/\/www.zimoveis.com.br\/blog\/wp-json\/web-stories\/v1\/media?parent=2446"}],"wp:term":[{"taxonomy":"web_story_category","embeddable":true,"href":"https:\/\/www.zimoveis.com.br\/blog\/wp-json\/web-stories\/v1\/web_story_category?post=2446"},{"taxonomy":"web_story_tag","embeddable":true,"href":"https:\/\/www.zimoveis.com.br\/blog\/wp-json\/web-stories\/v1\/web_story_tag?post=2446"}],"wp:lock":[{"embeddable":true,"href":"https:\/\/www.zimoveis.com.br\/blog\/wp-json\/web-stories\/v1\/web-story\/2446\/lock"}],"wp:publisherlogo":[{"embeddable":true,"href":"https:\/\/www.zimoveis.com.br\/blog\/wp-json\/web-stories\/v1\/media\/1985"}],"curies":[{"name":"wp","href":"https:\/\/api.w.org\/{rel}","templated":true}]}}