{"id":171,"date":"2020-07-06T21:16:41","date_gmt":"2020-07-07T00:16:41","guid":{"rendered":"https:\/\/www.zimoveis.com.br\/blog\/?p=171"},"modified":"2020-07-06T21:16:41","modified_gmt":"2020-07-07T00:16:41","slug":"lar-novo-lar-pandemia-faz-aumentar-a-procura-por-imoveis-maiores","status":"publish","type":"post","link":"https:\/\/www.zimoveis.com.br\/blog\/noticias\/lar-novo-lar-pandemia-faz-aumentar-a-procura-por-imoveis-maiores\/","title":{"rendered":"Lar novo lar: pandemia faz aumentar a procura por im\u00f3veis maiores"},"content":{"rendered":"\n<p>Mudan\u00e7as na rotina dos brasileiros, durante e ap\u00f3s a pandemia de coronav\u00edrus, traz altera\u00e7\u00f5es para o mercado imobili\u00e1rio<\/p>\n\n\n\n<p>\u00c9 fato que a pandemia de coronav\u00edrus alterou o nosso dia a dia. A conviv\u00eancia familiar, o trabalho e os estudos, por exemplo, j\u00e1 n\u00e3o s\u00e3o os mesmo e, segundo especialistas, a tend\u00eancia \u00e9 que essa realidade perdure um pouco mais. O j\u00e1 batizado \u201cnovo normal\u201d prenuncia que o mundo p\u00f3s-pandemia n\u00e3o ser\u00e1 o mesmo, e as mudan\u00e7as j\u00e1 s\u00e3o percebidas pelo setor imobili\u00e1rio.<\/p>\n\n\n\n<h2 class=\"wp-block-heading\">Lar doce lar?<\/h2>\n\n\n\n<p>Com alguns membros da fam\u00edlia trabalhando em home office, crian\u00e7as e adolescentes tendo aulas on-line e todos impossibilitados de fazer atividades de lazer fora de casa, o lar de muitos se tornou menor. A sa\u00edda, segundo dados de busca dos portais ZAP e Imovelweb, tem sido procurar por espa\u00e7os maiores.<\/p>\n\n\n\n<p>O mercado imobili\u00e1rio paulista, e tamb\u00e9m de outras regi\u00f5es do pa\u00eds, tem percebido maior procura por casas nas \u00faltimas semanas. Os im\u00f3veis t\u00e9rreos t\u00eam atra\u00eddo moradores que buscam unir a necessidade por maior espa\u00e7o \u00e0 seguran\u00e7a. Em pr\u00e9dios, \u00e9 comum o compartilhamento de espa\u00e7os, como elevadores, por exemplo, gerando encontros que, atualmente, n\u00e3o s\u00e3o desejados devido \u00e0s medidas de isolamento social.<\/p>\n\n\n\n<h2 class=\"wp-block-heading\">Rotina p\u00f3s-pandemia<\/h2>\n\n\n\n<p>Segundo levantamento feito pela FVG, o n\u00famero de empresas a adotar o home office, ap\u00f3s a pandemia, deve crescer 30%. Al\u00e9m disso, a tend\u00eancia de ensino a dist\u00e2ncia (EAD) deve permanecer, tanto para adultos que buscam se atualizar, quanto para crian\u00e7as e adolescentes com cursos extracurriculares.<\/p>\n\n\n\n<p>Dessa forma, a prefer\u00eancia por im\u00f3veis maiores, como casas, deve seguir aumentando como uma forma de suprir as novas necessidades das fam\u00edlias, al\u00e9m de propiciar mais espa\u00e7o e conforto para a conviv\u00eancia familiar.<\/p>\n\n\n\n<h2 class=\"wp-block-heading\">Visitas on-line<\/h2>\n\n\n\n<p>Diante das medidas de isolamento, o mercado tem se adaptado para atender \u00e0 nova demanda. Visitas on-line, fotografias 360\u00ba, atendimento via telefone, e-mail e whatsapp s\u00e3o algumas das medidas adotas para oferecer \u00e0s fam\u00edlias um lar novo lar.<\/p>\n","protected":false},"excerpt":{"rendered":"<p>Mudan\u00e7as na rotina dos brasileiros, durante e ap\u00f3s a pandemia de coronav\u00edrus, traz altera\u00e7\u00f5es para o mercado imobili\u00e1rio \u00c9 fato que a pandemia de coronav\u00edrus alterou o nosso dia a dia. A conviv\u00eancia familiar, o trabalho e os estudos, por exemplo, j\u00e1 n\u00e3o s\u00e3o os mesmo e, segundo especialistas, a tend\u00eancia \u00e9 que essa realidade [&hellip;]<\/p>\n","protected":false},"author":1,"featured_media":177,"comment_status":"open","ping_status":"open","sticky":false,"template":"","format":"standard","meta":{"footnotes":""},"categories":[1],"tags":[],"class_list":["post-171","post","type-post","status-publish","format-standard","has-post-thumbnail","hentry","category-noticias"],"yoast_head":"<!-- This site is optimized with the Yoast SEO plugin v22.9 - https:\/\/yoast.com\/wordpress\/plugins\/seo\/ -->\n<title>Lar novo lar: pandemia faz aumentar a procura por im\u00f3veis maiores<\/title>\n<meta name=\"description\" content=\"Lar novo lar: pandemia faz aumentar a procura por im\u00f3veis maiores\" \/>\n<meta name=\"robots\" content=\"index, follow, max-snippet:-1, max-image-preview:large, max-video-preview:-1\" \/>\n<link rel=\"canonical\" href=\"https:\/\/www.zimoveis.com.br\/blog\/noticias\/lar-novo-lar-pandemia-faz-aumentar-a-procura-por-imoveis-maiores\/\" \/>\n<meta property=\"og:locale\" content=\"pt_BR\" \/>\n<meta property=\"og:type\" content=\"article\" \/>\n<meta property=\"og:title\" content=\"Lar novo lar: pandemia faz aumentar a procura por im\u00f3veis maiores\" \/>\n<meta property=\"og:description\" content=\"Lar novo lar: pandemia faz aumentar a procura por im\u00f3veis maiores\" \/>\n<meta property=\"og:url\" content=\"https:\/\/www.zimoveis.com.br\/blog\/noticias\/lar-novo-lar-pandemia-faz-aumentar-a-procura-por-imoveis-maiores\/\" \/>\n<meta property=\"og:site_name\" content=\"Blog Zimmermann Im\u00f3veis\" \/>\n<meta property=\"article:publisher\" content=\"https:\/\/www.facebook.com\/zimoveis.com.br\/\" \/>\n<meta property=\"article:published_time\" content=\"2020-07-07T00:16:41+00:00\" \/>\n<meta property=\"og:image\" content=\"https:\/\/www.zimoveis.com.br\/blog\/wp-content\/uploads\/2020\/07\/imagem_do_Blog-Zim-I.jpg\" \/>\n\t<meta property=\"og:image:width\" content=\"1000\" \/>\n\t<meta property=\"og:image:height\" content=\"667\" \/>\n\t<meta property=\"og:image:type\" content=\"image\/jpeg\" \/>\n<meta name=\"author\" content=\"Zimmermann Im\u00f3veis\" \/>\n<meta name=\"twitter:card\" content=\"summary_large_image\" \/>\n<meta name=\"twitter:label1\" content=\"Escrito por\" \/>\n\t<meta name=\"twitter:data1\" content=\"Zimmermann Im\u00f3veis\" \/>\n\t<meta name=\"twitter:label2\" content=\"Est. tempo de leitura\" \/>\n\t<meta name=\"twitter:data2\" content=\"2 minutos\" \/>\n<script type=\"application\/ld+json\" class=\"yoast-schema-graph\">{\"@context\":\"https:\/\/schema.org\",\"@graph\":[{\"@type\":\"Article\",\"@id\":\"https:\/\/www.zimoveis.com.br\/blog\/noticias\/lar-novo-lar-pandemia-faz-aumentar-a-procura-por-imoveis-maiores\/#article\",\"isPartOf\":{\"@id\":\"https:\/\/www.zimoveis.com.br\/blog\/noticias\/lar-novo-lar-pandemia-faz-aumentar-a-procura-por-imoveis-maiores\/\"},\"author\":{\"name\":\"Zimmermann Im\u00f3veis\",\"@id\":\"https:\/\/www.zimoveis.com.br\/blog\/#\/schema\/person\/8a6849bab5d76c6c854de7675dffab70\"},\"headline\":\"Lar novo lar: pandemia faz aumentar a procura por im\u00f3veis maiores\",\"datePublished\":\"2020-07-07T00:16:41+00:00\",\"dateModified\":\"2020-07-07T00:16:41+00:00\",\"mainEntityOfPage\":{\"@id\":\"https:\/\/www.zimoveis.com.br\/blog\/noticias\/lar-novo-lar-pandemia-faz-aumentar-a-procura-por-imoveis-maiores\/\"},\"wordCount\":370,\"commentCount\":0,\"publisher\":{\"@id\":\"https:\/\/www.zimoveis.com.br\/blog\/#organization\"},\"image\":{\"@id\":\"https:\/\/www.zimoveis.com.br\/blog\/noticias\/lar-novo-lar-pandemia-faz-aumentar-a-procura-por-imoveis-maiores\/#primaryimage\"},\"thumbnailUrl\":\"https:\/\/www.zimoveis.com.br\/blog\/wp-content\/uploads\/2020\/07\/imagem_do_Blog-Zim-I.jpg\",\"articleSection\":[\"Not\u00edcias\"],\"inLanguage\":\"pt-BR\",\"potentialAction\":[{\"@type\":\"CommentAction\",\"name\":\"Comment\",\"target\":[\"https:\/\/www.zimoveis.com.br\/blog\/noticias\/lar-novo-lar-pandemia-faz-aumentar-a-procura-por-imoveis-maiores\/#respond\"]}]},{\"@type\":\"WebPage\",\"@id\":\"https:\/\/www.zimoveis.com.br\/blog\/noticias\/lar-novo-lar-pandemia-faz-aumentar-a-procura-por-imoveis-maiores\/\",\"url\":\"https:\/\/www.zimoveis.com.br\/blog\/noticias\/lar-novo-lar-pandemia-faz-aumentar-a-procura-por-imoveis-maiores\/\",\"name\":\"Lar novo lar: pandemia faz aumentar a procura por im\u00f3veis maiores\",\"isPartOf\":{\"@id\":\"https:\/\/www.zimoveis.com.br\/blog\/#website\"},\"primaryImageOfPage\":{\"@id\":\"https:\/\/www.zimoveis.com.br\/blog\/noticias\/lar-novo-lar-pandemia-faz-aumentar-a-procura-por-imoveis-maiores\/#primaryimage\"},\"image\":{\"@id\":\"https:\/\/www.zimoveis.com.br\/blog\/noticias\/lar-novo-lar-pandemia-faz-aumentar-a-procura-por-imoveis-maiores\/#primaryimage\"},\"thumbnailUrl\":\"https:\/\/www.zimoveis.com.br\/blog\/wp-content\/uploads\/2020\/07\/imagem_do_Blog-Zim-I.jpg\",\"datePublished\":\"2020-07-07T00:16:41+00:00\",\"dateModified\":\"2020-07-07T00:16:41+00:00\",\"description\":\"Lar novo lar: pandemia faz aumentar a procura por im\u00f3veis maiores\",\"breadcrumb\":{\"@id\":\"https:\/\/www.zimoveis.com.br\/blog\/noticias\/lar-novo-lar-pandemia-faz-aumentar-a-procura-por-imoveis-maiores\/#breadcrumb\"},\"inLanguage\":\"pt-BR\",\"potentialAction\":[{\"@type\":\"ReadAction\",\"target\":[\"https:\/\/www.zimoveis.com.br\/blog\/noticias\/lar-novo-lar-pandemia-faz-aumentar-a-procura-por-imoveis-maiores\/\"]}]},{\"@type\":\"ImageObject\",\"inLanguage\":\"pt-BR\",\"@id\":\"https:\/\/www.zimoveis.com.br\/blog\/noticias\/lar-novo-lar-pandemia-faz-aumentar-a-procura-por-imoveis-maiores\/#primaryimage\",\"url\":\"https:\/\/www.zimoveis.com.br\/blog\/wp-content\/uploads\/2020\/07\/imagem_do_Blog-Zim-I.jpg\",\"contentUrl\":\"https:\/\/www.zimoveis.com.br\/blog\/wp-content\/uploads\/2020\/07\/imagem_do_Blog-Zim-I.jpg\",\"width\":1000,\"height\":667},{\"@type\":\"BreadcrumbList\",\"@id\":\"https:\/\/www.zimoveis.com.br\/blog\/noticias\/lar-novo-lar-pandemia-faz-aumentar-a-procura-por-imoveis-maiores\/#breadcrumb\",\"itemListElement\":[{\"@type\":\"ListItem\",\"position\":1,\"name\":\"Home\",\"item\":\"https:\/\/www.zimoveis.com.br\/blog\/\"},{\"@type\":\"ListItem\",\"position\":2,\"name\":\"Lar novo lar: pandemia faz aumentar a procura por im\u00f3veis maiores\"}]},{\"@type\":\"WebSite\",\"@id\":\"https:\/\/www.zimoveis.com.br\/blog\/#website\",\"url\":\"https:\/\/www.zimoveis.com.br\/blog\/\",\"name\":\"Blog Zimmermann Im\u00f3veis\",\"description\":\"Artigos e Not\u00edcias sobre o Mercado Imobili\u00e1rio\",\"publisher\":{\"@id\":\"https:\/\/www.zimoveis.com.br\/blog\/#organization\"},\"potentialAction\":[{\"@type\":\"SearchAction\",\"target\":{\"@type\":\"EntryPoint\",\"urlTemplate\":\"https:\/\/www.zimoveis.com.br\/blog\/?s={search_term_string}\"},\"query-input\":\"required name=search_term_string\"}],\"inLanguage\":\"pt-BR\"},{\"@type\":\"Organization\",\"@id\":\"https:\/\/www.zimoveis.com.br\/blog\/#organization\",\"name\":\"Zimmermann Im\u00f3veis\",\"url\":\"https:\/\/www.zimoveis.com.br\/blog\/\",\"logo\":{\"@type\":\"ImageObject\",\"inLanguage\":\"pt-BR\",\"@id\":\"https:\/\/www.zimoveis.com.br\/blog\/#\/schema\/logo\/image\/\",\"url\":\"https:\/\/www.zimoveis.com.br\/blog\/wp-content\/uploads\/2022\/07\/Logo-Zimoveis-PSD-1.png\",\"contentUrl\":\"https:\/\/www.zimoveis.com.br\/blog\/wp-content\/uploads\/2022\/07\/Logo-Zimoveis-PSD-1.png\",\"width\":2977,\"height\":1727,\"caption\":\"Zimmermann Im\u00f3veis\"},\"image\":{\"@id\":\"https:\/\/www.zimoveis.com.br\/blog\/#\/schema\/logo\/image\/\"},\"sameAs\":[\"https:\/\/www.facebook.com\/zimoveis.com.br\/\",\"https:\/\/www.linkedin.com\/company\/zimmermann-imveis\/about\/\",\"https:\/\/www.instagram.com\/zimoveis\/\",\"https:\/\/www.youtube.com\/channel\/UCheuj0pESCyVf214X1QJ1dw\"]},{\"@type\":\"Person\",\"@id\":\"https:\/\/www.zimoveis.com.br\/blog\/#\/schema\/person\/8a6849bab5d76c6c854de7675dffab70\",\"name\":\"Zimmermann Im\u00f3veis\",\"image\":{\"@type\":\"ImageObject\",\"inLanguage\":\"pt-BR\",\"@id\":\"https:\/\/www.zimoveis.com.br\/blog\/#\/schema\/person\/image\/\",\"url\":\"https:\/\/secure.gravatar.com\/avatar\/97d58cadbdf367142ab95d3dd60b65fd?s=96&d=mm&r=g\",\"contentUrl\":\"https:\/\/secure.gravatar.com\/avatar\/97d58cadbdf367142ab95d3dd60b65fd?s=96&d=mm&r=g\",\"caption\":\"Zimmermann Im\u00f3veis\"},\"sameAs\":[\"https:\/\/www.zimoveis.com.br\/blog\"],\"url\":\"https:\/\/www.zimoveis.com.br\/blog\/author\/zimoveis\/\"}]}<\/script>\n<!-- \/ Yoast SEO plugin. -->","yoast_head_json":{"title":"Lar novo lar: pandemia faz aumentar a procura por im\u00f3veis maiores","description":"Lar novo lar: pandemia faz aumentar a procura por im\u00f3veis maiores","robots":{"index":"index","follow":"follow","max-snippet":"max-snippet:-1","max-image-preview":"max-image-preview:large","max-video-preview":"max-video-preview:-1"},"canonical":"https:\/\/www.zimoveis.com.br\/blog\/noticias\/lar-novo-lar-pandemia-faz-aumentar-a-procura-por-imoveis-maiores\/","og_locale":"pt_BR","og_type":"article","og_title":"Lar novo lar: pandemia faz aumentar a procura por im\u00f3veis maiores","og_description":"Lar novo lar: pandemia faz aumentar a procura por im\u00f3veis maiores","og_url":"https:\/\/www.zimoveis.com.br\/blog\/noticias\/lar-novo-lar-pandemia-faz-aumentar-a-procura-por-imoveis-maiores\/","og_site_name":"Blog Zimmermann Im\u00f3veis","article_publisher":"https:\/\/www.facebook.com\/zimoveis.com.br\/","article_published_time":"2020-07-07T00:16:41+00:00","og_image":[{"width":1000,"height":667,"url":"https:\/\/www.zimoveis.com.br\/blog\/wp-content\/uploads\/2020\/07\/imagem_do_Blog-Zim-I.jpg","type":"image\/jpeg"}],"author":"Zimmermann Im\u00f3veis","twitter_card":"summary_large_image","twitter_misc":{"Escrito por":"Zimmermann Im\u00f3veis","Est. tempo de leitura":"2 minutos"},"schema":{"@context":"https:\/\/schema.org","@graph":[{"@type":"Article","@id":"https:\/\/www.zimoveis.com.br\/blog\/noticias\/lar-novo-lar-pandemia-faz-aumentar-a-procura-por-imoveis-maiores\/#article","isPartOf":{"@id":"https:\/\/www.zimoveis.com.br\/blog\/noticias\/lar-novo-lar-pandemia-faz-aumentar-a-procura-por-imoveis-maiores\/"},"author":{"name":"Zimmermann Im\u00f3veis","@id":"https:\/\/www.zimoveis.com.br\/blog\/#\/schema\/person\/8a6849bab5d76c6c854de7675dffab70"},"headline":"Lar novo lar: pandemia faz aumentar a procura por im\u00f3veis maiores","datePublished":"2020-07-07T00:16:41+00:00","dateModified":"2020-07-07T00:16:41+00:00","mainEntityOfPage":{"@id":"https:\/\/www.zimoveis.com.br\/blog\/noticias\/lar-novo-lar-pandemia-faz-aumentar-a-procura-por-imoveis-maiores\/"},"wordCount":370,"commentCount":0,"publisher":{"@id":"https:\/\/www.zimoveis.com.br\/blog\/#organization"},"image":{"@id":"https:\/\/www.zimoveis.com.br\/blog\/noticias\/lar-novo-lar-pandemia-faz-aumentar-a-procura-por-imoveis-maiores\/#primaryimage"},"thumbnailUrl":"https:\/\/www.zimoveis.com.br\/blog\/wp-content\/uploads\/2020\/07\/imagem_do_Blog-Zim-I.jpg","articleSection":["Not\u00edcias"],"inLanguage":"pt-BR","potentialAction":[{"@type":"CommentAction","name":"Comment","target":["https:\/\/www.zimoveis.com.br\/blog\/noticias\/lar-novo-lar-pandemia-faz-aumentar-a-procura-por-imoveis-maiores\/#respond"]}]},{"@type":"WebPage","@id":"https:\/\/www.zimoveis.com.br\/blog\/noticias\/lar-novo-lar-pandemia-faz-aumentar-a-procura-por-imoveis-maiores\/","url":"https:\/\/www.zimoveis.com.br\/blog\/noticias\/lar-novo-lar-pandemia-faz-aumentar-a-procura-por-imoveis-maiores\/","name":"Lar novo lar: pandemia faz aumentar a procura por im\u00f3veis maiores","isPartOf":{"@id":"https:\/\/www.zimoveis.com.br\/blog\/#website"},"primaryImageOfPage":{"@id":"https:\/\/www.zimoveis.com.br\/blog\/noticias\/lar-novo-lar-pandemia-faz-aumentar-a-procura-por-imoveis-maiores\/#primaryimage"},"image":{"@id":"https:\/\/www.zimoveis.com.br\/blog\/noticias\/lar-novo-lar-pandemia-faz-aumentar-a-procura-por-imoveis-maiores\/#primaryimage"},"thumbnailUrl":"https:\/\/www.zimoveis.com.br\/blog\/wp-content\/uploads\/2020\/07\/imagem_do_Blog-Zim-I.jpg","datePublished":"2020-07-07T00:16:41+00:00","dateModified":"2020-07-07T00:16:41+00:00","description":"Lar novo lar: pandemia faz aumentar a procura por im\u00f3veis maiores","breadcrumb":{"@id":"https:\/\/www.zimoveis.com.br\/blog\/noticias\/lar-novo-lar-pandemia-faz-aumentar-a-procura-por-imoveis-maiores\/#breadcrumb"},"inLanguage":"pt-BR","potentialAction":[{"@type":"ReadAction","target":["https:\/\/www.zimoveis.com.br\/blog\/noticias\/lar-novo-lar-pandemia-faz-aumentar-a-procura-por-imoveis-maiores\/"]}]},{"@type":"ImageObject","inLanguage":"pt-BR","@id":"https:\/\/www.zimoveis.com.br\/blog\/noticias\/lar-novo-lar-pandemia-faz-aumentar-a-procura-por-imoveis-maiores\/#primaryimage","url":"https:\/\/www.zimoveis.com.br\/blog\/wp-content\/uploads\/2020\/07\/imagem_do_Blog-Zim-I.jpg","contentUrl":"https:\/\/www.zimoveis.com.br\/blog\/wp-content\/uploads\/2020\/07\/imagem_do_Blog-Zim-I.jpg","width":1000,"height":667},{"@type":"BreadcrumbList","@id":"https:\/\/www.zimoveis.com.br\/blog\/noticias\/lar-novo-lar-pandemia-faz-aumentar-a-procura-por-imoveis-maiores\/#breadcrumb","itemListElement":[{"@type":"ListItem","position":1,"name":"Home","item":"https:\/\/www.zimoveis.com.br\/blog\/"},{"@type":"ListItem","position":2,"name":"Lar novo lar: pandemia faz aumentar a procura por im\u00f3veis maiores"}]},{"@type":"WebSite","@id":"https:\/\/www.zimoveis.com.br\/blog\/#website","url":"https:\/\/www.zimoveis.com.br\/blog\/","name":"Blog Zimmermann Im\u00f3veis","description":"Artigos e Not\u00edcias sobre o Mercado Imobili\u00e1rio","publisher":{"@id":"https:\/\/www.zimoveis.com.br\/blog\/#organization"},"potentialAction":[{"@type":"SearchAction","target":{"@type":"EntryPoint","urlTemplate":"https:\/\/www.zimoveis.com.br\/blog\/?s={search_term_string}"},"query-input":"required name=search_term_string"}],"inLanguage":"pt-BR"},{"@type":"Organization","@id":"https:\/\/www.zimoveis.com.br\/blog\/#organization","name":"Zimmermann Im\u00f3veis","url":"https:\/\/www.zimoveis.com.br\/blog\/","logo":{"@type":"ImageObject","inLanguage":"pt-BR","@id":"https:\/\/www.zimoveis.com.br\/blog\/#\/schema\/logo\/image\/","url":"https:\/\/www.zimoveis.com.br\/blog\/wp-content\/uploads\/2022\/07\/Logo-Zimoveis-PSD-1.png","contentUrl":"https:\/\/www.zimoveis.com.br\/blog\/wp-content\/uploads\/2022\/07\/Logo-Zimoveis-PSD-1.png","width":2977,"height":1727,"caption":"Zimmermann Im\u00f3veis"},"image":{"@id":"https:\/\/www.zimoveis.com.br\/blog\/#\/schema\/logo\/image\/"},"sameAs":["https:\/\/www.facebook.com\/zimoveis.com.br\/","https:\/\/www.linkedin.com\/company\/zimmermann-imveis\/about\/","https:\/\/www.instagram.com\/zimoveis\/","https:\/\/www.youtube.com\/channel\/UCheuj0pESCyVf214X1QJ1dw"]},{"@type":"Person","@id":"https:\/\/www.zimoveis.com.br\/blog\/#\/schema\/person\/8a6849bab5d76c6c854de7675dffab70","name":"Zimmermann Im\u00f3veis","image":{"@type":"ImageObject","inLanguage":"pt-BR","@id":"https:\/\/www.zimoveis.com.br\/blog\/#\/schema\/person\/image\/","url":"https:\/\/secure.gravatar.com\/avatar\/97d58cadbdf367142ab95d3dd60b65fd?s=96&d=mm&r=g","contentUrl":"https:\/\/secure.gravatar.com\/avatar\/97d58cadbdf367142ab95d3dd60b65fd?s=96&d=mm&r=g","caption":"Zimmermann Im\u00f3veis"},"sameAs":["https:\/\/www.zimoveis.com.br\/blog"],"url":"https:\/\/www.zimoveis.com.br\/blog\/author\/zimoveis\/"}]}},"_links":{"self":[{"href":"https:\/\/www.zimoveis.com.br\/blog\/wp-json\/wp\/v2\/posts\/171","targetHints":{"allow":["GET"]}}],"collection":[{"href":"https:\/\/www.zimoveis.com.br\/blog\/wp-json\/wp\/v2\/posts"}],"about":[{"href":"https:\/\/www.zimoveis.com.br\/blog\/wp-json\/wp\/v2\/types\/post"}],"author":[{"embeddable":true,"href":"https:\/\/www.zimoveis.com.br\/blog\/wp-json\/wp\/v2\/users\/1"}],"replies":[{"embeddable":true,"href":"https:\/\/www.zimoveis.com.br\/blog\/wp-json\/wp\/v2\/comments?post=171"}],"version-history":[{"count":1,"href":"https:\/\/www.zimoveis.com.br\/blog\/wp-json\/wp\/v2\/posts\/171\/revisions"}],"predecessor-version":[{"id":172,"href":"https:\/\/www.zimoveis.com.br\/blog\/wp-json\/wp\/v2\/posts\/171\/revisions\/172"}],"wp:featuredmedia":[{"embeddable":true,"href":"https:\/\/www.zimoveis.com.br\/blog\/wp-json\/wp\/v2\/media\/177"}],"wp:attachment":[{"href":"https:\/\/www.zimoveis.com.br\/blog\/wp-json\/wp\/v2\/media?parent=171"}],"wp:term":[{"taxonomy":"category","embeddable":true,"href":"https:\/\/www.zimoveis.com.br\/blog\/wp-json\/wp\/v2\/categories?post=171"},{"taxonomy":"post_tag","embeddable":true,"href":"https:\/\/www.zimoveis.com.br\/blog\/wp-json\/wp\/v2\/tags?post=171"}],"curies":[{"name":"wp","href":"https:\/\/api.w.org\/{rel}","templated":true}]}}