{"id":2943,"date":"2025-07-14T22:57:54","date_gmt":"2025-07-15T01:57:54","guid":{"rendered":"https:\/\/www.zimoveis.com.br\/blog\/?p=2943"},"modified":"2025-12-08T14:33:48","modified_gmt":"2025-12-08T17:33:48","slug":"estacao-fradique-coutinho","status":"publish","type":"post","link":"https:\/\/www.zimoveis.com.br\/blog\/bairros\/estacao-fradique-coutinho\/","title":{"rendered":"Esta\u00e7\u00e3o Fradique Coutinho: localiza\u00e7\u00e3o, acesso e vantagens de morar perto [Guia]"},"content":{"rendered":"\n<p>Voc\u00ea ainda n\u00e3o conhece a Esta\u00e7\u00e3o Fradique Coutinho?&nbsp;<\/p>\n\n\n\n<p>Ent\u00e3o, precisamos te mostrar como \u00e9 esse ponto estrat\u00e9gico do metr\u00f4 paulistano, afinal, toda a regi\u00e3o dele proporciona praticidade na mobilidade urbana, com v\u00ednculo direto a oportunidades culturais, gastron\u00f4micas e de lazer.&nbsp;<\/p>\n\n\n\n<p>Ou seja, \u00e9 o lugar perfeito para quem procura uma casa ou um apartamento em uma \u00e1rea valorizada da capital paulista. Ent\u00e3o, ficou ainda mais curioso?&nbsp;<\/p>\n\n\n\n<p>A seguir, veja um panorama completo desse ponto estrat\u00e9gico da cidade de S\u00e3o Paulo. Aproveite nossas dicas!<\/p>\n\n\n\n<p class=\"has-text-align-center\"><strong>Enquanto mostramos a Esta\u00e7\u00e3o Fradique Coutinho, que tal conferir os im\u00f3veis dispon\u00edveis na regi\u00e3o?<\/strong><a href=\"https:\/\/www.zimoveis.com.br\/indice\/todos\/todos\/todos\/todos\/pinheiros\" target=\"_blank\" rel=\"noreferrer noopener\"> <strong><span style=\"text-decoration: underline;\">A Zimmermann Im\u00f3veis tem op\u00e7\u00f5es que unem localiza\u00e7\u00e3o estrat\u00e9gica, conforto e praticidade. Explore as oportunidades!<\/span><\/strong><\/a><\/p>\n\n\n\n<h2 class=\"wp-block-heading\"><strong>Sobre a Esta\u00e7\u00e3o Fradique\u202fCoutinho&nbsp;<\/strong><\/h2>\n\n\n\n<p>Inaugurada em 15 de novembro de 2014, a Esta\u00e7\u00e3o Fradique\u202fCoutinho faz parte da segunda fase da Linha\u202f4\u2011Amarela \u2014 atualmente, de responsabilidade da ViaQuatro.&nbsp;<\/p>\n\n\n\n<p>Com 14.260\u202fm\u00b2, a esta\u00e7\u00e3o fica a cerca de 16 m de profundidade, al\u00e9m disso, possui plataformas laterais, estrutura moderna e acess\u00edvel<a href=\"https:\/\/mobilidade.grupoccr.com.br\/viaquatro\/linha-4---amarela\/fradique-coutinho\/?utm_source=chatgpt.com\"> <\/a>(escaladas rolantes, elevadores e pisos t\u00e1teis para deficientes visuais).&nbsp;<\/p>\n\n\n\n<p><\/p>\n\n\n<div class=\"wp-block-image\">\n<figure class=\"aligncenter size-large\"><a href=\"https:\/\/www.zimoveis.com.br\/indice\/todos\/todos\/todos\/todos\/pinheiros\" target=\"_blank\" rel=\" noreferrer noopener\"><img loading=\"lazy\" decoding=\"async\" width=\"700\" height=\"87\" src=\"https:\/\/www.zimoveis.com.br\/blog\/wp-content\/uploads\/2024\/09\/Prancheta-1-1-700x87.png\" alt=\"banner\" class=\"wp-image-1906\" srcset=\"https:\/\/www.zimoveis.com.br\/blog\/wp-content\/uploads\/2024\/09\/Prancheta-1-1-700x87.png 700w, https:\/\/www.zimoveis.com.br\/blog\/wp-content\/uploads\/2024\/09\/Prancheta-1-1-250x31.png 250w, https:\/\/www.zimoveis.com.br\/blog\/wp-content\/uploads\/2024\/09\/Prancheta-1-1-120x15.png 120w, https:\/\/www.zimoveis.com.br\/blog\/wp-content\/uploads\/2024\/09\/Prancheta-1-1.png 728w\" sizes=\"auto, (max-width: 700px) 100vw, 700px\" \/><\/a><\/figure><\/div>\n\n\n<p><\/p>\n\n\n\n<h2 class=\"wp-block-heading\"><strong>Como chegar \u00e0 esta\u00e7\u00e3o?<\/strong><\/h2>\n\n\n\n<p>A Esta\u00e7\u00e3o Fradique Coutinho possui n\u00e3o uma, mas tr\u00eas pontos de acesso \u2014 o que, com certeza, garante excelente mobilidade para moradores e visitantes da regi\u00e3o. Os acessos ficam exatamente nos seguintes endere\u00e7os:&nbsp;&nbsp;<\/p>\n\n\n\n<ul class=\"wp-block-list\">\n<li>acesso A: <strong>Rua Fradique\u202fCoutinho, n\u00ba\u202f28;<\/strong><\/li>\n\n\n\n<li>acesso B: <strong>Rua dos Pinheiros, n\u00ba\u202f628;<\/strong><\/li>\n\n\n\n<li>acesso C: <strong>Rua dos Pinheiros, n\u00ba\u202f623<\/strong>.<\/li>\n<\/ul>\n\n\n\n<p><\/p>\n\n\n\n<p><strong>Observa\u00e7\u00e3o:<\/strong> vale destacar tamb\u00e9m que o biciclet\u00e1rio da esta\u00e7\u00e3o tem 86 vagas, j\u00e1 o funcionamento \u00e9 di\u00e1rio, das 6h \u00e0s 22h.<\/p>\n\n\n\n<h2 class=\"wp-block-heading\"><strong>Hor\u00e1rios de funcionamento da esta\u00e7\u00e3o<\/strong><\/h2>\n\n\n\n<p>A Esta\u00e7\u00e3o Fradique Coutinho \u00e9 aberta <strong>de domingo a sexta-feira, das 4h40 at\u00e9 a meia-noite<\/strong>. Aos <strong>s\u00e1bados<\/strong>, <strong>a opera\u00e7\u00e3o vai at\u00e9 \u00e0 1h da manh\u00e3, <\/strong>o que oferece mais conforto e comodidade para quem gosta de sair \u00e0 noite aos finais de semana.&nbsp;&nbsp;<\/p>\n\n\n\n<h2 class=\"wp-block-heading\">Linha 4-Amarela &#8211; metr\u00f4 e conex\u00f5es&nbsp;&nbsp;<\/h2>\n\n\n\n<p><strong>Se voc\u00ea valoriza a facilidade no dia a dia, vai gostar de entender como&nbsp; a Linha 4-Amarela funciona e quais destinos est\u00e3o ao seu alcance em pouqu\u00edssimos minutos de viagem!<\/strong><\/p>\n\n\n\n<p>Com quase 13 quil\u00f4metros de extens\u00e3o, a <strong>Linha 4-Amarela liga a Esta\u00e7\u00e3o Luz, no centro da cidade, \u00e0 Esta\u00e7\u00e3o Vila S\u00f4nia, <\/strong><a href=\"https:\/\/www.zimoveis.com.br\/blog\/mercado\/os-beneficios-de-negociar-imovel-na-zona-oeste-sp\/\" target=\"_blank\" rel=\"noreferrer noopener\"><strong><span style=\"text-decoration: underline;\">na Zona Oeste<\/span><\/strong><\/a><strong>.<\/strong>&nbsp;<\/p>\n\n\n\n<p>No total, s\u00e3o 11 esta\u00e7\u00f5es que atravessam regi\u00f5es importantes de S\u00e3o Paulo, como a Avenida Paulista e a Marginal Pinheiros.<\/p>\n\n\n\n<p>A linha transporta, em m\u00e9dia, 700 mil passageiros por dia \u00fatil, com trens que circulam a cada 2 minutos nos hor\u00e1rios de pico. Operada pela ViaQuatro, \u00e9 refer\u00eancia em pontualidade e tecnologia, sendo a primeira linha brasileira a utilizar o sistema de condu\u00e7\u00e3o autom\u00e1tica (sem operador a bordo).<\/p>\n\n\n\n<h3 class=\"wp-block-heading\">Entre os principais pontos de conex\u00e3o da Linha 4 est\u00e3o:<\/h3>\n\n\n\n<ul class=\"wp-block-list\">\n<li><strong>Luz<\/strong>: integra\u00e7\u00e3o com as Linhas 1\u2011Azul (Metr\u00f4) e 7\u2011Rubi (CPTM);<\/li>\n\n\n\n<li><strong>Rep\u00fablica<\/strong>: integra\u00e7\u00e3o com a Linha 3\u2011Vermelha;<\/li>\n\n\n\n<li><strong>Paulista<\/strong>: conex\u00e3o direta com a Linha 2\u2011Verde (via Esta\u00e7\u00e3o Consola\u00e7\u00e3o);<\/li>\n\n\n\n<li><strong>Pinheiros<\/strong>: integra\u00e7\u00e3o com a Linha 9\u2011Esmeralda da CPTM;<\/li>\n\n\n\n<li><strong>Vila S\u00f4nia<\/strong>: conex\u00e3o com o terminal de \u00f4nibus urbano da Zona Oeste.<\/li>\n<\/ul>\n\n\n\n<p><\/p>\n\n\n\n<figure class=\"wp-block-image size-large\"><img loading=\"lazy\" decoding=\"async\" width=\"700\" height=\"284\" src=\"https:\/\/www.zimoveis.com.br\/blog\/wp-content\/uploads\/2025\/07\/estacao-fradique-coutinho-linha-4-amarela-700x284.jpg\" alt=\"linha 4 amarela da Esta\u00e7\u00e3o Fradique Coutinho\" class=\"wp-image-2948\" srcset=\"https:\/\/www.zimoveis.com.br\/blog\/wp-content\/uploads\/2025\/07\/estacao-fradique-coutinho-linha-4-amarela-700x284.jpg 700w, https:\/\/www.zimoveis.com.br\/blog\/wp-content\/uploads\/2025\/07\/estacao-fradique-coutinho-linha-4-amarela-250x101.jpg 250w, https:\/\/www.zimoveis.com.br\/blog\/wp-content\/uploads\/2025\/07\/estacao-fradique-coutinho-linha-4-amarela-768x311.jpg 768w, https:\/\/www.zimoveis.com.br\/blog\/wp-content\/uploads\/2025\/07\/estacao-fradique-coutinho-linha-4-amarela-120x49.jpg 120w, https:\/\/www.zimoveis.com.br\/blog\/wp-content\/uploads\/2025\/07\/estacao-fradique-coutinho-linha-4-amarela-150x61.jpg 150w, https:\/\/www.zimoveis.com.br\/blog\/wp-content\/uploads\/2025\/07\/estacao-fradique-coutinho-linha-4-amarela.jpg 1024w\" sizes=\"auto, (max-width: 700px) 100vw, 700px\" \/><\/figure>\n\n\n\n<p><\/p>\n\n\n\n<h2 class=\"wp-block-heading\"><strong>Principais pontos tur\u00edsticos e conveni\u00eancias nas proximidades<\/strong><\/h2>\n\n\n\n<p>A regi\u00e3o da Esta\u00e7\u00e3o Fradique Coutinho une op\u00e7\u00f5es culturais, gastron\u00f4micas e de lazer. Vamos saber mais sobre elas:&nbsp;<\/p>\n\n\n\n<ul class=\"wp-block-list\">\n<li><strong>Rua Fradique Coutinho <\/strong>\u2014<strong> <\/strong>uma das <a href=\"https:\/\/www.zimoveis.com.br\/blog\/bairros\/guia-de-bairros-os-encantos-de-pinheiros\/\" target=\"_blank\" rel=\"noreferrer noopener\"><strong><span style=\"text-decoration: underline;\">vias mais charmosas de Pinheiros<\/span><\/strong><\/a>, re\u00fane caf\u00e9s descolados, bares tradicionais e espa\u00e7os culturais. \u00c9 perfeita para quem gosta de caminhar e descobrir novidades a cada esquina.<\/li>\n\n\n\n<li><strong>Pinheiros <\/strong>\u2014 o bairro tem uma intensa vida cultural, com galerias de arte, feiras gastron\u00f4micas, lojas autorais e uma vida noturna bastante ativa. \u00c9 um dos polos criativos mais valorizados da capital.<\/li>\n\n\n\n<li><strong>Vila Madalena (a poucas quadras) <\/strong>\u2014<strong> <\/strong>conhecida pelos grafites do Beco do Batman e pela atmosfera bo\u00eamia, a <a href=\"https:\/\/www.zimoveis.com.br\/blog\/bairros\/estacao-vila-madalena\/\" target=\"_blank\" rel=\"noreferrer noopener\"><strong><span style=\"text-decoration: underline;\">Vila Madalena<\/span><\/strong><\/a> tem bares, brech\u00f3s, ateli\u00eas e eventos culturais que acontecem ao longo do ano.<\/li>\n\n\n\n<li><strong>Cinesala <\/strong>\u2014<strong> <\/strong>cinema de rua com programa\u00e7\u00e3o voltada ao cinema independente, nacional e europeu, o Cinesala fica bem na Rua Fradique Coutinho e \u00e9 um dos pontos preferidos de quem valoriza cultura e lazer de qualidade.<\/li>\n\n\n\n<li><strong>Estabelecimentos variados <\/strong>\u2014 al\u00e9m da atmosfera cultural, a rua conta com unidades da Kalunga, supermercado Dia, farm\u00e1cias, papelarias e lojas de bairro que facilitam a rotina de quem vive ou trabalha na regi\u00e3o.<\/li>\n<\/ul>\n\n\n\n<p><\/p>\n\n\n\n<h2 class=\"wp-block-heading\"><strong>Como \u00e9 morar pr\u00f3ximo a esta\u00e7\u00e3o Fradique\u202fCoutinho?<\/strong><\/h2>\n\n\n\n<p>Fato: a <a href=\"https:\/\/www.zimoveis.com.br\/blog\/bairros\/linhas-do-metro-de-sao-paulo\/\" target=\"_blank\" rel=\"noreferrer noopener\"><strong><span style=\"text-decoration: underline;\">proximidade com o metr\u00f4 facilita rotinas<\/span><\/strong><\/a>, amplia possibilidades de lazer e traz conveni\u00eancias que fazem diferen\u00e7a no dia a dia.&nbsp;<\/p>\n\n\n\n<p>\u00c9 uma escolha ideal para quem busca praticidade sem abrir m\u00e3o de cultura, gastronomia e qualidade de vida. Veja a seguir os principais benef\u00edcios de morar nos arredores da esta\u00e7\u00e3o:<\/p>\n\n\n\n<h3 class=\"wp-block-heading\">1. <strong>Mobilidade facilitada<\/strong><\/h3>\n\n\n\n<ol class=\"wp-block-list\">\n<li><\/li>\n<\/ol>\n\n\n\n<p>Ter uma esta\u00e7\u00e3o da Linha 4-Amarela a poucos passos de casa significa estar conectado com diversos pontos de S\u00e3o Paulo em poucos minutos. \u00c9 poss\u00edvel acessar a Avenida Paulista, a regi\u00e3o central e a <a href=\"https:\/\/www.zimoveis.com.br\/blog\/bairros\/zona-sul-de-sao-paulo\/\" target=\"_blank\" rel=\"noreferrer noopener\"><strong><span style=\"text-decoration: underline;\">Zona Sul com rapidez<\/span><\/strong><\/a>, al\u00e9m de contar com v\u00e1rias integra\u00e7\u00f5es com outras <strong><span style=\"text-decoration: underline;\"><a href=\"https:\/\/www.zimoveis.com.br\/blog\/bairros\/linhas-do-metro-de-sao-paulo\/\" target=\"_blank\" rel=\"noreferrer noopener\">linhas do metr\u00f4<\/a><\/span><\/strong> e da CPTM.&nbsp;<\/p>\n\n\n\n<p>O tempo gasto no tr\u00e2nsito diminui consideravelmente, trazendo mais liberdade e conforto para a rotina de quem precisa se deslocar com frequ\u00eancia.<\/p>\n\n\n\n<p><\/p>\n\n\n\n<figure class=\"wp-block-image size-large\"><img loading=\"lazy\" decoding=\"async\" width=\"700\" height=\"933\" src=\"https:\/\/www.zimoveis.com.br\/blog\/wp-content\/uploads\/2025\/07\/estacao-fradique-coutinho-avenida-paulista-700x933.jpg\" alt=\"Avenida Paulista perto da Esta\u00e7\u00e3o Fradique Coutinho\" class=\"wp-image-2949\" srcset=\"https:\/\/www.zimoveis.com.br\/blog\/wp-content\/uploads\/2025\/07\/estacao-fradique-coutinho-avenida-paulista-700x933.jpg 700w, https:\/\/www.zimoveis.com.br\/blog\/wp-content\/uploads\/2025\/07\/estacao-fradique-coutinho-avenida-paulista-250x333.jpg 250w, https:\/\/www.zimoveis.com.br\/blog\/wp-content\/uploads\/2025\/07\/estacao-fradique-coutinho-avenida-paulista-120x160.jpg 120w, https:\/\/www.zimoveis.com.br\/blog\/wp-content\/uploads\/2025\/07\/estacao-fradique-coutinho-avenida-paulista-640x853.jpg 640w, https:\/\/www.zimoveis.com.br\/blog\/wp-content\/uploads\/2025\/07\/estacao-fradique-coutinho-avenida-paulista-150x200.jpg 150w, https:\/\/www.zimoveis.com.br\/blog\/wp-content\/uploads\/2025\/07\/estacao-fradique-coutinho-avenida-paulista.jpg 768w\" sizes=\"auto, (max-width: 700px) 100vw, 700px\" \/><\/figure>\n\n\n\n<p><\/p>\n\n\n\n<h3 class=\"wp-block-heading\">2. <strong>Economia no dia a dia<\/strong><\/h3>\n\n\n\n<ol start=\"2\" class=\"wp-block-list\">\n<li><\/li>\n<\/ol>\n\n\n\n<p>Ao morar pr\u00f3ximo \u00e0 Fradique Coutinho, o carro deixa de ser uma necessidade. Isso reduz significativamente gastos com combust\u00edvel, <a href=\"https:\/\/www.zimoveis.com.br\/blog\/bairros\/como-funciona-o-rodizio-em-sao-paulo\/\" target=\"_blank\" rel=\"noreferrer noopener\"><strong><span style=\"text-decoration: underline;\">preocupa\u00e7\u00e3o com rod\u00edzio de ve\u00edculos<\/span><\/strong><\/a>, estacionamento, manuten\u00e7\u00e3o e at\u00e9 com aplicativos de transporte.&nbsp;<\/p>\n\n\n\n<p>A presen\u00e7a do metr\u00f4 praticamente na porta de casa permite que moradores priorizem deslocamentos r\u00e1pidos, econ\u00f4micos e sustent\u00e1veis. \u00c9 uma vantagem tanto no or\u00e7amento mensal quanto na praticidade do cotidiano.<\/p>\n\n\n\n<h3 class=\"wp-block-heading\">3. <strong>Sa\u00fade e mobilidade ativa<\/strong><\/h3>\n\n\n\n<ol start=\"3\" class=\"wp-block-list\">\n<li><\/li>\n<\/ol>\n\n\n\n<p>A esta\u00e7\u00e3o conta com biciclet\u00e1rio gratuito, incentivando o uso de bicicletas como meio de transporte complementar. Tal fato favorece uma rotina mais ativa e saud\u00e1vel, com menos sedentarismo e mais contato com o bairro.&nbsp;<\/p>\n\n\n\n<p>Al\u00e9m disso, as cal\u00e7adas largas e a boa estrutura da regi\u00e3o incentivam caminhadas para tarefas di\u00e1rias ou mesmo para lazer, refor\u00e7ando o bem-estar dos moradores.<\/p>\n\n\n\n<h3 class=\"wp-block-heading\">4. <strong>Alimenta\u00e7\u00e3o e conveni\u00eancia por perto<\/strong><\/h3>\n\n\n\n<ol start=\"4\" class=\"wp-block-list\">\n<li><\/li>\n<\/ol>\n\n\n\n<p>Os arredores da esta\u00e7\u00e3o oferecem padarias, caf\u00e9s, mercados, farm\u00e1cias, papelarias e lojas de conveni\u00eancia \u2014 tudo acess\u00edvel a p\u00e9.&nbsp;<\/p>\n\n\n\n<p>Isso facilita o dia a dia de quem precisa resolver tarefas r\u00e1pidas ou deseja fazer refei\u00e7\u00f5es sem sair do bairro. A praticidade de ter servi\u00e7os essenciais por perto \u00e9 um dos grandes atrativos para quem mora na regi\u00e3o.<\/p>\n\n\n\n<p><\/p>\n\n\n\n<figure class=\"wp-block-image size-large\"><img loading=\"lazy\" decoding=\"async\" width=\"700\" height=\"394\" src=\"https:\/\/www.zimoveis.com.br\/blog\/wp-content\/uploads\/2025\/07\/estacao-fradique-coutinho-pinheiros-700x394.jpg\" alt=\"ruas iluminadas de S\u00e3o Paulo representando a Esta\u00e7\u00e3o Fradique Coutinho\" class=\"wp-image-2950\" srcset=\"https:\/\/www.zimoveis.com.br\/blog\/wp-content\/uploads\/2025\/07\/estacao-fradique-coutinho-pinheiros-700x394.jpg 700w, https:\/\/www.zimoveis.com.br\/blog\/wp-content\/uploads\/2025\/07\/estacao-fradique-coutinho-pinheiros-250x141.jpg 250w, https:\/\/www.zimoveis.com.br\/blog\/wp-content\/uploads\/2025\/07\/estacao-fradique-coutinho-pinheiros-768x432.jpg 768w, https:\/\/www.zimoveis.com.br\/blog\/wp-content\/uploads\/2025\/07\/estacao-fradique-coutinho-pinheiros-120x68.jpg 120w, https:\/\/www.zimoveis.com.br\/blog\/wp-content\/uploads\/2025\/07\/estacao-fradique-coutinho-pinheiros-150x84.jpg 150w, https:\/\/www.zimoveis.com.br\/blog\/wp-content\/uploads\/2025\/07\/estacao-fradique-coutinho-pinheiros.jpg 1024w\" sizes=\"auto, (max-width: 700px) 100vw, 700px\" \/><\/figure>\n\n\n\n<p><\/p>\n\n\n\n<h3 class=\"wp-block-heading\">5. <strong>Cultura e lazer acess\u00edveis<\/strong><\/h3>\n\n\n\n<ol start=\"5\" class=\"wp-block-list\">\n<li><\/li>\n<\/ol>\n\n\n\n<p>Caminhar at\u00e9 o cinema, a galeria de arte ou a feira gastron\u00f4mica local \u00e9 uma realidade para quem mora na Fradique Coutinho.&nbsp;<\/p>\n\n\n\n<p>Com pontos como o Cinesala, a Vila Madalena e a Rua dos Pinheiros a poucos minutos de dist\u00e2ncia, o acesso \u00e0 cultura e ao lazer \u00e9 f\u00e1cil, frequente e variado. A regi\u00e3o \u00e9 perfeita para quem valoriza experi\u00eancias urbanas e gosta de estar em movimento.<\/p>\n\n\n\n<h3 class=\"wp-block-heading\">6. <strong>Valoriza\u00e7\u00e3o imobili\u00e1ria<\/strong><\/h3>\n\n\n\n<ol start=\"6\" class=\"wp-block-list\">\n<li><\/li>\n<\/ol>\n\n\n\n<p><strong>A regi\u00e3o da Fradique Coutinho tem <\/strong><a href=\"https:\/\/www.zimoveis.com.br\/blog\/mercado\/quais-os-fatores-que-influenciam-na-valorizacao-de-um-imovel\/\" target=\"_blank\" rel=\"noreferrer noopener\"><strong><span style=\"text-decoration: underline;\">alto potencial de valoriza\u00e7\u00e3o<\/span><\/strong><\/a><strong>, justamente por sua localiza\u00e7\u00e3o estrat\u00e9gica e infraestrutura completa<\/strong>. Im\u00f3veis pr\u00f3ximos ao metr\u00f4 costumam manter boa liquidez e atraem perfis variados de compradores e investidores.&nbsp;<\/p>\n\n\n\n<p>\u00c9 uma <strong>escolha que representa n\u00e3o s\u00f3 qualidade de vida, mas tamb\u00e9m seguran\u00e7a patrimonial.<\/strong><\/p>\n\n\n\n<h2 class=\"wp-block-heading\">Perfil ideal de morador<\/h2>\n\n\n\n<p>Perfeito para profissionais que trabalham nas regi\u00f5es centrais ou <a href=\"https:\/\/www.zimoveis.com.br\/blog\/bairros\/zonas-de-sao-paulo\/\" target=\"_blank\" rel=\"noreferrer noopener\"><strong>Zonas<\/strong><\/a> Sul\/Oeste, jovens e casais que buscam praticidade urbana, e pessoas que valorizam cultura e gastronomia.<\/p>\n\n\n\n<p><strong>Quer viver tudo isso de perto? A Zimmermann Im\u00f3veis pode te ajudar a encontrar o lar ideal na regi\u00e3o. Temos <\/strong><a href=\"https:\/\/www.zimoveis.com.br\/indice\/todos\/todos\/todos\/todos\/pinheiros\" target=\"_blank\" rel=\"noreferrer noopener\"><strong><span style=\"text-decoration: underline;\">op\u00e7\u00f5es selecionadas em Pinheiros e arredores<\/span>,<\/strong><\/a><strong> com localiza\u00e7\u00e3o estrat\u00e9gica e toda a praticidade que voc\u00ea procura.&nbsp;<\/strong><\/p>\n\n\n\n<p class=\"has-text-align-center\"><a href=\"https:\/\/api.whatsapp.com\/send\/?phone=551155551000&amp;text&amp;type=phone_number&amp;app_absent=0\" target=\"_blank\" rel=\"noreferrer noopener\"><strong><span style=\"text-decoration: underline;\">Fale com a nossa equipe!<\/span><\/strong><\/a><\/p>\n\n\n\n<p><\/p>\n\n\n<div class=\"wp-block-image\">\n<figure class=\"aligncenter size-large\"><a href=\"https:\/\/www.zimoveis.com.br\/indice\/apartamento\/todos\/todos\/todos\/todos\" target=\"_blank\" rel=\" noreferrer noopener\"><img loading=\"lazy\" decoding=\"async\" width=\"700\" height=\"700\" src=\"https:\/\/www.zimoveis.com.br\/blog\/wp-content\/uploads\/2024\/05\/Prancheta-2A-700x700.jpg\" alt=\"banner\" class=\"wp-image-1890\" srcset=\"https:\/\/www.zimoveis.com.br\/blog\/wp-content\/uploads\/2024\/05\/Prancheta-2A-700x700.jpg 700w, https:\/\/www.zimoveis.com.br\/blog\/wp-content\/uploads\/2024\/05\/Prancheta-2A-250x250.jpg 250w, https:\/\/www.zimoveis.com.br\/blog\/wp-content\/uploads\/2024\/05\/Prancheta-2A-150x150.jpg 150w, https:\/\/www.zimoveis.com.br\/blog\/wp-content\/uploads\/2024\/05\/Prancheta-2A-768x768.jpg 768w, https:\/\/www.zimoveis.com.br\/blog\/wp-content\/uploads\/2024\/05\/Prancheta-2A-120x120.jpg 120w, https:\/\/www.zimoveis.com.br\/blog\/wp-content\/uploads\/2024\/05\/Prancheta-2A.jpg 1024w\" sizes=\"auto, (max-width: 700px) 100vw, 700px\" \/><\/a><\/figure><\/div>\n\n\n<p><\/p>\n\n\n\n<h2 class=\"wp-block-heading\"><strong>Conclus\u00e3o<\/strong><\/h2>\n\n\n\n<p>Viver pr\u00f3ximo \u00e0 Esta\u00e7\u00e3o Fradique Coutinho \u00e9 mais do que contar com um metr\u00f4 \u00e0 porta: \u00e9 fazer parte de uma regi\u00e3o vibrante, moderna e cheia de possibilidades.&nbsp;<\/p>\n\n\n\n<p>Mobilidade, conveni\u00eancia, lazer, cultura e valoriza\u00e7\u00e3o imobili\u00e1ria se unem em um mesmo endere\u00e7o, ideal para quem quer praticidade sem abrir m\u00e3o da qualidade de vida.&nbsp;<\/p>\n\n\n\n<p>Se voc\u00ea <a href=\"https:\/\/www.zimoveis.com.br\/blog\/dicas\/como-comprar-uma-casa\/\" target=\"_blank\" rel=\"noreferrer noopener\"><strong><span style=\"text-decoration: underline;\">busca um novo come\u00e7o<\/span><\/strong><\/a> em um dos pontos mais completos de S\u00e3o Paulo, vale a pena considerar esse peda\u00e7o especial de Pinheiros. Conte conosco para morar e viver bem na maior cidade da Am\u00e9rica Latina!<\/p>\n","protected":false},"excerpt":{"rendered":"<p>A regi\u00e3o da Esta\u00e7\u00e3o Fradique Coutinho \u00e9 sin\u00f4nimo de qualidade de vida na cidade de S\u00e3o Paulo. Conhe\u00e7a a esta\u00e7\u00e3o e os im\u00f3veis da Zimmermann!<\/p>\n","protected":false},"author":6,"featured_media":2947,"comment_status":"open","ping_status":"open","sticky":false,"template":"","format":"standard","meta":{"footnotes":""},"categories":[3],"tags":[],"class_list":["post-2943","post","type-post","status-publish","format-standard","has-post-thumbnail","hentry","category-bairros"],"yoast_head":"<!-- This site is optimized with the Yoast SEO plugin v22.9 - https:\/\/yoast.com\/wordpress\/plugins\/seo\/ -->\n<title>Esta\u00e7\u00e3o Fradique Coutinho: as vantagens de morar na regi\u00e3o<\/title>\n<meta name=\"description\" content=\"A regi\u00e3o da Esta\u00e7\u00e3o Fradique Coutinho \u00e9 sin\u00f4nimo de qualidade de vida na cidade de S\u00e3o Paulo. Conhe\u00e7a a esta\u00e7\u00e3o e os im\u00f3veis da Zimmermann!\" \/>\n<meta name=\"robots\" content=\"index, follow, max-snippet:-1, max-image-preview:large, max-video-preview:-1\" \/>\n<link rel=\"canonical\" href=\"https:\/\/www.zimoveis.com.br\/blog\/bairros\/estacao-fradique-coutinho\/\" \/>\n<meta property=\"og:locale\" content=\"pt_BR\" \/>\n<meta property=\"og:type\" content=\"article\" \/>\n<meta property=\"og:title\" content=\"Esta\u00e7\u00e3o Fradique Coutinho: as vantagens de morar na regi\u00e3o\" \/>\n<meta property=\"og:description\" content=\"A regi\u00e3o da Esta\u00e7\u00e3o Fradique Coutinho \u00e9 sin\u00f4nimo de qualidade de vida na cidade de S\u00e3o Paulo. Conhe\u00e7a a esta\u00e7\u00e3o e os im\u00f3veis da Zimmermann!\" \/>\n<meta property=\"og:url\" content=\"https:\/\/www.zimoveis.com.br\/blog\/bairros\/estacao-fradique-coutinho\/\" \/>\n<meta property=\"og:site_name\" content=\"Blog Zimmermann Im\u00f3veis\" \/>\n<meta property=\"article:publisher\" content=\"https:\/\/www.facebook.com\/zimoveis.com.br\/\" \/>\n<meta property=\"article:published_time\" content=\"2025-07-15T01:57:54+00:00\" \/>\n<meta property=\"article:modified_time\" content=\"2025-12-08T17:33:48+00:00\" \/>\n<meta property=\"og:image\" content=\"https:\/\/www.zimoveis.com.br\/blog\/wp-content\/uploads\/2025\/07\/estacao-fradique-coutinho.jpg\" \/>\n\t<meta property=\"og:image:width\" content=\"1024\" \/>\n\t<meta property=\"og:image:height\" content=\"674\" \/>\n\t<meta property=\"og:image:type\" content=\"image\/jpeg\" \/>\n<meta name=\"author\" content=\"Renato Zimmermann\" \/>\n<meta name=\"twitter:card\" content=\"summary_large_image\" \/>\n<meta name=\"twitter:label1\" content=\"Escrito por\" \/>\n\t<meta name=\"twitter:data1\" content=\"Renato Zimmermann\" \/>\n\t<meta name=\"twitter:label2\" content=\"Est. tempo de leitura\" \/>\n\t<meta name=\"twitter:data2\" content=\"9 minutos\" \/>\n<script type=\"application\/ld+json\" class=\"yoast-schema-graph\">{\"@context\":\"https:\/\/schema.org\",\"@graph\":[{\"@type\":\"Article\",\"@id\":\"https:\/\/www.zimoveis.com.br\/blog\/bairros\/estacao-fradique-coutinho\/#article\",\"isPartOf\":{\"@id\":\"https:\/\/www.zimoveis.com.br\/blog\/bairros\/estacao-fradique-coutinho\/\"},\"author\":{\"name\":\"Renato Zimmermann\",\"@id\":\"https:\/\/www.zimoveis.com.br\/blog\/#\/schema\/person\/2a603a2bfa39667369b9df4ce30ff018\"},\"headline\":\"Esta\u00e7\u00e3o Fradique Coutinho: localiza\u00e7\u00e3o, acesso e vantagens de morar perto [Guia]\",\"datePublished\":\"2025-07-15T01:57:54+00:00\",\"dateModified\":\"2025-12-08T17:33:48+00:00\",\"mainEntityOfPage\":{\"@id\":\"https:\/\/www.zimoveis.com.br\/blog\/bairros\/estacao-fradique-coutinho\/\"},\"wordCount\":1444,\"commentCount\":0,\"publisher\":{\"@id\":\"https:\/\/www.zimoveis.com.br\/blog\/#organization\"},\"image\":{\"@id\":\"https:\/\/www.zimoveis.com.br\/blog\/bairros\/estacao-fradique-coutinho\/#primaryimage\"},\"thumbnailUrl\":\"https:\/\/www.zimoveis.com.br\/blog\/wp-content\/uploads\/2025\/07\/estacao-fradique-coutinho.jpg\",\"articleSection\":[\"Bairros\"],\"inLanguage\":\"pt-BR\",\"potentialAction\":[{\"@type\":\"CommentAction\",\"name\":\"Comment\",\"target\":[\"https:\/\/www.zimoveis.com.br\/blog\/bairros\/estacao-fradique-coutinho\/#respond\"]}]},{\"@type\":\"WebPage\",\"@id\":\"https:\/\/www.zimoveis.com.br\/blog\/bairros\/estacao-fradique-coutinho\/\",\"url\":\"https:\/\/www.zimoveis.com.br\/blog\/bairros\/estacao-fradique-coutinho\/\",\"name\":\"Esta\u00e7\u00e3o Fradique Coutinho: as vantagens de morar na regi\u00e3o\",\"isPartOf\":{\"@id\":\"https:\/\/www.zimoveis.com.br\/blog\/#website\"},\"primaryImageOfPage\":{\"@id\":\"https:\/\/www.zimoveis.com.br\/blog\/bairros\/estacao-fradique-coutinho\/#primaryimage\"},\"image\":{\"@id\":\"https:\/\/www.zimoveis.com.br\/blog\/bairros\/estacao-fradique-coutinho\/#primaryimage\"},\"thumbnailUrl\":\"https:\/\/www.zimoveis.com.br\/blog\/wp-content\/uploads\/2025\/07\/estacao-fradique-coutinho.jpg\",\"datePublished\":\"2025-07-15T01:57:54+00:00\",\"dateModified\":\"2025-12-08T17:33:48+00:00\",\"description\":\"A regi\u00e3o da Esta\u00e7\u00e3o Fradique Coutinho \u00e9 sin\u00f4nimo de qualidade de vida na cidade de S\u00e3o Paulo. Conhe\u00e7a a esta\u00e7\u00e3o e os im\u00f3veis da Zimmermann!\",\"breadcrumb\":{\"@id\":\"https:\/\/www.zimoveis.com.br\/blog\/bairros\/estacao-fradique-coutinho\/#breadcrumb\"},\"inLanguage\":\"pt-BR\",\"potentialAction\":[{\"@type\":\"ReadAction\",\"target\":[\"https:\/\/www.zimoveis.com.br\/blog\/bairros\/estacao-fradique-coutinho\/\"]}]},{\"@type\":\"ImageObject\",\"inLanguage\":\"pt-BR\",\"@id\":\"https:\/\/www.zimoveis.com.br\/blog\/bairros\/estacao-fradique-coutinho\/#primaryimage\",\"url\":\"https:\/\/www.zimoveis.com.br\/blog\/wp-content\/uploads\/2025\/07\/estacao-fradique-coutinho.jpg\",\"contentUrl\":\"https:\/\/www.zimoveis.com.br\/blog\/wp-content\/uploads\/2025\/07\/estacao-fradique-coutinho.jpg\",\"width\":1024,\"height\":674,\"caption\":\"entrada da Esta\u00e7\u00e3o Fradique Coutinho\"},{\"@type\":\"BreadcrumbList\",\"@id\":\"https:\/\/www.zimoveis.com.br\/blog\/bairros\/estacao-fradique-coutinho\/#breadcrumb\",\"itemListElement\":[{\"@type\":\"ListItem\",\"position\":1,\"name\":\"Home\",\"item\":\"https:\/\/www.zimoveis.com.br\/blog\/\"},{\"@type\":\"ListItem\",\"position\":2,\"name\":\"Esta\u00e7\u00e3o Fradique Coutinho: localiza\u00e7\u00e3o, acesso e vantagens de morar perto [Guia]\"}]},{\"@type\":\"WebSite\",\"@id\":\"https:\/\/www.zimoveis.com.br\/blog\/#website\",\"url\":\"https:\/\/www.zimoveis.com.br\/blog\/\",\"name\":\"Blog Zimmermann Im\u00f3veis\",\"description\":\"Artigos e Not\u00edcias sobre o Mercado Imobili\u00e1rio\",\"publisher\":{\"@id\":\"https:\/\/www.zimoveis.com.br\/blog\/#organization\"},\"potentialAction\":[{\"@type\":\"SearchAction\",\"target\":{\"@type\":\"EntryPoint\",\"urlTemplate\":\"https:\/\/www.zimoveis.com.br\/blog\/?s={search_term_string}\"},\"query-input\":\"required name=search_term_string\"}],\"inLanguage\":\"pt-BR\"},{\"@type\":\"Organization\",\"@id\":\"https:\/\/www.zimoveis.com.br\/blog\/#organization\",\"name\":\"Zimmermann Im\u00f3veis\",\"url\":\"https:\/\/www.zimoveis.com.br\/blog\/\",\"logo\":{\"@type\":\"ImageObject\",\"inLanguage\":\"pt-BR\",\"@id\":\"https:\/\/www.zimoveis.com.br\/blog\/#\/schema\/logo\/image\/\",\"url\":\"https:\/\/www.zimoveis.com.br\/blog\/wp-content\/uploads\/2022\/07\/Logo-Zimoveis-PSD-1.png\",\"contentUrl\":\"https:\/\/www.zimoveis.com.br\/blog\/wp-content\/uploads\/2022\/07\/Logo-Zimoveis-PSD-1.png\",\"width\":2977,\"height\":1727,\"caption\":\"Zimmermann Im\u00f3veis\"},\"image\":{\"@id\":\"https:\/\/www.zimoveis.com.br\/blog\/#\/schema\/logo\/image\/\"},\"sameAs\":[\"https:\/\/www.facebook.com\/zimoveis.com.br\/\",\"https:\/\/www.linkedin.com\/company\/zimmermann-imveis\/about\/\",\"https:\/\/www.instagram.com\/zimoveis\/\",\"https:\/\/www.youtube.com\/channel\/UCheuj0pESCyVf214X1QJ1dw\"]},{\"@type\":\"Person\",\"@id\":\"https:\/\/www.zimoveis.com.br\/blog\/#\/schema\/person\/2a603a2bfa39667369b9df4ce30ff018\",\"name\":\"Renato Zimmermann\",\"image\":{\"@type\":\"ImageObject\",\"inLanguage\":\"pt-BR\",\"@id\":\"https:\/\/www.zimoveis.com.br\/blog\/#\/schema\/person\/image\/\",\"url\":\"https:\/\/secure.gravatar.com\/avatar\/edad15e60f6cea78814a8ee71c2a700e?s=96&d=mm&r=g\",\"contentUrl\":\"https:\/\/secure.gravatar.com\/avatar\/edad15e60f6cea78814a8ee71c2a700e?s=96&d=mm&r=g\",\"caption\":\"Renato Zimmermann\"},\"description\":\"Renato Zimmermann possui uma carreira de mais de 30 anos no setor imobili\u00e1rio. Sua jornada como corretor de im\u00f3veis come\u00e7ou em 1980 (CRECI 35494F) e desde ent\u00e3o foi conquistando espa\u00e7o e confian\u00e7a do setor. Hoje, \u00e9 uma figura de destaque no mercado imobili\u00e1rio de S\u00e3o Paulo. Reconhecido como um grande conhecedor do mercado, Renato tem como um dos principais prazeres de vida o compartilhamento da sua vis\u00e3o sobre as tend\u00eancias e oportunidades do setor. Sua s\u00f3lida experi\u00eancia no mercado imobili\u00e1rio permite-o a ter as bases necess\u00e1rias para inovar com responsabilidade e vis\u00e3o estrat\u00e9gica. Fundador e CEO da Zimmermann Im\u00f3veis, \u00e9 seu profundo conhecimento e eterno aprendizado que o capacita a acompanhar e gerenciar diretamente todas as estrat\u00e9gias de neg\u00f3cios da imobili\u00e1ria que \u00e9 uma das refer\u00eancias em vendas em S\u00e3o Paulo. Al\u00e9m disso, outro ponto em que \u00e9 reconhecido \u00e9 de sua \u00e9tica, considerada inabal\u00e1vel. N\u00e3o \u00e9 raro ouvir sobre a firmeza da sua conduta. N\u00e3o por acaso, ao longo de todos esses anos, mesmo como investidor, nunca tenha ocorrido conflito de interesses com corretores parceiros do mercado. Essa integridade, juntamente com conhecimento e vis\u00e3o estrat\u00e9gica, preserva e mant\u00e9m seu nome como uma das grandes refer\u00eancias do mercado imobili\u00e1rio paulistano. Sua vasta experi\u00eancia abrange n\u00e3o apenas a avalia\u00e7\u00e3o e negocia\u00e7\u00f5es, mas tamb\u00e9m aspectos jur\u00eddicos do direito imobili\u00e1rio. Com um enfoque nas regi\u00f5es da zona Oeste e sul da cidade de S\u00e3o Paulo, Renato Zimmermann \u00e9 reconhecido tanto por sua compet\u00eancia em vendas, quanto por seu comprometimento com a satisfa\u00e7\u00e3o e sucesso de seus clientes e parceiros.\",\"url\":\"https:\/\/www.zimoveis.com.br\/blog\/author\/renato-zimmermann\/\"}]}<\/script>\n<!-- \/ Yoast SEO plugin. -->","yoast_head_json":{"title":"Esta\u00e7\u00e3o Fradique Coutinho: as vantagens de morar na regi\u00e3o","description":"A regi\u00e3o da Esta\u00e7\u00e3o Fradique Coutinho \u00e9 sin\u00f4nimo de qualidade de vida na cidade de S\u00e3o Paulo. Conhe\u00e7a a esta\u00e7\u00e3o e os im\u00f3veis da Zimmermann!","robots":{"index":"index","follow":"follow","max-snippet":"max-snippet:-1","max-image-preview":"max-image-preview:large","max-video-preview":"max-video-preview:-1"},"canonical":"https:\/\/www.zimoveis.com.br\/blog\/bairros\/estacao-fradique-coutinho\/","og_locale":"pt_BR","og_type":"article","og_title":"Esta\u00e7\u00e3o Fradique Coutinho: as vantagens de morar na regi\u00e3o","og_description":"A regi\u00e3o da Esta\u00e7\u00e3o Fradique Coutinho \u00e9 sin\u00f4nimo de qualidade de vida na cidade de S\u00e3o Paulo. Conhe\u00e7a a esta\u00e7\u00e3o e os im\u00f3veis da Zimmermann!","og_url":"https:\/\/www.zimoveis.com.br\/blog\/bairros\/estacao-fradique-coutinho\/","og_site_name":"Blog Zimmermann Im\u00f3veis","article_publisher":"https:\/\/www.facebook.com\/zimoveis.com.br\/","article_published_time":"2025-07-15T01:57:54+00:00","article_modified_time":"2025-12-08T17:33:48+00:00","og_image":[{"width":1024,"height":674,"url":"https:\/\/www.zimoveis.com.br\/blog\/wp-content\/uploads\/2025\/07\/estacao-fradique-coutinho.jpg","type":"image\/jpeg"}],"author":"Renato Zimmermann","twitter_card":"summary_large_image","twitter_misc":{"Escrito por":"Renato Zimmermann","Est. tempo de leitura":"9 minutos"},"schema":{"@context":"https:\/\/schema.org","@graph":[{"@type":"Article","@id":"https:\/\/www.zimoveis.com.br\/blog\/bairros\/estacao-fradique-coutinho\/#article","isPartOf":{"@id":"https:\/\/www.zimoveis.com.br\/blog\/bairros\/estacao-fradique-coutinho\/"},"author":{"name":"Renato Zimmermann","@id":"https:\/\/www.zimoveis.com.br\/blog\/#\/schema\/person\/2a603a2bfa39667369b9df4ce30ff018"},"headline":"Esta\u00e7\u00e3o Fradique Coutinho: localiza\u00e7\u00e3o, acesso e vantagens de morar perto [Guia]","datePublished":"2025-07-15T01:57:54+00:00","dateModified":"2025-12-08T17:33:48+00:00","mainEntityOfPage":{"@id":"https:\/\/www.zimoveis.com.br\/blog\/bairros\/estacao-fradique-coutinho\/"},"wordCount":1444,"commentCount":0,"publisher":{"@id":"https:\/\/www.zimoveis.com.br\/blog\/#organization"},"image":{"@id":"https:\/\/www.zimoveis.com.br\/blog\/bairros\/estacao-fradique-coutinho\/#primaryimage"},"thumbnailUrl":"https:\/\/www.zimoveis.com.br\/blog\/wp-content\/uploads\/2025\/07\/estacao-fradique-coutinho.jpg","articleSection":["Bairros"],"inLanguage":"pt-BR","potentialAction":[{"@type":"CommentAction","name":"Comment","target":["https:\/\/www.zimoveis.com.br\/blog\/bairros\/estacao-fradique-coutinho\/#respond"]}]},{"@type":"WebPage","@id":"https:\/\/www.zimoveis.com.br\/blog\/bairros\/estacao-fradique-coutinho\/","url":"https:\/\/www.zimoveis.com.br\/blog\/bairros\/estacao-fradique-coutinho\/","name":"Esta\u00e7\u00e3o Fradique Coutinho: as vantagens de morar na regi\u00e3o","isPartOf":{"@id":"https:\/\/www.zimoveis.com.br\/blog\/#website"},"primaryImageOfPage":{"@id":"https:\/\/www.zimoveis.com.br\/blog\/bairros\/estacao-fradique-coutinho\/#primaryimage"},"image":{"@id":"https:\/\/www.zimoveis.com.br\/blog\/bairros\/estacao-fradique-coutinho\/#primaryimage"},"thumbnailUrl":"https:\/\/www.zimoveis.com.br\/blog\/wp-content\/uploads\/2025\/07\/estacao-fradique-coutinho.jpg","datePublished":"2025-07-15T01:57:54+00:00","dateModified":"2025-12-08T17:33:48+00:00","description":"A regi\u00e3o da Esta\u00e7\u00e3o Fradique Coutinho \u00e9 sin\u00f4nimo de qualidade de vida na cidade de S\u00e3o Paulo. Conhe\u00e7a a esta\u00e7\u00e3o e os im\u00f3veis da Zimmermann!","breadcrumb":{"@id":"https:\/\/www.zimoveis.com.br\/blog\/bairros\/estacao-fradique-coutinho\/#breadcrumb"},"inLanguage":"pt-BR","potentialAction":[{"@type":"ReadAction","target":["https:\/\/www.zimoveis.com.br\/blog\/bairros\/estacao-fradique-coutinho\/"]}]},{"@type":"ImageObject","inLanguage":"pt-BR","@id":"https:\/\/www.zimoveis.com.br\/blog\/bairros\/estacao-fradique-coutinho\/#primaryimage","url":"https:\/\/www.zimoveis.com.br\/blog\/wp-content\/uploads\/2025\/07\/estacao-fradique-coutinho.jpg","contentUrl":"https:\/\/www.zimoveis.com.br\/blog\/wp-content\/uploads\/2025\/07\/estacao-fradique-coutinho.jpg","width":1024,"height":674,"caption":"entrada da Esta\u00e7\u00e3o Fradique Coutinho"},{"@type":"BreadcrumbList","@id":"https:\/\/www.zimoveis.com.br\/blog\/bairros\/estacao-fradique-coutinho\/#breadcrumb","itemListElement":[{"@type":"ListItem","position":1,"name":"Home","item":"https:\/\/www.zimoveis.com.br\/blog\/"},{"@type":"ListItem","position":2,"name":"Esta\u00e7\u00e3o Fradique Coutinho: localiza\u00e7\u00e3o, acesso e vantagens de morar perto [Guia]"}]},{"@type":"WebSite","@id":"https:\/\/www.zimoveis.com.br\/blog\/#website","url":"https:\/\/www.zimoveis.com.br\/blog\/","name":"Blog Zimmermann Im\u00f3veis","description":"Artigos e Not\u00edcias sobre o Mercado Imobili\u00e1rio","publisher":{"@id":"https:\/\/www.zimoveis.com.br\/blog\/#organization"},"potentialAction":[{"@type":"SearchAction","target":{"@type":"EntryPoint","urlTemplate":"https:\/\/www.zimoveis.com.br\/blog\/?s={search_term_string}"},"query-input":"required name=search_term_string"}],"inLanguage":"pt-BR"},{"@type":"Organization","@id":"https:\/\/www.zimoveis.com.br\/blog\/#organization","name":"Zimmermann Im\u00f3veis","url":"https:\/\/www.zimoveis.com.br\/blog\/","logo":{"@type":"ImageObject","inLanguage":"pt-BR","@id":"https:\/\/www.zimoveis.com.br\/blog\/#\/schema\/logo\/image\/","url":"https:\/\/www.zimoveis.com.br\/blog\/wp-content\/uploads\/2022\/07\/Logo-Zimoveis-PSD-1.png","contentUrl":"https:\/\/www.zimoveis.com.br\/blog\/wp-content\/uploads\/2022\/07\/Logo-Zimoveis-PSD-1.png","width":2977,"height":1727,"caption":"Zimmermann Im\u00f3veis"},"image":{"@id":"https:\/\/www.zimoveis.com.br\/blog\/#\/schema\/logo\/image\/"},"sameAs":["https:\/\/www.facebook.com\/zimoveis.com.br\/","https:\/\/www.linkedin.com\/company\/zimmermann-imveis\/about\/","https:\/\/www.instagram.com\/zimoveis\/","https:\/\/www.youtube.com\/channel\/UCheuj0pESCyVf214X1QJ1dw"]},{"@type":"Person","@id":"https:\/\/www.zimoveis.com.br\/blog\/#\/schema\/person\/2a603a2bfa39667369b9df4ce30ff018","name":"Renato Zimmermann","image":{"@type":"ImageObject","inLanguage":"pt-BR","@id":"https:\/\/www.zimoveis.com.br\/blog\/#\/schema\/person\/image\/","url":"https:\/\/secure.gravatar.com\/avatar\/edad15e60f6cea78814a8ee71c2a700e?s=96&d=mm&r=g","contentUrl":"https:\/\/secure.gravatar.com\/avatar\/edad15e60f6cea78814a8ee71c2a700e?s=96&d=mm&r=g","caption":"Renato Zimmermann"},"description":"Renato Zimmermann possui uma carreira de mais de 30 anos no setor imobili\u00e1rio. Sua jornada como corretor de im\u00f3veis come\u00e7ou em 1980 (CRECI 35494F) e desde ent\u00e3o foi conquistando espa\u00e7o e confian\u00e7a do setor. Hoje, \u00e9 uma figura de destaque no mercado imobili\u00e1rio de S\u00e3o Paulo. Reconhecido como um grande conhecedor do mercado, Renato tem como um dos principais prazeres de vida o compartilhamento da sua vis\u00e3o sobre as tend\u00eancias e oportunidades do setor. Sua s\u00f3lida experi\u00eancia no mercado imobili\u00e1rio permite-o a ter as bases necess\u00e1rias para inovar com responsabilidade e vis\u00e3o estrat\u00e9gica. Fundador e CEO da Zimmermann Im\u00f3veis, \u00e9 seu profundo conhecimento e eterno aprendizado que o capacita a acompanhar e gerenciar diretamente todas as estrat\u00e9gias de neg\u00f3cios da imobili\u00e1ria que \u00e9 uma das refer\u00eancias em vendas em S\u00e3o Paulo. Al\u00e9m disso, outro ponto em que \u00e9 reconhecido \u00e9 de sua \u00e9tica, considerada inabal\u00e1vel. N\u00e3o \u00e9 raro ouvir sobre a firmeza da sua conduta. N\u00e3o por acaso, ao longo de todos esses anos, mesmo como investidor, nunca tenha ocorrido conflito de interesses com corretores parceiros do mercado. Essa integridade, juntamente com conhecimento e vis\u00e3o estrat\u00e9gica, preserva e mant\u00e9m seu nome como uma das grandes refer\u00eancias do mercado imobili\u00e1rio paulistano. Sua vasta experi\u00eancia abrange n\u00e3o apenas a avalia\u00e7\u00e3o e negocia\u00e7\u00f5es, mas tamb\u00e9m aspectos jur\u00eddicos do direito imobili\u00e1rio. Com um enfoque nas regi\u00f5es da zona Oeste e sul da cidade de S\u00e3o Paulo, Renato Zimmermann \u00e9 reconhecido tanto por sua compet\u00eancia em vendas, quanto por seu comprometimento com a satisfa\u00e7\u00e3o e sucesso de seus clientes e parceiros.","url":"https:\/\/www.zimoveis.com.br\/blog\/author\/renato-zimmermann\/"}]}},"_links":{"self":[{"href":"https:\/\/www.zimoveis.com.br\/blog\/wp-json\/wp\/v2\/posts\/2943","targetHints":{"allow":["GET"]}}],"collection":[{"href":"https:\/\/www.zimoveis.com.br\/blog\/wp-json\/wp\/v2\/posts"}],"about":[{"href":"https:\/\/www.zimoveis.com.br\/blog\/wp-json\/wp\/v2\/types\/post"}],"author":[{"embeddable":true,"href":"https:\/\/www.zimoveis.com.br\/blog\/wp-json\/wp\/v2\/users\/6"}],"replies":[{"embeddable":true,"href":"https:\/\/www.zimoveis.com.br\/blog\/wp-json\/wp\/v2\/comments?post=2943"}],"version-history":[{"count":9,"href":"https:\/\/www.zimoveis.com.br\/blog\/wp-json\/wp\/v2\/posts\/2943\/revisions"}],"predecessor-version":[{"id":3059,"href":"https:\/\/www.zimoveis.com.br\/blog\/wp-json\/wp\/v2\/posts\/2943\/revisions\/3059"}],"wp:featuredmedia":[{"embeddable":true,"href":"https:\/\/www.zimoveis.com.br\/blog\/wp-json\/wp\/v2\/media\/2947"}],"wp:attachment":[{"href":"https:\/\/www.zimoveis.com.br\/blog\/wp-json\/wp\/v2\/media?parent=2943"}],"wp:term":[{"taxonomy":"category","embeddable":true,"href":"https:\/\/www.zimoveis.com.br\/blog\/wp-json\/wp\/v2\/categories?post=2943"},{"taxonomy":"post_tag","embeddable":true,"href":"https:\/\/www.zimoveis.com.br\/blog\/wp-json\/wp\/v2\/tags?post=2943"}],"curies":[{"name":"wp","href":"https:\/\/api.w.org\/{rel}","templated":true}]}}