{"id":3386,"date":"2025-11-18T18:22:24","date_gmt":"2025-11-18T21:22:24","guid":{"rendered":"https:\/\/www.zimoveis.com.br\/blog\/?p=3386"},"modified":"2025-12-09T16:45:52","modified_gmt":"2025-12-09T19:45:52","slug":"bairro-mais-cool-do-mundo","status":"publish","type":"post","link":"https:\/\/www.zimoveis.com.br\/blog\/bairros\/bairro-mais-cool-do-mundo\/","title":{"rendered":"Bairro mais cool do mundo: Como \u00e9 viver na Barra Funda?"},"content":{"rendered":"\n<p>O t\u00edtulo de bairro mais cool do mundo tem um novo endere\u00e7o em S\u00e3o Paulo: a Barra Funda.<\/p>\n\n\n\n<p>Eleita pelo prestigiado ranking global da Time Out, a regi\u00e3o conquistou o 3\u00ba lugar mundial pela transforma\u00e7\u00e3o real que combina heran\u00e7a industrial com inova\u00e7\u00e3o cultural.&nbsp;<\/p>\n\n\n\n<p>Neste texto, vamos te mostrar o que significa viver neste epicentro de transforma\u00e7\u00e3o urbana.<\/p>\n\n\n\n<p>Descubra por que morar na Barra Funda \u00e9 um investimento inteligente em qualidade de vida urbana. Vamos l\u00e1?<\/p>\n\n\n<div class=\"wp-block-image\">\n<figure class=\"aligncenter size-large\"><a href=\"https:\/\/www.zimoveis.com.br\/indice\/apartamento\/todos\/todos\/todos\/todos\" target=\"_blank\" rel=\" noreferrer noopener\"><img loading=\"lazy\" decoding=\"async\" width=\"700\" height=\"87\" src=\"https:\/\/www.zimoveis.com.br\/blog\/wp-content\/uploads\/2024\/05\/banner-apt-sao-paulo-700x87.png\" alt=\"banner\" class=\"wp-image-1889\" srcset=\"https:\/\/www.zimoveis.com.br\/blog\/wp-content\/uploads\/2024\/05\/banner-apt-sao-paulo-700x87.png 700w, https:\/\/www.zimoveis.com.br\/blog\/wp-content\/uploads\/2024\/05\/banner-apt-sao-paulo-250x31.png 250w, https:\/\/www.zimoveis.com.br\/blog\/wp-content\/uploads\/2024\/05\/banner-apt-sao-paulo-120x15.png 120w, https:\/\/www.zimoveis.com.br\/blog\/wp-content\/uploads\/2024\/05\/banner-apt-sao-paulo.png 728w\" sizes=\"auto, (max-width: 700px) 100vw, 700px\" \/><\/a><\/figure><\/div>\n\n\n<p><\/p>\n\n\n\n<h2 class=\"wp-block-heading\">Qual \u00e9 o bairro mais cool do mundo?<\/h2>\n\n\n\n<p>De acordo com o prestigiado ranking global da revista brit\u00e2nica Time Out, <a href=\"https:\/\/g1.globo.com\/sp\/sao-paulo\/noticia\/2025\/09\/24\/bairro-da-barra-funda-no-centro-de-sp-e-eleito-o-3o-bar-mais-cool-do-mundo-por-revista-britanica.ghtml\" target=\"_blank\" rel=\"noreferrer noopener\"><strong><span style=\"text-decoration: underline;\">o t\u00edtulo de bairro mais cool do mundo atualmente pertence a Jimb\u014dch\u014d<\/span><\/strong><\/a>, em T\u00f3quio.&nbsp;<\/p>\n\n\n\n<p>Este distrito \u00e9 um para\u00edso para os amantes da literatura, pois \u00e9 famoso por suas centen\u00e1rias livrarias de rua se especializando em mang\u00e1s, livros acad\u00eamicos e obras raras, criando uma atmosfera intelectual e singular.<\/p>\n\n\n\n<p>Logo em seguida, na segunda posi\u00e7\u00e3o, est\u00e1 Borgerhout, no vibrante cora\u00e7\u00e3o de Antu\u00e9rpia, na B\u00e9lgica.&nbsp;<\/p>\n\n\n\n<p>Borgerhout se destaca por sua energia art\u00edstica contagiante, com galerias de arte independentes, grafites que colorem as fachadas hist\u00f3ricas e uma cena gastron\u00f4mica multicultural que reflete sua diversidade.<\/p>\n\n\n\n<p>E \u00e9 aqui que S\u00e3o Paulo ganha destaque no panorama global: a Barra Funda foi eleita como o terceiro bairro mais cool do mundo. Este n\u00e3o \u00e9 um reconhecimento qualquer.&nbsp;<\/p>\n\n\n\n<p>O ranking da Time Out \u00e9 elaborado a partir da opini\u00e3o de milhares de moradores locais e da expertise de seus editores ao redor do mundo, que avaliam a autenticidade, a vida cultural, a comunidade e a oferta de experi\u00eancias \u00fanicas.&nbsp;<\/p>\n\n\n\n<p>A Barra Funda est\u00e1 na lista porque encapsula perfeitamente a energia de transforma\u00e7\u00e3o e a alma cultural que definem um verdadeiro ponto de ebuli\u00e7\u00e3o urbano.<\/p>\n\n\n\n<h2 class=\"wp-block-heading\">Como \u00e9 viver na Barra Funda, o bairro mais cool do Brasil?&nbsp;<\/h2>\n\n\n\n<p>Viver na Barra Funda \u00e9 experimentar um estilo de vida din\u00e2mico e plural, onde a agita\u00e7\u00e3o criativa de um polo cultural convive com a praticidade da infraestrutura urbana. \u00c9 um bairro que n\u00e3o para, evoluindo constantemente enquanto honra sua rica heran\u00e7a hist\u00f3rica.<\/p>\n\n\n\n<p>A cena cultural e de lazer \u00e9, sem d\u00favida, um de seus maiores atrativos.&nbsp;<\/p>\n\n\n\n<p>A regi\u00e3o \u00e9 um epicentro art\u00edstico, abrigando gigantes como o Allianz Parque, palco dos maiores shows nacionais e internacionais, e o Memorial da Am\u00e9rica Latina, um complexo dedicado \u00e0 arte e pol\u00edtica latino-americana.&nbsp;<\/p>\n\n\n\n<p>A efervesc\u00eancia continua em espa\u00e7os como a Oficina Cultural Oswald de Andrade, que fomenta a produ\u00e7\u00e3o art\u00edstica contempor\u00e2nea, e na prolifera\u00e7\u00e3o de galerias de arte, teatros alternativos e bares tem\u00e1ticos que ocupam os galp\u00f5es revitalizados, dando um charme industrial \u00fanico ao bairro.<\/p>\n\n\n\n<p>No que se refere \u00e0 conectividade e mobilidade, a Barra Funda \u00e9 um ponto estrat\u00e9gico na cidade.&nbsp;<\/p>\n\n\n\n<p>O bairro \u00e9 servido pela Esta\u00e7\u00e3o Barra Funda do metr\u00f4 e da CPTM, integrando diferentes linhas de trem e \u00f4nibus, al\u00e9m de ter f\u00e1cil acesso a importantes vias marginais e rodovias, como a Marginal Tiet\u00ea e a Castelo Branco.&nbsp;<\/p>\n\n\n\n<p>Essa malha de transporte p\u00fablico facilita deslocamentos para qualquer regi\u00e3o de S\u00e3o Paulo, um benef\u00edcio inestim\u00e1vel para o dia a dia.<\/p>\n\n\n\n<p>Por fim, a conveni\u00eancia para o cotidiano \u00e9 tang\u00edvel.&nbsp;<\/p>\n\n\n\n<p>O bairro possui um com\u00e9rcio forte e diversificado, supermercados, farm\u00e1cias e uma das ofertas gastron\u00f4micas mais interessantes da cidade, que vai desde botecos tradicionais e aconchegantes at\u00e9 restaurantes modernos e conceituados.&nbsp;<\/p>\n\n\n\n<p>A proximidade com o Centro Expandido e a constante valoriza\u00e7\u00e3o imobili\u00e1ria com novos lan\u00e7amentos residenciais completam o cen\u00e1rio, tornando a Barra Funda n\u00e3o apenas um lugar cool para visitar, mas um bairro excepcional para se viver.<\/p>\n\n\n\n<h2 class=\"wp-block-heading\">Morar na Barra Funda vale a pena?&nbsp;<\/h2>\n\n\n\n<figure class=\"wp-block-image size-large\"><img loading=\"lazy\" decoding=\"async\" width=\"700\" height=\"525\" src=\"https:\/\/www.zimoveis.com.br\/blog\/wp-content\/uploads\/2025\/11\/bairro-mais-cool-do-mundo-vale-a-pena-700x525.jpg\" alt=\"vis\u00e3o de pr\u00e9dios representando qual o bairro mais cool do mundo\" class=\"wp-image-3389\" srcset=\"https:\/\/www.zimoveis.com.br\/blog\/wp-content\/uploads\/2025\/11\/bairro-mais-cool-do-mundo-vale-a-pena-700x525.jpg 700w, https:\/\/www.zimoveis.com.br\/blog\/wp-content\/uploads\/2025\/11\/bairro-mais-cool-do-mundo-vale-a-pena-250x188.jpg 250w, https:\/\/www.zimoveis.com.br\/blog\/wp-content\/uploads\/2025\/11\/bairro-mais-cool-do-mundo-vale-a-pena-768x576.jpg 768w, https:\/\/www.zimoveis.com.br\/blog\/wp-content\/uploads\/2025\/11\/bairro-mais-cool-do-mundo-vale-a-pena-120x90.jpg 120w, https:\/\/www.zimoveis.com.br\/blog\/wp-content\/uploads\/2025\/11\/bairro-mais-cool-do-mundo-vale-a-pena-150x113.jpg 150w, https:\/\/www.zimoveis.com.br\/blog\/wp-content\/uploads\/2025\/11\/bairro-mais-cool-do-mundo-vale-a-pena.jpg 1024w\" sizes=\"auto, (max-width: 700px) 100vw, 700px\" \/><\/figure>\n\n\n\n<p><\/p>\n\n\n\n<p>Se voc\u00ea busca um bairro que une a autenticidade do passado com a inova\u00e7\u00e3o do futuro, a resposta \u00e9 um sim, categ\u00f3rico.&nbsp;<\/p>\n\n\n\n<p>Morar na Barra Funda \u00e9 investir em um estilo de vida urbano e sofisticado, mas com uma identidade forte e \u00fanica. Entre as principais vantagens, destacam-se:<\/p>\n\n\n\n<h3 class=\"wp-block-heading\">Potencial de valoriza\u00e7\u00e3o s\u00f3lido<\/h3>\n\n\n\n<p>A regi\u00e3o \u00e9 um canteiro de obras de novos empreendimentos residenciais e comerciais, com infraestrutura em constante evolu\u00e7\u00e3o.&nbsp;<\/p>\n\n\n\n<p>Isso, somado ao reconhecimento internacional, cria um cen\u00e1rio extremamente favor\u00e1vel para a valoriza\u00e7\u00e3o do seu investimento a m\u00e9dio e longo prazo.<\/p>\n\n\n\n<h3 class=\"wp-block-heading\">Praticidade para o dia a dia<\/h3>\n\n\n\n<p>A excelente localiza\u00e7\u00e3o e conectividade (com acesso a ferrovias, metr\u00f4 e principais vias) significam economia de tempo e menos estresse nos deslocamentos.&nbsp;<\/p>\n\n\n\n<p>Voc\u00ea ganha mais qualidade de vida para aproveitar o que o bairro tem de melhor.<\/p>\n\n\n\n<h3 class=\"wp-block-heading\">Cultura e Lazer na Porta de Casa<\/h3>\n\n\n\n<p>Diferente de bairros meramente residenciais, a Barra Funda oferece uma agenda cultural vibrante.&nbsp;<\/p>\n\n\n\n<p>Voc\u00ea n\u00e3o precisa se deslocar para se divertir; a vida cultural acontece ao seu redor, com teatros, galerias, bares conceituados e eventos esportivos de grande porte.<\/p>\n\n\n\n<p>Morar na Barra Funda \u00e9 para quem n\u00e3o tem medo de estar no centro das transforma\u00e7\u00f5es de S\u00e3o Paulo, aproveitando a energia de um bairro que est\u00e1 escrevendo, todos os dias, um novo cap\u00edtulo de sua hist\u00f3ria.<\/p>\n\n\n\n<h2 class=\"wp-block-heading\">Encontre seu pr\u00f3ximo im\u00f3vel no bairro mais cool do Brasil com a Zimmermann Im\u00f3veis!<\/h2>\n\n\n\n<p>Se voc\u00ea sonha em fazer parte da efervesc\u00eancia da Barra Funda, ent\u00e3o precisa contar com o apoio de uma imobili\u00e1ria especializada.<\/p>\n\n\n\n<p>Na Zimmermann Im\u00f3veis, somos especialistas em conectar voc\u00ea ao im\u00f3vel ideal. Nossa atua\u00e7\u00e3o de mais de 25 anos em S\u00e3o Paulo nos deu um conhecimento profundo da regi\u00e3o. Conhecemos cada rua, cada empreendimento e as reais tend\u00eancias do mercado local.<\/p>\n\n\n\n<p>Oferecemos uma assessoria completa e humanizada com direito \u00e0:<\/p>\n\n\n\n<ul class=\"wp-block-list\">\n<li><strong>Buscas inteligentes:<\/strong> ajudamos voc\u00ea a encontrar apartamentos que combinam com seu estilo de vida e objetivos, sejam lan\u00e7amentos de alto padr\u00e3o ou op\u00e7\u00f5es consolidadas com valor \u00fanico;<\/li>\n\n\n\n<li><strong>An\u00e1lise de investimento: <\/strong>avaliamos junto com voc\u00ea o potencial do im\u00f3vel, entendendo n\u00e3o apenas o custo, mas o retorno e a valoriza\u00e7\u00e3o futura;<\/li>\n\n\n\n<li><strong>Suporte em todas as etapas:<\/strong> da visita\u00e7\u00e3o \u00e0 negocia\u00e7\u00e3o, e com todo o suporte do nosso departamento jur\u00eddico e de financiamento, garantimos seguran\u00e7a e tranquilidade em um dos momentos mais importantes da sua vida.<\/li>\n<\/ul>\n\n\n\n<p><\/p>\n\n\n\n<p class=\"has-text-align-center\"><strong><a href=\"https:\/\/www.zimoveis.com.br\/\" target=\"_blank\" rel=\"noreferrer noopener\"><span style=\"text-decoration: underline;\">Conhe\u00e7a o portf\u00f3lio exclusivo da Zimmermann Im\u00f3veis e encontre o im\u00f3vel que vai realizar seu sonho de morar no cora\u00e7\u00e3o de S\u00e3o Paulo!<\/span><\/a><\/strong><\/p>\n\n\n\n<h2 class=\"wp-block-heading\">Bairro mais cool do mundo: Perguntas frequentes&nbsp;<\/h2>\n\n\n\n<p>Ainda com d\u00favidas sobre o bairro mais cool do mundo? Ent\u00e3o confira respostas r\u00e1pidas e objetivas para as perguntas mais frequentes:<\/p>\n\n\n\n<h3 class=\"wp-block-heading\">Qual \u00e9 o bairro mais cool do mundo?<\/h3>\n\n\n\n<p>Jimb\u014dch\u014d, em T\u00f3quio.<\/p>\n\n\n\n<h3 class=\"wp-block-heading\">Qual \u00e9 o bairro mais luxuoso do mundo?&nbsp;<\/h3>\n\n\n\n<p>Normalmente, \u00e1reas como Upper East Side (NY) e Knightsbridge (Londres) lideram rankings.<\/p>\n\n\n\n<h3 class=\"wp-block-heading\">Qual \u00e9 o bairro mais cool de S\u00e3o Paulo?&nbsp;<\/h3>\n\n\n\n<p>Segundo a Time Out, \u00e9 a Barra Funda.<\/p>\n\n\n\n<h2 class=\"wp-block-heading\">Conclus\u00e3o&nbsp;<\/h2>\n\n\n\n<p>O t\u00edtulo de &#8220;bairro mais cool&#8221; concedido pela Time Out \u00e9 o reconhecimento de uma mudan\u00e7a estrutural e cultural.&nbsp;<\/p>\n\n\n\n<p>Nos \u00faltimos anos, a Barra Funda se consolidou como um dos endere\u00e7os mais interessantes e promissores de S\u00e3o Paulo, oferecendo uma rara combina\u00e7\u00e3o de conveni\u00eancia, cultura e potencial de crescimento.<\/p>\n\n\n\n<p>Morar nesse bairro \u00e9 abra\u00e7ar a pluralidade da cidade, \u00e9 ter a ousadia de escolher um lugar em constante evolu\u00e7\u00e3o, sem abrir m\u00e3o do charme de sua hist\u00f3ria.&nbsp;<\/p>\n\n\n\n<p>\u00c9 uma escolha por um estilo de vida vibrante e cheio de possibilidades. E com a experi\u00eancia da Zimmermann Im\u00f3veis ao seu lado, essa transi\u00e7\u00e3o ser\u00e1 feita com a confian\u00e7a e a clareza que um passo t\u00e3o importante merece.<\/p>\n\n\n<div class=\"wp-block-image\">\n<figure class=\"aligncenter size-large\"><a href=\"https:\/\/www.zimoveis.com.br\/buscar-imoveis\" target=\"_blank\" rel=\" noreferrer noopener\"><img loading=\"lazy\" decoding=\"async\" width=\"700\" height=\"700\" src=\"https:\/\/www.zimoveis.com.br\/blog\/wp-content\/uploads\/2024\/05\/Prancheta-2A-700x700.jpg\" alt=\"banner\" class=\"wp-image-1890\" srcset=\"https:\/\/www.zimoveis.com.br\/blog\/wp-content\/uploads\/2024\/05\/Prancheta-2A-700x700.jpg 700w, https:\/\/www.zimoveis.com.br\/blog\/wp-content\/uploads\/2024\/05\/Prancheta-2A-250x250.jpg 250w, https:\/\/www.zimoveis.com.br\/blog\/wp-content\/uploads\/2024\/05\/Prancheta-2A-150x150.jpg 150w, https:\/\/www.zimoveis.com.br\/blog\/wp-content\/uploads\/2024\/05\/Prancheta-2A-768x768.jpg 768w, https:\/\/www.zimoveis.com.br\/blog\/wp-content\/uploads\/2024\/05\/Prancheta-2A-120x120.jpg 120w, https:\/\/www.zimoveis.com.br\/blog\/wp-content\/uploads\/2024\/05\/Prancheta-2A.jpg 1024w\" sizes=\"auto, (max-width: 700px) 100vw, 700px\" \/><\/a><\/figure><\/div>","protected":false},"excerpt":{"rendered":"<p>Descubra por que a revista Time Out listou a Barra Funda como um dos bairros mais cool do mundo e como \u00e9 viver na regi\u00e3o.<\/p>\n","protected":false},"author":6,"featured_media":3388,"comment_status":"open","ping_status":"open","sticky":false,"template":"","format":"standard","meta":{"footnotes":""},"categories":[3],"tags":[],"class_list":["post-3386","post","type-post","status-publish","format-standard","has-post-thumbnail","hentry","category-bairros"],"yoast_head":"<!-- This site is optimized with the Yoast SEO plugin v22.9 - https:\/\/yoast.com\/wordpress\/plugins\/seo\/ -->\n<title>Barra Funda: Como \u00e9 viver no 3\u00ba bairro mais cool do mundo<\/title>\n<meta name=\"description\" content=\"Descubra por que a revista Time Out listou a Barra Funda como um dos bairros mais cool do mundo e como \u00e9 viver na regi\u00e3o.\" \/>\n<meta name=\"robots\" content=\"index, follow, max-snippet:-1, max-image-preview:large, max-video-preview:-1\" \/>\n<link rel=\"canonical\" href=\"https:\/\/www.zimoveis.com.br\/blog\/bairros\/bairro-mais-cool-do-mundo\/\" \/>\n<meta property=\"og:locale\" content=\"pt_BR\" \/>\n<meta property=\"og:type\" content=\"article\" \/>\n<meta property=\"og:title\" content=\"Barra Funda: Como \u00e9 viver no 3\u00ba bairro mais cool do mundo\" \/>\n<meta property=\"og:description\" content=\"Descubra por que a revista Time Out listou a Barra Funda como um dos bairros mais cool do mundo e como \u00e9 viver na regi\u00e3o.\" \/>\n<meta property=\"og:url\" content=\"https:\/\/www.zimoveis.com.br\/blog\/bairros\/bairro-mais-cool-do-mundo\/\" \/>\n<meta property=\"og:site_name\" content=\"Blog Zimmermann Im\u00f3veis\" \/>\n<meta property=\"article:publisher\" content=\"https:\/\/www.facebook.com\/zimoveis.com.br\/\" \/>\n<meta property=\"article:published_time\" content=\"2025-11-18T21:22:24+00:00\" \/>\n<meta property=\"article:modified_time\" content=\"2025-12-09T19:45:52+00:00\" \/>\n<meta property=\"og:image\" content=\"https:\/\/www.zimoveis.com.br\/blog\/wp-content\/uploads\/2025\/11\/bairro-mais-cool-do-mundo.jpg\" \/>\n\t<meta property=\"og:image:width\" content=\"1024\" \/>\n\t<meta property=\"og:image:height\" content=\"576\" \/>\n\t<meta property=\"og:image:type\" content=\"image\/jpeg\" \/>\n<meta name=\"author\" content=\"Renato Zimmermann\" \/>\n<meta name=\"twitter:card\" content=\"summary_large_image\" \/>\n<meta name=\"twitter:label1\" content=\"Escrito por\" \/>\n\t<meta name=\"twitter:data1\" content=\"Renato Zimmermann\" \/>\n\t<meta name=\"twitter:label2\" content=\"Est. tempo de leitura\" \/>\n\t<meta name=\"twitter:data2\" content=\"8 minutos\" \/>\n<script type=\"application\/ld+json\" class=\"yoast-schema-graph\">{\"@context\":\"https:\/\/schema.org\",\"@graph\":[{\"@type\":\"Article\",\"@id\":\"https:\/\/www.zimoveis.com.br\/blog\/bairros\/bairro-mais-cool-do-mundo\/#article\",\"isPartOf\":{\"@id\":\"https:\/\/www.zimoveis.com.br\/blog\/bairros\/bairro-mais-cool-do-mundo\/\"},\"author\":{\"name\":\"Renato Zimmermann\",\"@id\":\"https:\/\/www.zimoveis.com.br\/blog\/#\/schema\/person\/2a603a2bfa39667369b9df4ce30ff018\"},\"headline\":\"Bairro mais cool do mundo: Como \u00e9 viver na Barra Funda?\",\"datePublished\":\"2025-11-18T21:22:24+00:00\",\"dateModified\":\"2025-12-09T19:45:52+00:00\",\"mainEntityOfPage\":{\"@id\":\"https:\/\/www.zimoveis.com.br\/blog\/bairros\/bairro-mais-cool-do-mundo\/\"},\"wordCount\":1320,\"commentCount\":0,\"publisher\":{\"@id\":\"https:\/\/www.zimoveis.com.br\/blog\/#organization\"},\"image\":{\"@id\":\"https:\/\/www.zimoveis.com.br\/blog\/bairros\/bairro-mais-cool-do-mundo\/#primaryimage\"},\"thumbnailUrl\":\"https:\/\/www.zimoveis.com.br\/blog\/wp-content\/uploads\/2025\/11\/bairro-mais-cool-do-mundo.jpg\",\"articleSection\":[\"Bairros\"],\"inLanguage\":\"pt-BR\",\"potentialAction\":[{\"@type\":\"CommentAction\",\"name\":\"Comment\",\"target\":[\"https:\/\/www.zimoveis.com.br\/blog\/bairros\/bairro-mais-cool-do-mundo\/#respond\"]}]},{\"@type\":\"WebPage\",\"@id\":\"https:\/\/www.zimoveis.com.br\/blog\/bairros\/bairro-mais-cool-do-mundo\/\",\"url\":\"https:\/\/www.zimoveis.com.br\/blog\/bairros\/bairro-mais-cool-do-mundo\/\",\"name\":\"Barra Funda: Como \u00e9 viver no 3\u00ba bairro mais cool do mundo\",\"isPartOf\":{\"@id\":\"https:\/\/www.zimoveis.com.br\/blog\/#website\"},\"primaryImageOfPage\":{\"@id\":\"https:\/\/www.zimoveis.com.br\/blog\/bairros\/bairro-mais-cool-do-mundo\/#primaryimage\"},\"image\":{\"@id\":\"https:\/\/www.zimoveis.com.br\/blog\/bairros\/bairro-mais-cool-do-mundo\/#primaryimage\"},\"thumbnailUrl\":\"https:\/\/www.zimoveis.com.br\/blog\/wp-content\/uploads\/2025\/11\/bairro-mais-cool-do-mundo.jpg\",\"datePublished\":\"2025-11-18T21:22:24+00:00\",\"dateModified\":\"2025-12-09T19:45:52+00:00\",\"description\":\"Descubra por que a revista Time Out listou a Barra Funda como um dos bairros mais cool do mundo e como \u00e9 viver na regi\u00e3o.\",\"breadcrumb\":{\"@id\":\"https:\/\/www.zimoveis.com.br\/blog\/bairros\/bairro-mais-cool-do-mundo\/#breadcrumb\"},\"inLanguage\":\"pt-BR\",\"potentialAction\":[{\"@type\":\"ReadAction\",\"target\":[\"https:\/\/www.zimoveis.com.br\/blog\/bairros\/bairro-mais-cool-do-mundo\/\"]}]},{\"@type\":\"ImageObject\",\"inLanguage\":\"pt-BR\",\"@id\":\"https:\/\/www.zimoveis.com.br\/blog\/bairros\/bairro-mais-cool-do-mundo\/#primaryimage\",\"url\":\"https:\/\/www.zimoveis.com.br\/blog\/wp-content\/uploads\/2025\/11\/bairro-mais-cool-do-mundo.jpg\",\"contentUrl\":\"https:\/\/www.zimoveis.com.br\/blog\/wp-content\/uploads\/2025\/11\/bairro-mais-cool-do-mundo.jpg\",\"width\":1024,\"height\":576,\"caption\":\"pr\u00e9dios no Barra Funda, um dos bairros mais cool do mundo\"},{\"@type\":\"BreadcrumbList\",\"@id\":\"https:\/\/www.zimoveis.com.br\/blog\/bairros\/bairro-mais-cool-do-mundo\/#breadcrumb\",\"itemListElement\":[{\"@type\":\"ListItem\",\"position\":1,\"name\":\"Home\",\"item\":\"https:\/\/www.zimoveis.com.br\/blog\/\"},{\"@type\":\"ListItem\",\"position\":2,\"name\":\"Bairro mais cool do mundo: Como \u00e9 viver na Barra Funda?\"}]},{\"@type\":\"WebSite\",\"@id\":\"https:\/\/www.zimoveis.com.br\/blog\/#website\",\"url\":\"https:\/\/www.zimoveis.com.br\/blog\/\",\"name\":\"Blog Zimmermann Im\u00f3veis\",\"description\":\"Artigos e Not\u00edcias sobre o Mercado Imobili\u00e1rio\",\"publisher\":{\"@id\":\"https:\/\/www.zimoveis.com.br\/blog\/#organization\"},\"potentialAction\":[{\"@type\":\"SearchAction\",\"target\":{\"@type\":\"EntryPoint\",\"urlTemplate\":\"https:\/\/www.zimoveis.com.br\/blog\/?s={search_term_string}\"},\"query-input\":\"required name=search_term_string\"}],\"inLanguage\":\"pt-BR\"},{\"@type\":\"Organization\",\"@id\":\"https:\/\/www.zimoveis.com.br\/blog\/#organization\",\"name\":\"Zimmermann Im\u00f3veis\",\"url\":\"https:\/\/www.zimoveis.com.br\/blog\/\",\"logo\":{\"@type\":\"ImageObject\",\"inLanguage\":\"pt-BR\",\"@id\":\"https:\/\/www.zimoveis.com.br\/blog\/#\/schema\/logo\/image\/\",\"url\":\"https:\/\/www.zimoveis.com.br\/blog\/wp-content\/uploads\/2022\/07\/Logo-Zimoveis-PSD-1.png\",\"contentUrl\":\"https:\/\/www.zimoveis.com.br\/blog\/wp-content\/uploads\/2022\/07\/Logo-Zimoveis-PSD-1.png\",\"width\":2977,\"height\":1727,\"caption\":\"Zimmermann Im\u00f3veis\"},\"image\":{\"@id\":\"https:\/\/www.zimoveis.com.br\/blog\/#\/schema\/logo\/image\/\"},\"sameAs\":[\"https:\/\/www.facebook.com\/zimoveis.com.br\/\",\"https:\/\/www.linkedin.com\/company\/zimmermann-imveis\/about\/\",\"https:\/\/www.instagram.com\/zimoveis\/\",\"https:\/\/www.youtube.com\/channel\/UCheuj0pESCyVf214X1QJ1dw\"]},{\"@type\":\"Person\",\"@id\":\"https:\/\/www.zimoveis.com.br\/blog\/#\/schema\/person\/2a603a2bfa39667369b9df4ce30ff018\",\"name\":\"Renato Zimmermann\",\"image\":{\"@type\":\"ImageObject\",\"inLanguage\":\"pt-BR\",\"@id\":\"https:\/\/www.zimoveis.com.br\/blog\/#\/schema\/person\/image\/\",\"url\":\"https:\/\/secure.gravatar.com\/avatar\/edad15e60f6cea78814a8ee71c2a700e?s=96&d=mm&r=g\",\"contentUrl\":\"https:\/\/secure.gravatar.com\/avatar\/edad15e60f6cea78814a8ee71c2a700e?s=96&d=mm&r=g\",\"caption\":\"Renato Zimmermann\"},\"description\":\"Renato Zimmermann possui uma carreira de mais de 30 anos no setor imobili\u00e1rio. Sua jornada como corretor de im\u00f3veis come\u00e7ou em 1980 (CRECI 35494F) e desde ent\u00e3o foi conquistando espa\u00e7o e confian\u00e7a do setor. Hoje, \u00e9 uma figura de destaque no mercado imobili\u00e1rio de S\u00e3o Paulo. Reconhecido como um grande conhecedor do mercado, Renato tem como um dos principais prazeres de vida o compartilhamento da sua vis\u00e3o sobre as tend\u00eancias e oportunidades do setor. Sua s\u00f3lida experi\u00eancia no mercado imobili\u00e1rio permite-o a ter as bases necess\u00e1rias para inovar com responsabilidade e vis\u00e3o estrat\u00e9gica. Fundador e CEO da Zimmermann Im\u00f3veis, \u00e9 seu profundo conhecimento e eterno aprendizado que o capacita a acompanhar e gerenciar diretamente todas as estrat\u00e9gias de neg\u00f3cios da imobili\u00e1ria que \u00e9 uma das refer\u00eancias em vendas em S\u00e3o Paulo. Al\u00e9m disso, outro ponto em que \u00e9 reconhecido \u00e9 de sua \u00e9tica, considerada inabal\u00e1vel. N\u00e3o \u00e9 raro ouvir sobre a firmeza da sua conduta. N\u00e3o por acaso, ao longo de todos esses anos, mesmo como investidor, nunca tenha ocorrido conflito de interesses com corretores parceiros do mercado. Essa integridade, juntamente com conhecimento e vis\u00e3o estrat\u00e9gica, preserva e mant\u00e9m seu nome como uma das grandes refer\u00eancias do mercado imobili\u00e1rio paulistano. Sua vasta experi\u00eancia abrange n\u00e3o apenas a avalia\u00e7\u00e3o e negocia\u00e7\u00f5es, mas tamb\u00e9m aspectos jur\u00eddicos do direito imobili\u00e1rio. Com um enfoque nas regi\u00f5es da zona Oeste e sul da cidade de S\u00e3o Paulo, Renato Zimmermann \u00e9 reconhecido tanto por sua compet\u00eancia em vendas, quanto por seu comprometimento com a satisfa\u00e7\u00e3o e sucesso de seus clientes e parceiros.\",\"url\":\"https:\/\/www.zimoveis.com.br\/blog\/author\/renato-zimmermann\/\"}]}<\/script>\n<!-- \/ Yoast SEO plugin. -->","yoast_head_json":{"title":"Barra Funda: Como \u00e9 viver no 3\u00ba bairro mais cool do mundo","description":"Descubra por que a revista Time Out listou a Barra Funda como um dos bairros mais cool do mundo e como \u00e9 viver na regi\u00e3o.","robots":{"index":"index","follow":"follow","max-snippet":"max-snippet:-1","max-image-preview":"max-image-preview:large","max-video-preview":"max-video-preview:-1"},"canonical":"https:\/\/www.zimoveis.com.br\/blog\/bairros\/bairro-mais-cool-do-mundo\/","og_locale":"pt_BR","og_type":"article","og_title":"Barra Funda: Como \u00e9 viver no 3\u00ba bairro mais cool do mundo","og_description":"Descubra por que a revista Time Out listou a Barra Funda como um dos bairros mais cool do mundo e como \u00e9 viver na regi\u00e3o.","og_url":"https:\/\/www.zimoveis.com.br\/blog\/bairros\/bairro-mais-cool-do-mundo\/","og_site_name":"Blog Zimmermann Im\u00f3veis","article_publisher":"https:\/\/www.facebook.com\/zimoveis.com.br\/","article_published_time":"2025-11-18T21:22:24+00:00","article_modified_time":"2025-12-09T19:45:52+00:00","og_image":[{"width":1024,"height":576,"url":"https:\/\/www.zimoveis.com.br\/blog\/wp-content\/uploads\/2025\/11\/bairro-mais-cool-do-mundo.jpg","type":"image\/jpeg"}],"author":"Renato Zimmermann","twitter_card":"summary_large_image","twitter_misc":{"Escrito por":"Renato Zimmermann","Est. tempo de leitura":"8 minutos"},"schema":{"@context":"https:\/\/schema.org","@graph":[{"@type":"Article","@id":"https:\/\/www.zimoveis.com.br\/blog\/bairros\/bairro-mais-cool-do-mundo\/#article","isPartOf":{"@id":"https:\/\/www.zimoveis.com.br\/blog\/bairros\/bairro-mais-cool-do-mundo\/"},"author":{"name":"Renato Zimmermann","@id":"https:\/\/www.zimoveis.com.br\/blog\/#\/schema\/person\/2a603a2bfa39667369b9df4ce30ff018"},"headline":"Bairro mais cool do mundo: Como \u00e9 viver na Barra Funda?","datePublished":"2025-11-18T21:22:24+00:00","dateModified":"2025-12-09T19:45:52+00:00","mainEntityOfPage":{"@id":"https:\/\/www.zimoveis.com.br\/blog\/bairros\/bairro-mais-cool-do-mundo\/"},"wordCount":1320,"commentCount":0,"publisher":{"@id":"https:\/\/www.zimoveis.com.br\/blog\/#organization"},"image":{"@id":"https:\/\/www.zimoveis.com.br\/blog\/bairros\/bairro-mais-cool-do-mundo\/#primaryimage"},"thumbnailUrl":"https:\/\/www.zimoveis.com.br\/blog\/wp-content\/uploads\/2025\/11\/bairro-mais-cool-do-mundo.jpg","articleSection":["Bairros"],"inLanguage":"pt-BR","potentialAction":[{"@type":"CommentAction","name":"Comment","target":["https:\/\/www.zimoveis.com.br\/blog\/bairros\/bairro-mais-cool-do-mundo\/#respond"]}]},{"@type":"WebPage","@id":"https:\/\/www.zimoveis.com.br\/blog\/bairros\/bairro-mais-cool-do-mundo\/","url":"https:\/\/www.zimoveis.com.br\/blog\/bairros\/bairro-mais-cool-do-mundo\/","name":"Barra Funda: Como \u00e9 viver no 3\u00ba bairro mais cool do mundo","isPartOf":{"@id":"https:\/\/www.zimoveis.com.br\/blog\/#website"},"primaryImageOfPage":{"@id":"https:\/\/www.zimoveis.com.br\/blog\/bairros\/bairro-mais-cool-do-mundo\/#primaryimage"},"image":{"@id":"https:\/\/www.zimoveis.com.br\/blog\/bairros\/bairro-mais-cool-do-mundo\/#primaryimage"},"thumbnailUrl":"https:\/\/www.zimoveis.com.br\/blog\/wp-content\/uploads\/2025\/11\/bairro-mais-cool-do-mundo.jpg","datePublished":"2025-11-18T21:22:24+00:00","dateModified":"2025-12-09T19:45:52+00:00","description":"Descubra por que a revista Time Out listou a Barra Funda como um dos bairros mais cool do mundo e como \u00e9 viver na regi\u00e3o.","breadcrumb":{"@id":"https:\/\/www.zimoveis.com.br\/blog\/bairros\/bairro-mais-cool-do-mundo\/#breadcrumb"},"inLanguage":"pt-BR","potentialAction":[{"@type":"ReadAction","target":["https:\/\/www.zimoveis.com.br\/blog\/bairros\/bairro-mais-cool-do-mundo\/"]}]},{"@type":"ImageObject","inLanguage":"pt-BR","@id":"https:\/\/www.zimoveis.com.br\/blog\/bairros\/bairro-mais-cool-do-mundo\/#primaryimage","url":"https:\/\/www.zimoveis.com.br\/blog\/wp-content\/uploads\/2025\/11\/bairro-mais-cool-do-mundo.jpg","contentUrl":"https:\/\/www.zimoveis.com.br\/blog\/wp-content\/uploads\/2025\/11\/bairro-mais-cool-do-mundo.jpg","width":1024,"height":576,"caption":"pr\u00e9dios no Barra Funda, um dos bairros mais cool do mundo"},{"@type":"BreadcrumbList","@id":"https:\/\/www.zimoveis.com.br\/blog\/bairros\/bairro-mais-cool-do-mundo\/#breadcrumb","itemListElement":[{"@type":"ListItem","position":1,"name":"Home","item":"https:\/\/www.zimoveis.com.br\/blog\/"},{"@type":"ListItem","position":2,"name":"Bairro mais cool do mundo: Como \u00e9 viver na Barra Funda?"}]},{"@type":"WebSite","@id":"https:\/\/www.zimoveis.com.br\/blog\/#website","url":"https:\/\/www.zimoveis.com.br\/blog\/","name":"Blog Zimmermann Im\u00f3veis","description":"Artigos e Not\u00edcias sobre o Mercado Imobili\u00e1rio","publisher":{"@id":"https:\/\/www.zimoveis.com.br\/blog\/#organization"},"potentialAction":[{"@type":"SearchAction","target":{"@type":"EntryPoint","urlTemplate":"https:\/\/www.zimoveis.com.br\/blog\/?s={search_term_string}"},"query-input":"required name=search_term_string"}],"inLanguage":"pt-BR"},{"@type":"Organization","@id":"https:\/\/www.zimoveis.com.br\/blog\/#organization","name":"Zimmermann Im\u00f3veis","url":"https:\/\/www.zimoveis.com.br\/blog\/","logo":{"@type":"ImageObject","inLanguage":"pt-BR","@id":"https:\/\/www.zimoveis.com.br\/blog\/#\/schema\/logo\/image\/","url":"https:\/\/www.zimoveis.com.br\/blog\/wp-content\/uploads\/2022\/07\/Logo-Zimoveis-PSD-1.png","contentUrl":"https:\/\/www.zimoveis.com.br\/blog\/wp-content\/uploads\/2022\/07\/Logo-Zimoveis-PSD-1.png","width":2977,"height":1727,"caption":"Zimmermann Im\u00f3veis"},"image":{"@id":"https:\/\/www.zimoveis.com.br\/blog\/#\/schema\/logo\/image\/"},"sameAs":["https:\/\/www.facebook.com\/zimoveis.com.br\/","https:\/\/www.linkedin.com\/company\/zimmermann-imveis\/about\/","https:\/\/www.instagram.com\/zimoveis\/","https:\/\/www.youtube.com\/channel\/UCheuj0pESCyVf214X1QJ1dw"]},{"@type":"Person","@id":"https:\/\/www.zimoveis.com.br\/blog\/#\/schema\/person\/2a603a2bfa39667369b9df4ce30ff018","name":"Renato Zimmermann","image":{"@type":"ImageObject","inLanguage":"pt-BR","@id":"https:\/\/www.zimoveis.com.br\/blog\/#\/schema\/person\/image\/","url":"https:\/\/secure.gravatar.com\/avatar\/edad15e60f6cea78814a8ee71c2a700e?s=96&d=mm&r=g","contentUrl":"https:\/\/secure.gravatar.com\/avatar\/edad15e60f6cea78814a8ee71c2a700e?s=96&d=mm&r=g","caption":"Renato Zimmermann"},"description":"Renato Zimmermann possui uma carreira de mais de 30 anos no setor imobili\u00e1rio. Sua jornada como corretor de im\u00f3veis come\u00e7ou em 1980 (CRECI 35494F) e desde ent\u00e3o foi conquistando espa\u00e7o e confian\u00e7a do setor. Hoje, \u00e9 uma figura de destaque no mercado imobili\u00e1rio de S\u00e3o Paulo. Reconhecido como um grande conhecedor do mercado, Renato tem como um dos principais prazeres de vida o compartilhamento da sua vis\u00e3o sobre as tend\u00eancias e oportunidades do setor. Sua s\u00f3lida experi\u00eancia no mercado imobili\u00e1rio permite-o a ter as bases necess\u00e1rias para inovar com responsabilidade e vis\u00e3o estrat\u00e9gica. Fundador e CEO da Zimmermann Im\u00f3veis, \u00e9 seu profundo conhecimento e eterno aprendizado que o capacita a acompanhar e gerenciar diretamente todas as estrat\u00e9gias de neg\u00f3cios da imobili\u00e1ria que \u00e9 uma das refer\u00eancias em vendas em S\u00e3o Paulo. Al\u00e9m disso, outro ponto em que \u00e9 reconhecido \u00e9 de sua \u00e9tica, considerada inabal\u00e1vel. N\u00e3o \u00e9 raro ouvir sobre a firmeza da sua conduta. N\u00e3o por acaso, ao longo de todos esses anos, mesmo como investidor, nunca tenha ocorrido conflito de interesses com corretores parceiros do mercado. Essa integridade, juntamente com conhecimento e vis\u00e3o estrat\u00e9gica, preserva e mant\u00e9m seu nome como uma das grandes refer\u00eancias do mercado imobili\u00e1rio paulistano. Sua vasta experi\u00eancia abrange n\u00e3o apenas a avalia\u00e7\u00e3o e negocia\u00e7\u00f5es, mas tamb\u00e9m aspectos jur\u00eddicos do direito imobili\u00e1rio. Com um enfoque nas regi\u00f5es da zona Oeste e sul da cidade de S\u00e3o Paulo, Renato Zimmermann \u00e9 reconhecido tanto por sua compet\u00eancia em vendas, quanto por seu comprometimento com a satisfa\u00e7\u00e3o e sucesso de seus clientes e parceiros.","url":"https:\/\/www.zimoveis.com.br\/blog\/author\/renato-zimmermann\/"}]}},"_links":{"self":[{"href":"https:\/\/www.zimoveis.com.br\/blog\/wp-json\/wp\/v2\/posts\/3386","targetHints":{"allow":["GET"]}}],"collection":[{"href":"https:\/\/www.zimoveis.com.br\/blog\/wp-json\/wp\/v2\/posts"}],"about":[{"href":"https:\/\/www.zimoveis.com.br\/blog\/wp-json\/wp\/v2\/types\/post"}],"author":[{"embeddable":true,"href":"https:\/\/www.zimoveis.com.br\/blog\/wp-json\/wp\/v2\/users\/6"}],"replies":[{"embeddable":true,"href":"https:\/\/www.zimoveis.com.br\/blog\/wp-json\/wp\/v2\/comments?post=3386"}],"version-history":[{"count":4,"href":"https:\/\/www.zimoveis.com.br\/blog\/wp-json\/wp\/v2\/posts\/3386\/revisions"}],"predecessor-version":[{"id":3552,"href":"https:\/\/www.zimoveis.com.br\/blog\/wp-json\/wp\/v2\/posts\/3386\/revisions\/3552"}],"wp:featuredmedia":[{"embeddable":true,"href":"https:\/\/www.zimoveis.com.br\/blog\/wp-json\/wp\/v2\/media\/3388"}],"wp:attachment":[{"href":"https:\/\/www.zimoveis.com.br\/blog\/wp-json\/wp\/v2\/media?parent=3386"}],"wp:term":[{"taxonomy":"category","embeddable":true,"href":"https:\/\/www.zimoveis.com.br\/blog\/wp-json\/wp\/v2\/categories?post=3386"},{"taxonomy":"post_tag","embeddable":true,"href":"https:\/\/www.zimoveis.com.br\/blog\/wp-json\/wp\/v2\/tags?post=3386"}],"curies":[{"name":"wp","href":"https:\/\/api.w.org\/{rel}","templated":true}]}}