{"id":3556,"date":"2025-12-09T19:47:34","date_gmt":"2025-12-09T22:47:34","guid":{"rendered":"https:\/\/www.zimoveis.com.br\/blog\/?p=3556"},"modified":"2025-12-09T19:47:35","modified_gmt":"2025-12-09T22:47:35","slug":"bairros-mais-quentes-sp","status":"publish","type":"post","link":"https:\/\/www.zimoveis.com.br\/blog\/bairros\/bairros-mais-quentes-sp\/","title":{"rendered":"Quais s\u00e3o os bairros mais quentes de S\u00e3o Paulo (e por qu\u00ea)?"},"content":{"rendered":"\n<p>S\u00e3o Paulo \u00e9 uma cidade de contrastes, o que vale tamb\u00e9m para o clima.&nbsp;<\/p>\n\n\n\n<p>Enquanto alguns bairros registram temperaturas mais amenas gra\u00e7as \u00e0 presen\u00e7a de \u00e1reas verdes e ocupa\u00e7\u00e3o menos densa, outros enfrentam calor mais intenso, especialmente durante ondas de calor e per\u00edodos de baixa umidade.&nbsp;<\/p>\n\n\n\n<p>Esse fen\u00f4meno est\u00e1 diretamente ligado ao modo como cada regi\u00e3o foi urbanizada, \u00e0 quantidade de superf\u00edcies imperme\u00e1veis e ao quanto o verde conseguiu (ou n\u00e3o) acompanhar o avan\u00e7o das constru\u00e7\u00f5es.<\/p>\n\n\n\n<p>Com base em estudos recentes, \u00e9 poss\u00edvel identificar quais bairros da capital acumulam mais calor e entender por que isso acontece.&nbsp;<\/p>\n\n\n\n<p>Conhecer essas diferen\u00e7as ajuda quem vive, trabalha ou est\u00e1 em busca de um im\u00f3vel na cidade a tomar decis\u00f5es mais conscientes, equilibrando localiza\u00e7\u00e3o, conforto t\u00e9rmico e qualidade de vida.&nbsp;<\/p>\n\n\n\n<h2 class=\"wp-block-heading\">Quais s\u00e3o os bairros mais quentes de S\u00e3o Paulo?<\/h2>\n\n\n\n<p>Com base em an\u00e1lises clim\u00e1ticas da Regi\u00e3o Metropolitana, alguns bairros aparecem com maior intensidade de ilha de calor urbana.&nbsp;<\/p>\n\n\n\n<p>Abaixo, reunimos cinco nomes que costumam se destacar nesse grupo mais quente.<\/p>\n\n\n\n<h3 class=\"wp-block-heading\">1. Tucuruvi<\/h3>\n\n\n\n<p>O Tucuruvi aparece entre os bairros com maior intensidade de ilha de calor devido ao seu perfil urbano consolidado.&nbsp;<\/p>\n\n\n\n<p>Ao longo das \u00faltimas d\u00e9cadas, a regi\u00e3o passou por forte adensamento residencial, com verticaliza\u00e7\u00e3o cont\u00ednua e crescente impermeabiliza\u00e7\u00e3o do solo.&nbsp;<\/p>\n\n\n\n<p>Essa combina\u00e7\u00e3o reduz a circula\u00e7\u00e3o de vento e aumenta a capacidade das superf\u00edcies de reter calor, especialmente em vias amplas, pavimentadas e com poucas \u00e1reas verdes no entorno.&nbsp;<\/p>\n\n\n\n<p>Al\u00e9m disso, a alta concentra\u00e7\u00e3o de com\u00e9rcio e servi\u00e7os nas principais avenidas contribui para ampliar o aquecimento local, criando microclimas mais secos e quentes em compara\u00e7\u00e3o a \u00e1reas periurbanas da cidade.<\/p>\n\n\n\n<h3 class=\"wp-block-heading\">2. Mooca<\/h3>\n\n\n\n<p>A Mooca \u00e9 um dos bairros emblem\u00e1ticos da urbaniza\u00e7\u00e3o paulistana: antiga, densa, vibrante e marcada pela presen\u00e7a hist\u00f3rica de galp\u00f5es, ind\u00fastrias e grandes quadras pavimentadas.<\/p>\n\n\n\n<p>Embora tenha passado por moderniza\u00e7\u00e3o e revitaliza\u00e7\u00f5es, o bairro ainda carrega caracter\u00edsticas f\u00edsicas que favorecem o aumento de temperatura, como vastas superf\u00edcies de concreto e baixa propor\u00e7\u00e3o de vegeta\u00e7\u00e3o nativa.&nbsp;<\/p>\n\n\n\n<h3 class=\"wp-block-heading\">3. Freguesia do \u00d3<\/h3>\n\n\n\n<p>A Freguesia do \u00d3 integra o cluster de maior intensidade de calor urbano por apresentar caracter\u00edsticas t\u00edpicas de zonas altamente urbanizadas: densidade habitacional crescente, malha vi\u00e1ria extensa, circula\u00e7\u00e3o intensa de ve\u00edculos e uma arboriza\u00e7\u00e3o ainda insuficiente para compensar o aquecimento provocado pela constru\u00e7\u00e3o civil.&nbsp;<\/p>\n\n\n\n<p>Mesmo sendo um bairro tradicional, com ruas residenciais e vida comunit\u00e1ria marcada, o avan\u00e7o da verticaliza\u00e7\u00e3o e a redu\u00e7\u00e3o de \u00e1reas perme\u00e1veis fazem com que o microclima local reaja rapidamente \u00e0s ondas de calor e per\u00edodos de baixa umidade, especialmente na primavera e no inverno, como observado pelos pesquisadores.<\/p>\n\n\n\n<h3 class=\"wp-block-heading\">4. Jabaquara<\/h3>\n\n\n\n<p>O Jabaquara se destaca no estudo como parte do agrupamento mais quente da metr\u00f3pole em fun\u00e7\u00e3o do seu padr\u00e3o de ocupa\u00e7\u00e3o cont\u00ednua e intensiva.&nbsp;<\/p>\n\n\n\n<p>Localizado em uma regi\u00e3o estrat\u00e9gica para mobilidade (pr\u00f3ximo ao Aeroporto de Congonhas e a corredores importantes) o bairro acumula tr\u00e1fego elevado, constru\u00e7\u00f5es adensadas e \u00e1reas pavimentadas que limitam a evapotranspira\u00e7\u00e3o e favorecem o ac\u00famulo de calor.&nbsp;<\/p>\n\n\n\n<p>A presen\u00e7a relativamente pequena de grandes manchas verdes faz com que o bairro responda de maneira mais sens\u00edvel \u00e0s oscila\u00e7\u00f5es clim\u00e1ticas, tornando-se um exemplo claro de como o uso do solo influencia o conforto t\u00e9rmico urbano.<\/p>\n\n\n\n<h3 class=\"wp-block-heading\">5. Vila Mariana&nbsp;<\/h3>\n\n\n\n<figure class=\"wp-block-image size-large\"><img loading=\"lazy\" decoding=\"async\" width=\"700\" height=\"452\" src=\"https:\/\/www.zimoveis.com.br\/blog\/wp-content\/uploads\/2025\/12\/bairros-mais-quentes-de-sao-paulo-vila-mariana-700x452.jpg\" alt=\"Vista de \u00e1rea residencial em um dos bairros mais quentes de S\u00e3o Paulo. \" class=\"wp-image-3558\" srcset=\"https:\/\/www.zimoveis.com.br\/blog\/wp-content\/uploads\/2025\/12\/bairros-mais-quentes-de-sao-paulo-vila-mariana-700x452.jpg 700w, https:\/\/www.zimoveis.com.br\/blog\/wp-content\/uploads\/2025\/12\/bairros-mais-quentes-de-sao-paulo-vila-mariana-250x161.jpg 250w, https:\/\/www.zimoveis.com.br\/blog\/wp-content\/uploads\/2025\/12\/bairros-mais-quentes-de-sao-paulo-vila-mariana-768x496.jpg 768w, https:\/\/www.zimoveis.com.br\/blog\/wp-content\/uploads\/2025\/12\/bairros-mais-quentes-de-sao-paulo-vila-mariana-120x77.jpg 120w, https:\/\/www.zimoveis.com.br\/blog\/wp-content\/uploads\/2025\/12\/bairros-mais-quentes-de-sao-paulo-vila-mariana-150x97.jpg 150w, https:\/\/www.zimoveis.com.br\/blog\/wp-content\/uploads\/2025\/12\/bairros-mais-quentes-de-sao-paulo-vila-mariana.jpg 1024w\" sizes=\"auto, (max-width: 700px) 100vw, 700px\" \/><\/figure>\n\n\n\n<p><\/p>\n\n\n\n<p>A Vila Mariana, embora arborizada em algumas partes, foi identificada no estudo como integrante do cluster mais quente por conta do seu perfil intensamente urbano e multifuncional.&nbsp;<\/p>\n\n\n\n<p>Trata-se de um bairro que re\u00fane universidades, hospitais, polos gastron\u00f4micos, \u00e1reas residenciais verticalizadas e um fluxo cont\u00ednuo de pessoas e ve\u00edculos.&nbsp;<\/p>\n\n\n\n<p>Esse amplitude de usos cria um ambiente que funciona como um \u201cacumulador de calor\u201d, onde o concreto se sobrep\u00f5e ao verde, reduzindo a umidade e aumentando a temperatura m\u00e9dia local.&nbsp;<\/p>\n\n\n\n<p>A sua posi\u00e7\u00e3o central e conectividade vi\u00e1ria tamb\u00e9m contribuem para refor\u00e7ar o efeito de ilha de calor.<\/p>\n\n\n\n<h2 class=\"wp-block-heading\">Por que esses bairros s\u00e3o mais quentes?&nbsp;<\/h2>\n\n\n\n<p>De acordo com o <a href=\"https:\/\/jornal.usp.br\/ciencias\/sao-paulo-tem-grande-ilha-de-calor-agravada-pelo-declinio-de-areas-verdes\/\" target=\"_blank\" rel=\"noreferrer noopener\"><strong><span style=\"text-decoration: underline;\">estudo publicado pelo Jornal da USP<\/span><\/strong><\/a>, os bairros mais quentes da capital t\u00eam caracter\u00edsticas em comum: alta urbaniza\u00e7\u00e3o, densidade construtiva elevada, poucas \u00e1reas perme\u00e1veis e menor presen\u00e7a de vegeta\u00e7\u00e3o.\u00a0<\/p>\n\n\n\n<p>Esses elementos formam um ambiente f\u00edsico que ret\u00e9m calor durante o dia, liberando-o gradualmente \u00e0 noite, exatamente o mecanismo que intensifica a Ilha de Calor Urbano (ICU).<\/p>\n\n\n\n<p>Os pesquisadores analisaram dados meteorol\u00f3gicos de 30 esta\u00e7\u00f5es do CGE entre 2009 e 2019 e usaram o algoritmo K-means para agrupar regi\u00f5es com comportamentos clim\u00e1ticos semelhantes.&nbsp;<\/p>\n\n\n\n<p>O resultado mostrou que bairros muito constru\u00eddos, como Tucuruvi, Mooca, Freguesia do \u00d3, Jabaquara e Vila Mariana, apresentam temperaturas m\u00e9dias mais altas e menor umidade quando comparados a regi\u00f5es periurbanas, como Capela do Socorro ou Riacho Grande.<\/p>\n\n\n\n<p>Segundo o estudo, a diferen\u00e7a entre esses agrupamentos pode chegar a 4\u00b0C, um impacto significativo no cotidiano, especialmente durante ondas de calor, quando a baixa arboriza\u00e7\u00e3o reduz a capacidade natural de resfriamento por evapotranspira\u00e7\u00e3o.<\/p>\n\n\n\n<p>Ou seja, o estudo mostrou que quanto mais concreto, menos sombra e menos vegeta\u00e7\u00e3o, maior a temperatura m\u00e9dia do bairro.<\/p>\n\n\n\n<h2 class=\"wp-block-heading\">Dicas para um im\u00f3vel com conforto t\u00e9rmico&nbsp;<\/h2>\n\n\n\n<p>O conforto t\u00e9rmico \u00e9 um fator que pode influenciar sua rotina, seu bem-estar e at\u00e9 os gastos com energia. Algumas caracter\u00edsticas ajudam a amenizar os efeitos da ilha de calor urbana e tornam o dia a dia mais agrad\u00e1vel, especialmente em bairros mais adensados.<\/p>\n\n\n\n<p>Entenda melhor:<\/p>\n\n\n\n<h3 class=\"wp-block-heading\">1. Priorize im\u00f3veis pr\u00f3ximos a \u00e1reas verdes<\/h3>\n\n\n\n<p>Ruas arborizadas, pra\u00e7as e parques no entorno contribuem para reduzir a temperatura local por evapotranspira\u00e7\u00e3o e sombreamento natural. Mesmo pequenas \u00e1reas verdes no quarteir\u00e3o j\u00e1 melhoram a sensa\u00e7\u00e3o t\u00e9rmica.<\/p>\n\n\n\n<h3 class=\"wp-block-heading\">2. Observe a ventila\u00e7\u00e3o cruzada<\/h3>\n\n\n\n<p>Ambientes com janelas em paredes opostas permitem a circula\u00e7\u00e3o natural do ar, renovando o interior do im\u00f3vel sem depender de ar-condicionado ou ventiladores. Isso \u00e9 especialmente valioso em apartamentos.<\/p>\n\n\n\n<h3 class=\"wp-block-heading\">3. Avalie a orienta\u00e7\u00e3o solar<\/h3>\n\n\n\n<p>Unidades voltadas para o leste tendem a ser mais frescas \u00e0 tarde, enquanto as fachadas oeste acumulam mais calor. Entender como o sol incide no im\u00f3vel ajuda a prever o comportamento t\u00e9rmico ao longo do dia.<\/p>\n\n\n\n<h3 class=\"wp-block-heading\">4. Verifique materiais e estrutura<\/h3>\n\n\n\n<p>Paredes espessas, esquadrias de qualidade e isolamento t\u00e9rmico no telhado fazem muita diferen\u00e7a em casas e coberturas. Edif\u00edcios mais novos tamb\u00e9m tendem a ter solu\u00e7\u00f5es construtivas que minimizem o aquecimento interno.<\/p>\n\n\n\n<h3 class=\"wp-block-heading\">5. Analise o entorno urbano<\/h3>\n\n\n\n<p>Regi\u00f5es com muitas superf\u00edcies imperme\u00e1veis, tr\u00e1fego intenso e grandes avenidas refletem e ret\u00eam mais calor. J\u00e1 ruas residenciais, com menor densidade comercial, costumam oferecer sensa\u00e7\u00e3o t\u00e9rmica mais equilibrada.<\/p>\n\n\n\n<h2 class=\"wp-block-heading\">Encontre seu pr\u00f3ximo im\u00f3vel em S\u00e3o Paulo com a Zimmermann Im\u00f3veis!<\/h2>\n\n\n\n<p>A Zimmermann Im\u00f3veis conhece profundamente os bairros de S\u00e3o Paulo e entende como cada regi\u00e3o se comporta em termos de conforto t\u00e9rmico, estilo de vida, mobilidade e servi\u00e7os.<\/p>\n\n\n\n<p>Com atua\u00e7\u00e3o desde 1994 e equipes especializadas por zona da cidade, oferecemos uma curadoria real de bairros, ajudando voc\u00ea a avaliar n\u00e3o apenas o im\u00f3vel, mas o contexto urbano que influencia sua qualidade de vida.<\/p>\n\n\n\n<p>Seja para buscar regi\u00f5es mais arborizadas, ruas mais tranquilas ou bairros com infraestrutura consolidada, com a Zimmermann Im\u00f3veis voc\u00ea conta com orienta\u00e7\u00e3o completa em todas as etapas da compra.<\/p>\n\n\n\n<p class=\"has-text-align-center\"><a href=\"https:\/\/www.zimoveis.com.br\/buscar-imoveis\" target=\"_blank\" rel=\"noreferrer noopener\"><strong><span style=\"text-decoration: underline;\">Escolha o seu pr\u00f3ximo im\u00f3vel em S\u00e3o Paulo com o apoio da Zimmermann Im\u00f3veis!\u00a0<\/span><\/strong><\/a><\/p>\n\n\n\n<h2 class=\"wp-block-heading\">Bairros mais quentes de S\u00e3o Paulo: Perguntas frequentes&nbsp;<\/h2>\n\n\n\n<p>Ainda com d\u00favidas sobre os bairros mais quentes de SP? A seguir, respostas objetivas para d\u00favidas comuns sobre calor na capital. Confira:<\/p>\n\n\n\n<h3 class=\"wp-block-heading\">Quais s\u00e3o os bairros mais quentes de S\u00e3o Paulo?&nbsp;<\/h3>\n\n\n\n<p>Segundo o estudo divulgado pelo Jornal da USP, bairros como Tucuruvi, Mooca, Freguesia do \u00d3 e Jabaquara aparecem com maior intensidade de ilha de calor urbana.<\/p>\n\n\n\n<h3 class=\"wp-block-heading\">Qual \u00e9 o lugar mais quente de S\u00e3o Paulo?&nbsp;<\/h3>\n\n\n\n<p>N\u00e3o existe um \u00fanico ponto fixo \u201ccampe\u00e3o\u201d em todos os dias do ano, mas o estudo indica um grupo de bairros urbanos com maior intensidade de calor, associados a alta urbaniza\u00e7\u00e3o e pouca \u00e1rea verde.<\/p>\n\n\n\n<h3 class=\"wp-block-heading\">Onde faz calor o ano todo em S\u00e3o Paulo?<\/h3>\n\n\n\n<p>Em S\u00e3o Paulo, o clima tem varia\u00e7\u00e3o sazonal. O que tende a persistir ao longo do tempo \u00e9 o efeito de ilha de calor em \u00e1reas com menos vegeta\u00e7\u00e3o e maior adensamento urbano.<\/p>\n\n\n\n<h2 class=\"wp-block-heading\">Conclus\u00e3o&nbsp;<\/h2>\n\n\n\n<p>A sensa\u00e7\u00e3o t\u00e9rmica dos bairros de S\u00e3o Paulo \u00e9 resultado direto da rela\u00e7\u00e3o entre urbaniza\u00e7\u00e3o, arboriza\u00e7\u00e3o e infraestrutura.&nbsp;<\/p>\n\n\n\n<p>Tudo isso influencia muito a experi\u00eancia de viver na cidade. Entender esses fatores ajuda voc\u00ea a tomar uma decis\u00e3o mais consciente ao escolher seu pr\u00f3ximo endere\u00e7o.<\/p>\n\n\n\n<p>Com a consultoria da Zimmermann Im\u00f3veis, voc\u00ea avalia cada regi\u00e3o com clareza, compara oportunidades e encontra um im\u00f3vel que alia bem-estar, praticidade e valoriza\u00e7\u00e3o.&nbsp;<\/p>\n","protected":false},"excerpt":{"rendered":"<p>Descubra quais s\u00e3o os bairros mais quentes de S\u00e3o Paulo, por que isso acontece e como escolher seu pr\u00f3ximo im\u00f3vel com mais conforto t\u00e9rmico.<\/p>\n","protected":false},"author":6,"featured_media":3559,"comment_status":"open","ping_status":"open","sticky":false,"template":"","format":"standard","meta":{"footnotes":""},"categories":[3],"tags":[],"class_list":["post-3556","post","type-post","status-publish","format-standard","has-post-thumbnail","hentry","category-bairros"],"yoast_head":"<!-- This site is optimized with the Yoast SEO plugin v22.9 - https:\/\/yoast.com\/wordpress\/plugins\/seo\/ -->\n<title>Bairros mais quentes de S\u00e3o Paulo: Entenda as ilhas de calor<\/title>\n<meta name=\"description\" content=\"Descubra quais s\u00e3o os bairros mais quentes de S\u00e3o Paulo, por que isso acontece e como escolher seu pr\u00f3ximo im\u00f3vel com mais conforto t\u00e9rmico.\" \/>\n<meta name=\"robots\" content=\"index, follow, max-snippet:-1, max-image-preview:large, max-video-preview:-1\" \/>\n<link rel=\"canonical\" href=\"https:\/\/www.zimoveis.com.br\/blog\/bairros\/bairros-mais-quentes-sp\/\" \/>\n<meta property=\"og:locale\" content=\"pt_BR\" \/>\n<meta property=\"og:type\" content=\"article\" \/>\n<meta property=\"og:title\" content=\"Bairros mais quentes de S\u00e3o Paulo: Entenda as ilhas de calor\" \/>\n<meta property=\"og:description\" content=\"Descubra quais s\u00e3o os bairros mais quentes de S\u00e3o Paulo, por que isso acontece e como escolher seu pr\u00f3ximo im\u00f3vel com mais conforto t\u00e9rmico.\" \/>\n<meta property=\"og:url\" content=\"https:\/\/www.zimoveis.com.br\/blog\/bairros\/bairros-mais-quentes-sp\/\" \/>\n<meta property=\"og:site_name\" content=\"Blog Zimmermann Im\u00f3veis\" \/>\n<meta property=\"article:publisher\" content=\"https:\/\/www.facebook.com\/zimoveis.com.br\/\" \/>\n<meta property=\"article:published_time\" content=\"2025-12-09T22:47:34+00:00\" \/>\n<meta property=\"article:modified_time\" content=\"2025-12-09T22:47:35+00:00\" \/>\n<meta property=\"og:image\" content=\"https:\/\/www.zimoveis.com.br\/blog\/wp-content\/uploads\/2025\/12\/bairros-mais-quentes-de-sao-paulo.jpg\" \/>\n\t<meta property=\"og:image:width\" content=\"1024\" \/>\n\t<meta property=\"og:image:height\" content=\"683\" \/>\n\t<meta property=\"og:image:type\" content=\"image\/jpeg\" \/>\n<meta name=\"author\" content=\"Renato Zimmermann\" \/>\n<meta name=\"twitter:card\" content=\"summary_large_image\" \/>\n<meta name=\"twitter:label1\" content=\"Escrito por\" \/>\n\t<meta name=\"twitter:data1\" content=\"Renato Zimmermann\" \/>\n\t<meta name=\"twitter:label2\" content=\"Est. tempo de leitura\" \/>\n\t<meta name=\"twitter:data2\" content=\"8 minutos\" \/>\n<script type=\"application\/ld+json\" class=\"yoast-schema-graph\">{\"@context\":\"https:\/\/schema.org\",\"@graph\":[{\"@type\":\"Article\",\"@id\":\"https:\/\/www.zimoveis.com.br\/blog\/bairros\/bairros-mais-quentes-sp\/#article\",\"isPartOf\":{\"@id\":\"https:\/\/www.zimoveis.com.br\/blog\/bairros\/bairros-mais-quentes-sp\/\"},\"author\":{\"name\":\"Renato Zimmermann\",\"@id\":\"https:\/\/www.zimoveis.com.br\/blog\/#\/schema\/person\/2a603a2bfa39667369b9df4ce30ff018\"},\"headline\":\"Quais s\u00e3o os bairros mais quentes de S\u00e3o Paulo (e por qu\u00ea)?\",\"datePublished\":\"2025-12-09T22:47:34+00:00\",\"dateModified\":\"2025-12-09T22:47:35+00:00\",\"mainEntityOfPage\":{\"@id\":\"https:\/\/www.zimoveis.com.br\/blog\/bairros\/bairros-mais-quentes-sp\/\"},\"wordCount\":1567,\"commentCount\":0,\"publisher\":{\"@id\":\"https:\/\/www.zimoveis.com.br\/blog\/#organization\"},\"image\":{\"@id\":\"https:\/\/www.zimoveis.com.br\/blog\/bairros\/bairros-mais-quentes-sp\/#primaryimage\"},\"thumbnailUrl\":\"https:\/\/www.zimoveis.com.br\/blog\/wp-content\/uploads\/2025\/12\/bairros-mais-quentes-de-sao-paulo.jpg\",\"articleSection\":[\"Bairros\"],\"inLanguage\":\"pt-BR\",\"potentialAction\":[{\"@type\":\"CommentAction\",\"name\":\"Comment\",\"target\":[\"https:\/\/www.zimoveis.com.br\/blog\/bairros\/bairros-mais-quentes-sp\/#respond\"]}]},{\"@type\":\"WebPage\",\"@id\":\"https:\/\/www.zimoveis.com.br\/blog\/bairros\/bairros-mais-quentes-sp\/\",\"url\":\"https:\/\/www.zimoveis.com.br\/blog\/bairros\/bairros-mais-quentes-sp\/\",\"name\":\"Bairros mais quentes de S\u00e3o Paulo: Entenda as ilhas de calor\",\"isPartOf\":{\"@id\":\"https:\/\/www.zimoveis.com.br\/blog\/#website\"},\"primaryImageOfPage\":{\"@id\":\"https:\/\/www.zimoveis.com.br\/blog\/bairros\/bairros-mais-quentes-sp\/#primaryimage\"},\"image\":{\"@id\":\"https:\/\/www.zimoveis.com.br\/blog\/bairros\/bairros-mais-quentes-sp\/#primaryimage\"},\"thumbnailUrl\":\"https:\/\/www.zimoveis.com.br\/blog\/wp-content\/uploads\/2025\/12\/bairros-mais-quentes-de-sao-paulo.jpg\",\"datePublished\":\"2025-12-09T22:47:34+00:00\",\"dateModified\":\"2025-12-09T22:47:35+00:00\",\"description\":\"Descubra quais s\u00e3o os bairros mais quentes de S\u00e3o Paulo, por que isso acontece e como escolher seu pr\u00f3ximo im\u00f3vel com mais conforto t\u00e9rmico.\",\"breadcrumb\":{\"@id\":\"https:\/\/www.zimoveis.com.br\/blog\/bairros\/bairros-mais-quentes-sp\/#breadcrumb\"},\"inLanguage\":\"pt-BR\",\"potentialAction\":[{\"@type\":\"ReadAction\",\"target\":[\"https:\/\/www.zimoveis.com.br\/blog\/bairros\/bairros-mais-quentes-sp\/\"]}]},{\"@type\":\"ImageObject\",\"inLanguage\":\"pt-BR\",\"@id\":\"https:\/\/www.zimoveis.com.br\/blog\/bairros\/bairros-mais-quentes-sp\/#primaryimage\",\"url\":\"https:\/\/www.zimoveis.com.br\/blog\/wp-content\/uploads\/2025\/12\/bairros-mais-quentes-de-sao-paulo.jpg\",\"contentUrl\":\"https:\/\/www.zimoveis.com.br\/blog\/wp-content\/uploads\/2025\/12\/bairros-mais-quentes-de-sao-paulo.jpg\",\"width\":1024,\"height\":683,\"caption\":\"Vista de pr\u00e9dios, avenidas e \u00e1reas verdes em um dos bairros mais quentes de S\u00e3o Paulo.\"},{\"@type\":\"BreadcrumbList\",\"@id\":\"https:\/\/www.zimoveis.com.br\/blog\/bairros\/bairros-mais-quentes-sp\/#breadcrumb\",\"itemListElement\":[{\"@type\":\"ListItem\",\"position\":1,\"name\":\"Home\",\"item\":\"https:\/\/www.zimoveis.com.br\/blog\/\"},{\"@type\":\"ListItem\",\"position\":2,\"name\":\"Quais s\u00e3o os bairros mais quentes de S\u00e3o Paulo (e por qu\u00ea)?\"}]},{\"@type\":\"WebSite\",\"@id\":\"https:\/\/www.zimoveis.com.br\/blog\/#website\",\"url\":\"https:\/\/www.zimoveis.com.br\/blog\/\",\"name\":\"Blog Zimmermann Im\u00f3veis\",\"description\":\"Artigos e Not\u00edcias sobre o Mercado Imobili\u00e1rio\",\"publisher\":{\"@id\":\"https:\/\/www.zimoveis.com.br\/blog\/#organization\"},\"potentialAction\":[{\"@type\":\"SearchAction\",\"target\":{\"@type\":\"EntryPoint\",\"urlTemplate\":\"https:\/\/www.zimoveis.com.br\/blog\/?s={search_term_string}\"},\"query-input\":\"required name=search_term_string\"}],\"inLanguage\":\"pt-BR\"},{\"@type\":\"Organization\",\"@id\":\"https:\/\/www.zimoveis.com.br\/blog\/#organization\",\"name\":\"Zimmermann Im\u00f3veis\",\"url\":\"https:\/\/www.zimoveis.com.br\/blog\/\",\"logo\":{\"@type\":\"ImageObject\",\"inLanguage\":\"pt-BR\",\"@id\":\"https:\/\/www.zimoveis.com.br\/blog\/#\/schema\/logo\/image\/\",\"url\":\"https:\/\/www.zimoveis.com.br\/blog\/wp-content\/uploads\/2022\/07\/Logo-Zimoveis-PSD-1.png\",\"contentUrl\":\"https:\/\/www.zimoveis.com.br\/blog\/wp-content\/uploads\/2022\/07\/Logo-Zimoveis-PSD-1.png\",\"width\":2977,\"height\":1727,\"caption\":\"Zimmermann Im\u00f3veis\"},\"image\":{\"@id\":\"https:\/\/www.zimoveis.com.br\/blog\/#\/schema\/logo\/image\/\"},\"sameAs\":[\"https:\/\/www.facebook.com\/zimoveis.com.br\/\",\"https:\/\/www.linkedin.com\/company\/zimmermann-imveis\/about\/\",\"https:\/\/www.instagram.com\/zimoveis\/\",\"https:\/\/www.youtube.com\/channel\/UCheuj0pESCyVf214X1QJ1dw\"]},{\"@type\":\"Person\",\"@id\":\"https:\/\/www.zimoveis.com.br\/blog\/#\/schema\/person\/2a603a2bfa39667369b9df4ce30ff018\",\"name\":\"Renato Zimmermann\",\"image\":{\"@type\":\"ImageObject\",\"inLanguage\":\"pt-BR\",\"@id\":\"https:\/\/www.zimoveis.com.br\/blog\/#\/schema\/person\/image\/\",\"url\":\"https:\/\/secure.gravatar.com\/avatar\/edad15e60f6cea78814a8ee71c2a700e?s=96&d=mm&r=g\",\"contentUrl\":\"https:\/\/secure.gravatar.com\/avatar\/edad15e60f6cea78814a8ee71c2a700e?s=96&d=mm&r=g\",\"caption\":\"Renato Zimmermann\"},\"description\":\"Renato Zimmermann possui uma carreira de mais de 30 anos no setor imobili\u00e1rio. Sua jornada como corretor de im\u00f3veis come\u00e7ou em 1980 (CRECI 35494F) e desde ent\u00e3o foi conquistando espa\u00e7o e confian\u00e7a do setor. Hoje, \u00e9 uma figura de destaque no mercado imobili\u00e1rio de S\u00e3o Paulo. Reconhecido como um grande conhecedor do mercado, Renato tem como um dos principais prazeres de vida o compartilhamento da sua vis\u00e3o sobre as tend\u00eancias e oportunidades do setor. Sua s\u00f3lida experi\u00eancia no mercado imobili\u00e1rio permite-o a ter as bases necess\u00e1rias para inovar com responsabilidade e vis\u00e3o estrat\u00e9gica. Fundador e CEO da Zimmermann Im\u00f3veis, \u00e9 seu profundo conhecimento e eterno aprendizado que o capacita a acompanhar e gerenciar diretamente todas as estrat\u00e9gias de neg\u00f3cios da imobili\u00e1ria que \u00e9 uma das refer\u00eancias em vendas em S\u00e3o Paulo. Al\u00e9m disso, outro ponto em que \u00e9 reconhecido \u00e9 de sua \u00e9tica, considerada inabal\u00e1vel. N\u00e3o \u00e9 raro ouvir sobre a firmeza da sua conduta. N\u00e3o por acaso, ao longo de todos esses anos, mesmo como investidor, nunca tenha ocorrido conflito de interesses com corretores parceiros do mercado. Essa integridade, juntamente com conhecimento e vis\u00e3o estrat\u00e9gica, preserva e mant\u00e9m seu nome como uma das grandes refer\u00eancias do mercado imobili\u00e1rio paulistano. Sua vasta experi\u00eancia abrange n\u00e3o apenas a avalia\u00e7\u00e3o e negocia\u00e7\u00f5es, mas tamb\u00e9m aspectos jur\u00eddicos do direito imobili\u00e1rio. Com um enfoque nas regi\u00f5es da zona Oeste e sul da cidade de S\u00e3o Paulo, Renato Zimmermann \u00e9 reconhecido tanto por sua compet\u00eancia em vendas, quanto por seu comprometimento com a satisfa\u00e7\u00e3o e sucesso de seus clientes e parceiros.\",\"url\":\"https:\/\/www.zimoveis.com.br\/blog\/author\/renato-zimmermann\/\"}]}<\/script>\n<!-- \/ Yoast SEO plugin. -->","yoast_head_json":{"title":"Bairros mais quentes de S\u00e3o Paulo: Entenda as ilhas de calor","description":"Descubra quais s\u00e3o os bairros mais quentes de S\u00e3o Paulo, por que isso acontece e como escolher seu pr\u00f3ximo im\u00f3vel com mais conforto t\u00e9rmico.","robots":{"index":"index","follow":"follow","max-snippet":"max-snippet:-1","max-image-preview":"max-image-preview:large","max-video-preview":"max-video-preview:-1"},"canonical":"https:\/\/www.zimoveis.com.br\/blog\/bairros\/bairros-mais-quentes-sp\/","og_locale":"pt_BR","og_type":"article","og_title":"Bairros mais quentes de S\u00e3o Paulo: Entenda as ilhas de calor","og_description":"Descubra quais s\u00e3o os bairros mais quentes de S\u00e3o Paulo, por que isso acontece e como escolher seu pr\u00f3ximo im\u00f3vel com mais conforto t\u00e9rmico.","og_url":"https:\/\/www.zimoveis.com.br\/blog\/bairros\/bairros-mais-quentes-sp\/","og_site_name":"Blog Zimmermann Im\u00f3veis","article_publisher":"https:\/\/www.facebook.com\/zimoveis.com.br\/","article_published_time":"2025-12-09T22:47:34+00:00","article_modified_time":"2025-12-09T22:47:35+00:00","og_image":[{"width":1024,"height":683,"url":"https:\/\/www.zimoveis.com.br\/blog\/wp-content\/uploads\/2025\/12\/bairros-mais-quentes-de-sao-paulo.jpg","type":"image\/jpeg"}],"author":"Renato Zimmermann","twitter_card":"summary_large_image","twitter_misc":{"Escrito por":"Renato Zimmermann","Est. tempo de leitura":"8 minutos"},"schema":{"@context":"https:\/\/schema.org","@graph":[{"@type":"Article","@id":"https:\/\/www.zimoveis.com.br\/blog\/bairros\/bairros-mais-quentes-sp\/#article","isPartOf":{"@id":"https:\/\/www.zimoveis.com.br\/blog\/bairros\/bairros-mais-quentes-sp\/"},"author":{"name":"Renato Zimmermann","@id":"https:\/\/www.zimoveis.com.br\/blog\/#\/schema\/person\/2a603a2bfa39667369b9df4ce30ff018"},"headline":"Quais s\u00e3o os bairros mais quentes de S\u00e3o Paulo (e por qu\u00ea)?","datePublished":"2025-12-09T22:47:34+00:00","dateModified":"2025-12-09T22:47:35+00:00","mainEntityOfPage":{"@id":"https:\/\/www.zimoveis.com.br\/blog\/bairros\/bairros-mais-quentes-sp\/"},"wordCount":1567,"commentCount":0,"publisher":{"@id":"https:\/\/www.zimoveis.com.br\/blog\/#organization"},"image":{"@id":"https:\/\/www.zimoveis.com.br\/blog\/bairros\/bairros-mais-quentes-sp\/#primaryimage"},"thumbnailUrl":"https:\/\/www.zimoveis.com.br\/blog\/wp-content\/uploads\/2025\/12\/bairros-mais-quentes-de-sao-paulo.jpg","articleSection":["Bairros"],"inLanguage":"pt-BR","potentialAction":[{"@type":"CommentAction","name":"Comment","target":["https:\/\/www.zimoveis.com.br\/blog\/bairros\/bairros-mais-quentes-sp\/#respond"]}]},{"@type":"WebPage","@id":"https:\/\/www.zimoveis.com.br\/blog\/bairros\/bairros-mais-quentes-sp\/","url":"https:\/\/www.zimoveis.com.br\/blog\/bairros\/bairros-mais-quentes-sp\/","name":"Bairros mais quentes de S\u00e3o Paulo: Entenda as ilhas de calor","isPartOf":{"@id":"https:\/\/www.zimoveis.com.br\/blog\/#website"},"primaryImageOfPage":{"@id":"https:\/\/www.zimoveis.com.br\/blog\/bairros\/bairros-mais-quentes-sp\/#primaryimage"},"image":{"@id":"https:\/\/www.zimoveis.com.br\/blog\/bairros\/bairros-mais-quentes-sp\/#primaryimage"},"thumbnailUrl":"https:\/\/www.zimoveis.com.br\/blog\/wp-content\/uploads\/2025\/12\/bairros-mais-quentes-de-sao-paulo.jpg","datePublished":"2025-12-09T22:47:34+00:00","dateModified":"2025-12-09T22:47:35+00:00","description":"Descubra quais s\u00e3o os bairros mais quentes de S\u00e3o Paulo, por que isso acontece e como escolher seu pr\u00f3ximo im\u00f3vel com mais conforto t\u00e9rmico.","breadcrumb":{"@id":"https:\/\/www.zimoveis.com.br\/blog\/bairros\/bairros-mais-quentes-sp\/#breadcrumb"},"inLanguage":"pt-BR","potentialAction":[{"@type":"ReadAction","target":["https:\/\/www.zimoveis.com.br\/blog\/bairros\/bairros-mais-quentes-sp\/"]}]},{"@type":"ImageObject","inLanguage":"pt-BR","@id":"https:\/\/www.zimoveis.com.br\/blog\/bairros\/bairros-mais-quentes-sp\/#primaryimage","url":"https:\/\/www.zimoveis.com.br\/blog\/wp-content\/uploads\/2025\/12\/bairros-mais-quentes-de-sao-paulo.jpg","contentUrl":"https:\/\/www.zimoveis.com.br\/blog\/wp-content\/uploads\/2025\/12\/bairros-mais-quentes-de-sao-paulo.jpg","width":1024,"height":683,"caption":"Vista de pr\u00e9dios, avenidas e \u00e1reas verdes em um dos bairros mais quentes de S\u00e3o Paulo."},{"@type":"BreadcrumbList","@id":"https:\/\/www.zimoveis.com.br\/blog\/bairros\/bairros-mais-quentes-sp\/#breadcrumb","itemListElement":[{"@type":"ListItem","position":1,"name":"Home","item":"https:\/\/www.zimoveis.com.br\/blog\/"},{"@type":"ListItem","position":2,"name":"Quais s\u00e3o os bairros mais quentes de S\u00e3o Paulo (e por qu\u00ea)?"}]},{"@type":"WebSite","@id":"https:\/\/www.zimoveis.com.br\/blog\/#website","url":"https:\/\/www.zimoveis.com.br\/blog\/","name":"Blog Zimmermann Im\u00f3veis","description":"Artigos e Not\u00edcias sobre o Mercado Imobili\u00e1rio","publisher":{"@id":"https:\/\/www.zimoveis.com.br\/blog\/#organization"},"potentialAction":[{"@type":"SearchAction","target":{"@type":"EntryPoint","urlTemplate":"https:\/\/www.zimoveis.com.br\/blog\/?s={search_term_string}"},"query-input":"required name=search_term_string"}],"inLanguage":"pt-BR"},{"@type":"Organization","@id":"https:\/\/www.zimoveis.com.br\/blog\/#organization","name":"Zimmermann Im\u00f3veis","url":"https:\/\/www.zimoveis.com.br\/blog\/","logo":{"@type":"ImageObject","inLanguage":"pt-BR","@id":"https:\/\/www.zimoveis.com.br\/blog\/#\/schema\/logo\/image\/","url":"https:\/\/www.zimoveis.com.br\/blog\/wp-content\/uploads\/2022\/07\/Logo-Zimoveis-PSD-1.png","contentUrl":"https:\/\/www.zimoveis.com.br\/blog\/wp-content\/uploads\/2022\/07\/Logo-Zimoveis-PSD-1.png","width":2977,"height":1727,"caption":"Zimmermann Im\u00f3veis"},"image":{"@id":"https:\/\/www.zimoveis.com.br\/blog\/#\/schema\/logo\/image\/"},"sameAs":["https:\/\/www.facebook.com\/zimoveis.com.br\/","https:\/\/www.linkedin.com\/company\/zimmermann-imveis\/about\/","https:\/\/www.instagram.com\/zimoveis\/","https:\/\/www.youtube.com\/channel\/UCheuj0pESCyVf214X1QJ1dw"]},{"@type":"Person","@id":"https:\/\/www.zimoveis.com.br\/blog\/#\/schema\/person\/2a603a2bfa39667369b9df4ce30ff018","name":"Renato Zimmermann","image":{"@type":"ImageObject","inLanguage":"pt-BR","@id":"https:\/\/www.zimoveis.com.br\/blog\/#\/schema\/person\/image\/","url":"https:\/\/secure.gravatar.com\/avatar\/edad15e60f6cea78814a8ee71c2a700e?s=96&d=mm&r=g","contentUrl":"https:\/\/secure.gravatar.com\/avatar\/edad15e60f6cea78814a8ee71c2a700e?s=96&d=mm&r=g","caption":"Renato Zimmermann"},"description":"Renato Zimmermann possui uma carreira de mais de 30 anos no setor imobili\u00e1rio. Sua jornada como corretor de im\u00f3veis come\u00e7ou em 1980 (CRECI 35494F) e desde ent\u00e3o foi conquistando espa\u00e7o e confian\u00e7a do setor. Hoje, \u00e9 uma figura de destaque no mercado imobili\u00e1rio de S\u00e3o Paulo. Reconhecido como um grande conhecedor do mercado, Renato tem como um dos principais prazeres de vida o compartilhamento da sua vis\u00e3o sobre as tend\u00eancias e oportunidades do setor. Sua s\u00f3lida experi\u00eancia no mercado imobili\u00e1rio permite-o a ter as bases necess\u00e1rias para inovar com responsabilidade e vis\u00e3o estrat\u00e9gica. Fundador e CEO da Zimmermann Im\u00f3veis, \u00e9 seu profundo conhecimento e eterno aprendizado que o capacita a acompanhar e gerenciar diretamente todas as estrat\u00e9gias de neg\u00f3cios da imobili\u00e1ria que \u00e9 uma das refer\u00eancias em vendas em S\u00e3o Paulo. Al\u00e9m disso, outro ponto em que \u00e9 reconhecido \u00e9 de sua \u00e9tica, considerada inabal\u00e1vel. N\u00e3o \u00e9 raro ouvir sobre a firmeza da sua conduta. N\u00e3o por acaso, ao longo de todos esses anos, mesmo como investidor, nunca tenha ocorrido conflito de interesses com corretores parceiros do mercado. Essa integridade, juntamente com conhecimento e vis\u00e3o estrat\u00e9gica, preserva e mant\u00e9m seu nome como uma das grandes refer\u00eancias do mercado imobili\u00e1rio paulistano. Sua vasta experi\u00eancia abrange n\u00e3o apenas a avalia\u00e7\u00e3o e negocia\u00e7\u00f5es, mas tamb\u00e9m aspectos jur\u00eddicos do direito imobili\u00e1rio. Com um enfoque nas regi\u00f5es da zona Oeste e sul da cidade de S\u00e3o Paulo, Renato Zimmermann \u00e9 reconhecido tanto por sua compet\u00eancia em vendas, quanto por seu comprometimento com a satisfa\u00e7\u00e3o e sucesso de seus clientes e parceiros.","url":"https:\/\/www.zimoveis.com.br\/blog\/author\/renato-zimmermann\/"}]}},"_links":{"self":[{"href":"https:\/\/www.zimoveis.com.br\/blog\/wp-json\/wp\/v2\/posts\/3556","targetHints":{"allow":["GET"]}}],"collection":[{"href":"https:\/\/www.zimoveis.com.br\/blog\/wp-json\/wp\/v2\/posts"}],"about":[{"href":"https:\/\/www.zimoveis.com.br\/blog\/wp-json\/wp\/v2\/types\/post"}],"author":[{"embeddable":true,"href":"https:\/\/www.zimoveis.com.br\/blog\/wp-json\/wp\/v2\/users\/6"}],"replies":[{"embeddable":true,"href":"https:\/\/www.zimoveis.com.br\/blog\/wp-json\/wp\/v2\/comments?post=3556"}],"version-history":[{"count":2,"href":"https:\/\/www.zimoveis.com.br\/blog\/wp-json\/wp\/v2\/posts\/3556\/revisions"}],"predecessor-version":[{"id":3561,"href":"https:\/\/www.zimoveis.com.br\/blog\/wp-json\/wp\/v2\/posts\/3556\/revisions\/3561"}],"wp:featuredmedia":[{"embeddable":true,"href":"https:\/\/www.zimoveis.com.br\/blog\/wp-json\/wp\/v2\/media\/3559"}],"wp:attachment":[{"href":"https:\/\/www.zimoveis.com.br\/blog\/wp-json\/wp\/v2\/media?parent=3556"}],"wp:term":[{"taxonomy":"category","embeddable":true,"href":"https:\/\/www.zimoveis.com.br\/blog\/wp-json\/wp\/v2\/categories?post=3556"},{"taxonomy":"post_tag","embeddable":true,"href":"https:\/\/www.zimoveis.com.br\/blog\/wp-json\/wp\/v2\/tags?post=3556"}],"curies":[{"name":"wp","href":"https:\/\/api.w.org\/{rel}","templated":true}]}}