{"id":3614,"date":"2026-01-09T18:12:00","date_gmt":"2026-01-09T21:12:00","guid":{"rendered":"https:\/\/www.zimoveis.com.br\/blog\/?p=3614"},"modified":"2026-03-30T16:17:05","modified_gmt":"2026-03-30T19:17:05","slug":"centros-culturais-sao-paulo","status":"publish","type":"post","link":"https:\/\/www.zimoveis.com.br\/blog\/dicas\/centros-culturais-sao-paulo\/","title":{"rendered":"Centros culturais de S\u00e3o Paulo: Conhe\u00e7a os principais"},"content":{"rendered":"\n<p>Os centros culturais de S\u00e3o Paulo revelam muito mais do que op\u00e7\u00f5es de lazer. Eles mostram a diversidade, a criatividade e o ritmo \u00fanico da cidade em cada regi\u00e3o.&nbsp;<\/p>\n\n\n\n<p>Espalhados por bairros centrais e perif\u00e9ricos, esses espa\u00e7os conectam arte, educa\u00e7\u00e3o e conviv\u00eancia, oferecendo programa\u00e7\u00f5es acess\u00edveis para p\u00fablicos de todas as idades.&nbsp;<\/p>\n\n\n\n<p>Ao longo deste guia, voc\u00ea vai descobrir quais s\u00e3o os principais centros culturais da capital, entender o papel de cada um no cotidiano paulistano e encontrar refer\u00eancias que ajudam a aproveitar melhor a cidade, seja para explorar novos programas, seja para escolher um bairro que combine com o seu estilo de vida.<\/p>\n\n\n\n<p>Vamos l\u00e1?<\/p>\n\n\n\n<h2 class=\"wp-block-heading\">Principais centros culturais de S\u00e3o Paulo<\/h2>\n\n\n\n<p>A lista abaixo re\u00fane alguns dos principais centros culturais da cidade, com base nas informa\u00e7\u00f5es oficiais da Prefeitura de S\u00e3o Paulo.&nbsp;<\/p>\n\n\n\n<p>Para saber mais, voc\u00ea pode acessar o <a href=\"https:\/\/prefeitura.sp.gov.br\/web\/cultura\/centros_culturais\" target=\"_blank\" rel=\"noreferrer noopener\"><strong><span style=\"text-decoration: underline;\">portal da Secretaria Municipal de Cultura<\/span><\/strong><\/a>. Confira agora os principais centros culturais de SP:<\/p>\n\n\n\n<h3 class=\"wp-block-heading\">Centro Cultural S\u00e3o Paulo&nbsp;<\/h3>\n\n\n\n<p>Localizado pr\u00f3ximo \u00e0 Avenida Paulista, o <a href=\"https:\/\/centrocultural.sp.gov.br\/\" target=\"_blank\" rel=\"noreferrer noopener\"><strong><span style=\"text-decoration: underline;\">Centro Cultural S\u00e3o Paulo (CCSP)<\/span><\/strong><\/a> \u00e9 um dos espa\u00e7os culturais mais completos e democr\u00e1ticos da cidade.&nbsp;<\/p>\n\n\n\n<p>O local re\u00fane bibliotecas, salas de exposi\u00e7\u00f5es, teatros, cinemas, \u00e1reas de estudo, jardins e espa\u00e7os de conviv\u00eancia, atraindo estudantes, artistas e visitantes de todas as idades.<\/p>\n\n\n\n<p>Com uma programa\u00e7\u00e3o diversa, o CCSP oferece shows, espet\u00e1culos teatrais, sess\u00f5es de cinema, exposi\u00e7\u00f5es, oficinas e atividades educativas, muitas delas gratuitas.&nbsp;<\/p>\n\n\n\n<p>Al\u00e9m disso, \u00e9 reconhecido por seu papel de incentivo \u00e0 cultura contempor\u00e2nea e por ser um espa\u00e7o aberto, acess\u00edvel e integrado ao cotidiano urbano.<\/p>\n\n\n\n<h3 class=\"wp-block-heading\">Centro Cultural da Penha&nbsp;<\/h3>\n\n\n\n<p>O <a href=\"https:\/\/www.instagram.com\/ccpenha\/\" target=\"_blank\" rel=\"noreferrer noopener\"><strong><span style=\"text-decoration: underline;\">Centro Cultural da Penha<\/span><\/strong><\/a> \u00e9 um importante polo cultural da Zona Leste de S\u00e3o Paulo, com forte atua\u00e7\u00e3o voltada \u00e0 valoriza\u00e7\u00e3o da cultura local e \u00e0 forma\u00e7\u00e3o art\u00edstica da comunidade.&nbsp;<\/p>\n\n\n\n<p>O espa\u00e7o abriga apresenta\u00e7\u00f5es musicais, espet\u00e1culos teatrais, exposi\u00e7\u00f5es, oficinas e atividades educativas para p\u00fablicos de diferentes faixas et\u00e1rias.<\/p>\n\n\n\n<p>Com programa\u00e7\u00e3o acess\u00edvel e foco na inclus\u00e3o cultural, o centro contribui para descentralizar o acesso \u00e0 cultura na cidade, fortalecendo a identidade cultural da regi\u00e3o da Penha e bairros vizinhos.<\/p>\n\n\n\n<h3 class=\"wp-block-heading\">Centro Cultural da Juventude<\/h3>\n\n\n\n<p>O <a href=\"https:\/\/ccj.prefeitura.sp.gov.br\/\" target=\"_blank\" rel=\"noreferrer noopener\"><strong><span style=\"text-decoration: underline;\">Centro Cultural da Juventude (CCJ)<\/span><\/strong><\/a> \u00e9 refer\u00eancia em cultura jovem na Zona Norte de S\u00e3o Paulo. O espa\u00e7o foi pensado especialmente para dialogar com linguagens contempor\u00e2neas, como m\u00fasica urbana, dan\u00e7a, artes visuais, cultura digital, literatura e esportes culturais.<\/p>\n\n\n\n<p>Al\u00e9m de receber shows, batalhas de dan\u00e7a, exposi\u00e7\u00f5es e festivais, o CCJ tamb\u00e9m atua como espa\u00e7o formativo, oferecendo oficinas, cursos, encontros e atividades gratuitas, incentivando o protagonismo juvenil e a produ\u00e7\u00e3o cultural independente.<\/p>\n\n\n\n<h3 class=\"wp-block-heading\">Centro Cultural Olido&nbsp;<\/h3>\n\n\n\n<p>Localizado no centro hist\u00f3rico de S\u00e3o Paulo, o <a href=\"https:\/\/www.instagram.com\/ccolido\/\" target=\"_blank\" rel=\"noreferrer noopener\"><strong><span style=\"text-decoration: underline;\">Centro Cultural Olido<\/span><\/strong><\/a> \u00e9 um dos principais pontos de difus\u00e3o da dan\u00e7a, m\u00fasica e cultura urbana na cidade.&nbsp;<\/p>\n\n\n\n<p>O espa\u00e7o \u00e9 amplamente reconhecido por sua forte liga\u00e7\u00e3o com movimentos culturais contempor\u00e2neos e express\u00f5es art\u00edsticas independentes.<\/p>\n\n\n\n<p>O Olido abriga teatros, salas de ensaio e espa\u00e7os para apresenta\u00e7\u00f5es, recebendo festivais, espet\u00e1culos de dan\u00e7a, eventos musicais, oficinas e a\u00e7\u00f5es formativas, com grande parte da programa\u00e7\u00e3o gratuita ou a pre\u00e7os populares.<\/p>\n\n\n\n<h3 class=\"wp-block-heading\">Centro Cultural do Graja\u00fa&nbsp;<\/h3>\n\n\n\n<p>O <a href=\"https:\/\/pt-br.facebook.com\/centroculturalgrajau\/\" target=\"_blank\" rel=\"noreferrer noopener\"><strong><span style=\"text-decoration: underline;\">Centro Cultural do Graja\u00fa<\/span><\/strong><\/a> \u00e9 um dos principais espa\u00e7os culturais da <strong><a href=\"https:\/\/www.zimoveis.com.br\/blog\/bairros\/zona-sul-de-sao-paulo\/\" target=\"_blank\" rel=\"noreferrer noopener\">Zona Sul<\/a><\/strong> e tem papel fundamental na valoriza\u00e7\u00e3o da cultura perif\u00e9rica e da produ\u00e7\u00e3o art\u00edstica local.\u00a0<\/p>\n\n\n\n<p>O espa\u00e7o promove atividades que dialogam diretamente com a realidade da regi\u00e3o, fortalecendo v\u00ednculos comunit\u00e1rios e o acesso \u00e0 cultura.<\/p>\n\n\n\n<p>Sua programa\u00e7\u00e3o inclui shows, saraus, exposi\u00e7\u00f5es, oficinas, teatro e eventos educativos, al\u00e9m de a\u00e7\u00f5es voltadas \u00e0 juventude e \u00e0 forma\u00e7\u00e3o cultural.&nbsp;<\/p>\n\n\n\n<p>O centro \u00e9 reconhecido como um importante ponto de encontro e express\u00e3o cultural do extremo sul da cidade.<\/p>\n\n\n\n<h3 class=\"wp-block-heading\">Centro Cultural Tendal da Lapa&nbsp;<\/h3>\n\n\n\n<p>O <a href=\"https:\/\/www.facebook.com\/cctendaldalapa\/\" target=\"_blank\" rel=\"noreferrer noopener\"><strong><span style=\"text-decoration: underline;\">Centro Cultural Tendal da Lapa<\/span><\/strong><\/a> \u00e9 um dos espa\u00e7os culturais mais tradicionais da Zona Oeste de S\u00e3o Paulo. Instalado em um antigo galp\u00e3o industrial, o Tendal se consolidou como um importante palco para m\u00fasica, teatro, dan\u00e7a, circo e manifesta\u00e7\u00f5es culturais populares.<\/p>\n\n\n\n<p>Com uma programa\u00e7\u00e3o diversa e acess\u00edvel, o espa\u00e7o recebe shows, festivais, espet\u00e1culos e atividades formativas, valorizando tanto artistas consagrados quanto produ\u00e7\u00f5es independentes e regionais.&nbsp;<\/p>\n\n\n\n<p>\u00c9 tamb\u00e9m um ponto de encontro cultural para moradores da Lapa e bairros pr\u00f3ximos.<\/p>\n\n\n\n<h3 class=\"wp-block-heading\">Centro Cultural Vila Formosa&nbsp;<\/h3>\n\n\n\n<p>O <a href=\"https:\/\/www.facebook.com\/ccvilaformosa\/\" target=\"_blank\" rel=\"noreferrer noopener\"><strong><span style=\"text-decoration: underline;\">Centro Cultural Vila Formosa<\/span><\/strong><\/a> atende a Zona Leste de S\u00e3o Paulo com uma programa\u00e7\u00e3o voltada \u00e0 forma\u00e7\u00e3o cultural, lazer e inclus\u00e3o social.&nbsp;<\/p>\n\n\n\n<p>O espa\u00e7o oferece atividades para diferentes p\u00fablicos, com destaque para a\u00e7\u00f5es educativas, oficinas art\u00edsticas e apresenta\u00e7\u00f5es culturais gratuitas.<\/p>\n\n\n\n<p>Al\u00e9m de estimular a produ\u00e7\u00e3o cultural local, o centro funciona como um importante equipamento p\u00fablico de conviv\u00eancia, fortalecendo o acesso \u00e0 cultura e \u00e0 arte em uma regi\u00e3o predominantemente residencial.<\/p>\n\n\n\n<h3 class=\"wp-block-heading\">Centro Cultural Cidade Tiradentes&nbsp;<\/h3>\n\n\n\n<p>O <a href=\"https:\/\/prefeitura.sp.gov.br\/web\/fundacao_paulistana\/w\/210168\" target=\"_blank\" rel=\"noreferrer noopener\"><strong><span style=\"text-decoration: underline;\">Centro Cultural Cidade Tiradentes<\/span><\/strong><\/a> \u00e9 um dos principais espa\u00e7os culturais da Zona Leste e tem papel fundamental na democratiza\u00e7\u00e3o do acesso \u00e0 cultura em uma das regi\u00f5es mais populosas da cidade.<\/p>\n\n\n\n<p>Com programa\u00e7\u00e3o voltada \u00e0 m\u00fasica, teatro, dan\u00e7a, artes visuais e forma\u00e7\u00e3o cultural, o centro promove atividades gratuitas que incentivam a participa\u00e7\u00e3o comunit\u00e1ria, o protagonismo juvenil e o fortalecimento da identidade cultural local.<\/p>\n\n\n\n<h3 class=\"wp-block-heading\">Centro de Culturas Negras&nbsp;<\/h3>\n\n\n\n<p>O <a href=\"https:\/\/prefeitura.sp.gov.br\/web\/cultura\/w\/noticias\/27340\" target=\"_blank\" rel=\"noreferrer noopener\"><strong><span style=\"text-decoration: underline;\">Centro de Culturas Negras<\/span><\/strong><\/a> \u00e9 um espa\u00e7o dedicado \u00e0 valoriza\u00e7\u00e3o, preserva\u00e7\u00e3o e difus\u00e3o das culturas negras em S\u00e3o Paulo.&nbsp;<\/p>\n\n\n\n<p>Sua atua\u00e7\u00e3o envolve a\u00e7\u00f5es educativas, exposi\u00e7\u00f5es, debates, encontros culturais e eventos que promovem reflex\u00e3o sobre identidade, hist\u00f3ria e diversidade.<\/p>\n\n\n\n<p>O centro desempenha um papel essencial na constru\u00e7\u00e3o de pol\u00edticas culturais inclusivas e no fortalecimento das express\u00f5es culturais afro-brasileiras, sendo um importante ponto de refer\u00eancia para a cidade.<\/p>\n\n\n\n<h3 class=\"wp-block-heading\">Centro Cultural Vila Itoror\u00f3&nbsp;<\/h3>\n\n\n\n<p>O <a href=\"https:\/\/vilaitororo.prefeitura.sp.gov.br\/\" target=\"_blank\" rel=\"noreferrer noopener\"><strong><span style=\"text-decoration: underline;\">Centro Cultural Vila Itoror\u00f3<\/span><\/strong><\/a> est\u00e1 instalado em um complexo arquitet\u00f4nico hist\u00f3rico no bairro da Bela Vista, unindo patrim\u00f4nio hist\u00f3rico, cultura, mem\u00f3ria e arte contempor\u00e2nea. O espa\u00e7o se destaca por sua proposta de ocupa\u00e7\u00e3o cultural integrada \u00e0 preserva\u00e7\u00e3o urbana.<\/p>\n\n\n\n<p>A programa\u00e7\u00e3o inclui exposi\u00e7\u00f5es, apresenta\u00e7\u00f5es art\u00edsticas, oficinas, visitas guiadas e atividades educativas, muitas delas gratuitas.&nbsp;<\/p>\n\n\n\n<p>O local tamb\u00e9m funciona como um laborat\u00f3rio cultural e espa\u00e7o de conviv\u00eancia no centro da cidade.<\/p>\n\n\n\n<h3 class=\"wp-block-heading\">Centro Cultural Santo Amaro&nbsp;<\/h3>\n\n\n\n<p>O <strong><span style=\"text-decoration: underline;\"><a href=\"https:\/\/prefeitura.sp.gov.br\/web\/cultura\/w\/noticias\/27337\" target=\"_blank\" rel=\"noreferrer noopener\">Centro Cultural Santo Amaro<\/a><\/span><\/strong> \u00e9 um dos principais equipamentos culturais da Zona Sul, oferecendo uma programa\u00e7\u00e3o variada que contempla exposi\u00e7\u00f5es, teatro, m\u00fasica, literatura e atividades educativas.<\/p>\n\n\n\n<p>Voltado para p\u00fablicos de todas as idades, o espa\u00e7o tem como objetivo ampliar o acesso \u00e0 cultura e estimular a produ\u00e7\u00e3o art\u00edstica local, al\u00e9m de fortalecer a vida cultural do bairro e regi\u00f5es vizinhas.<\/p>\n\n\n\n<h3 class=\"wp-block-heading\">Centro de Refer\u00eancia da Dan\u00e7a<\/h3>\n\n\n\n<p>O <a href=\"https:\/\/prefeitura.sp.gov.br\/web\/cultura\/w\/noticias\/27197\" target=\"_blank\" rel=\"noreferrer noopener\"><strong><span style=\"text-decoration: underline;\">Centro de Refer\u00eancia da Dan\u00e7a (CRD)<\/span><\/strong><\/a> \u00e9 um espa\u00e7o dedicado exclusivamente \u00e0 dan\u00e7a em suas m\u00faltiplas linguagens, sendo refer\u00eancia para artistas, pesquisadores e p\u00fablico interessado na \u00e1rea.<\/p>\n\n\n\n<p>O centro promove espet\u00e1culos, resid\u00eancias art\u00edsticas, cursos, encontros formativos e a\u00e7\u00f5es de pesquisa, contribuindo para o desenvolvimento da dan\u00e7a como express\u00e3o art\u00edstica e pr\u00e1tica cultural na cidade de S\u00e3o Paulo.<\/p>\n\n\n\n<h2 class=\"wp-block-heading\">Encontre seu pr\u00f3ximo im\u00f3vel em S\u00e3o Paulo com a Zimmermann Im\u00f3veis!&nbsp;<\/h2>\n\n\n\n<p>Viver em S\u00e3o Paulo \u00e9 estar perto de cultura, lazer, mobilidade e tudo o que faz o dia a dia ser mais pr\u00e1tico e inspirador.&nbsp;<\/p>\n\n\n\n<p>Morar pr\u00f3ximo a centros culturais significa ter acesso facilitado a eventos, exposi\u00e7\u00f5es, atividades gratuitas e espa\u00e7os de conviv\u00eancia que valorizam o bairro e aumentam a qualidade de vida.<\/p>\n\n\n\n<p>A Zimmermann Im\u00f3veis \u00e9 especialista na compra e venda de im\u00f3veis em S\u00e3o Paulo, com atua\u00e7\u00e3o focada nas regi\u00f5es mais valorizadas e bem estruturadas da cidade.&nbsp;<\/p>\n\n\n\n<p>Com mais de 25 anos de experi\u00eancia, a imobili\u00e1ria oferece assessoria completa, desde a escolha do im\u00f3vel ideal at\u00e9 o suporte jur\u00eddico e orienta\u00e7\u00e3o para financiamento, garantindo seguran\u00e7a e tranquilidade em todas as etapas do processo.<\/p>\n\n\n\n<p>Se voc\u00ea busca um apartamento ou casa em bairros conectados \u00e0 vida cultural paulistana (seja para morar ou investir) conte com quem conhece profundamente cada regi\u00e3o e suas oportunidades.<\/p>\n\n\n\n<p class=\"has-text-align-center\"><a href=\"https:\/\/www.zimoveis.com.br\/buscar-imoveis\" target=\"_blank\" rel=\"noreferrer noopener\"><strong><span style=\"text-decoration: underline;\">Encontre seu pr\u00f3ximo im\u00f3vel em S\u00e3o Paulo com a Zimmermann Im\u00f3veis!<\/span><\/strong><\/a><\/p>\n\n\n\n<h2 class=\"wp-block-heading\">Centros culturais de S\u00e3o Paulo: Perguntas frequentes&nbsp;<\/h2>\n\n\n\n<figure class=\"wp-block-image size-large\"><img loading=\"lazy\" decoding=\"async\" width=\"700\" height=\"468\" src=\"https:\/\/www.zimoveis.com.br\/blog\/wp-content\/uploads\/2026\/01\/centros-culturais-de-sao-paulo-faq-700x468.jpg\" alt=\"Pr\u00e9dio do Masp, um dos principais centros culturais de S\u00e3o Paulo\" class=\"wp-image-3616\" srcset=\"https:\/\/www.zimoveis.com.br\/blog\/wp-content\/uploads\/2026\/01\/centros-culturais-de-sao-paulo-faq-700x467.jpg 700w, https:\/\/www.zimoveis.com.br\/blog\/wp-content\/uploads\/2026\/01\/centros-culturais-de-sao-paulo-faq-250x167.jpg 250w, https:\/\/www.zimoveis.com.br\/blog\/wp-content\/uploads\/2026\/01\/centros-culturais-de-sao-paulo-faq-768x513.jpg 768w, https:\/\/www.zimoveis.com.br\/blog\/wp-content\/uploads\/2026\/01\/centros-culturais-de-sao-paulo-faq-120x80.jpg 120w, https:\/\/www.zimoveis.com.br\/blog\/wp-content\/uploads\/2026\/01\/centros-culturais-de-sao-paulo-faq-150x100.jpg 150w, https:\/\/www.zimoveis.com.br\/blog\/wp-content\/uploads\/2026\/01\/centros-culturais-de-sao-paulo-faq.jpg 1024w\" sizes=\"auto, (max-width: 700px) 100vw, 700px\" \/><\/figure>\n\n\n\n<p><\/p>\n\n\n\n<p>Ainda com d\u00favidas sobre os principais centros culturais de S\u00e3o Paulo? Confira a seguir respostas r\u00e1pidas para as perguntas mais frequentes:<\/p>\n\n\n\n<h3 class=\"wp-block-heading\">Quais s\u00e3o 5 nomes de espa\u00e7os culturais em S\u00e3o Paulo?&nbsp;<\/h3>\n\n\n\n<p>Centro Cultural S\u00e3o Paulo, Centro Cultural Olido, Centro Cultural da Juventude, Centro Cultural Vila Itoror\u00f3 e Centro Cultural Santo Amaro.<\/p>\n\n\n\n<h3 class=\"wp-block-heading\">Quais s\u00e3o os lugares culturais em S\u00e3o Paulo?&nbsp;<\/h3>\n\n\n\n<p>S\u00e3o Paulo conta com centros culturais, museus, teatros, casas de shows, bibliotecas, espa\u00e7os hist\u00f3ricos e culturais espalhados por todas as regi\u00f5es da cidade.<\/p>\n\n\n\n<h3 class=\"wp-block-heading\">Quantos centros culturais tem em S\u00e3o Paulo?&nbsp;<\/h3>\n\n\n\n<p>A cidade possui dezenas de centros culturais administrados pela Prefeitura, al\u00e9m de muitos outros espa\u00e7os culturais independentes e privados.<\/p>\n\n\n\n<h3 class=\"wp-block-heading\">Lugares culturais em SP s\u00e3o gratuitos?&nbsp;<\/h3>\n\n\n\n<p><strong>Sim<\/strong>. A maioria dos centros culturais municipais oferece programa\u00e7\u00e3o gratuita, incluindo exposi\u00e7\u00f5es, oficinas, apresenta\u00e7\u00f5es e atividades educativas.<\/p>\n\n\n<div class=\"wp-block-image\">\n<figure class=\"aligncenter size-large\"><a href=\"https:\/\/www.zimoveis.com.br\/buscar-imoveis\" target=\"_blank\" rel=\" noreferrer noopener\"><img loading=\"lazy\" decoding=\"async\" width=\"700\" height=\"87\" src=\"https:\/\/www.zimoveis.com.br\/blog\/wp-content\/uploads\/2024\/05\/banner-apt-sao-paulo-700x87.png\" alt=\"banner\" class=\"wp-image-1889\" srcset=\"https:\/\/www.zimoveis.com.br\/blog\/wp-content\/uploads\/2024\/05\/banner-apt-sao-paulo-700x87.png 700w, https:\/\/www.zimoveis.com.br\/blog\/wp-content\/uploads\/2024\/05\/banner-apt-sao-paulo-250x31.png 250w, https:\/\/www.zimoveis.com.br\/blog\/wp-content\/uploads\/2024\/05\/banner-apt-sao-paulo-120x15.png 120w, https:\/\/www.zimoveis.com.br\/blog\/wp-content\/uploads\/2024\/05\/banner-apt-sao-paulo.png 728w\" sizes=\"auto, (max-width: 700px) 100vw, 700px\" \/><\/a><\/figure><\/div>\n\n\n<p><\/p>\n\n\n\n<h2 class=\"wp-block-heading\">Conclus\u00e3o&nbsp;<\/h2>\n\n\n\n<p>Os centros culturais de S\u00e3o Paulo mostram como a cidade \u00e9 diversa, din\u00e2mica e cheia de possibilidades. Eles fortalecem a identidade dos bairros, promovem acesso \u00e0 cultura e tornam a experi\u00eancia de viver na capital ainda mais rica.&nbsp;<\/p>\n\n\n\n<p>Conhecer esses espa\u00e7os ajuda n\u00e3o s\u00f3 a aproveitar melhor a cidade, mas tamb\u00e9m a entender quais regi\u00f5es combinam mais com seu estilo de vida.<\/p>\n\n\n\n<p>Ao escolher onde morar, considerar a oferta cultural do entorno faz toda a diferen\u00e7a.&nbsp;<\/p>\n\n\n\n<p>Com a Zimmermann Im\u00f3veis, voc\u00ea conta com uma imobili\u00e1ria especializada, que entende S\u00e3o Paulo em profundidade e ajuda voc\u00ea a encontrar um im\u00f3vel alinhado \u00e0s suas necessidades, aos seus objetivos e \u00e0 forma como voc\u00ea quer viver a cidade.<\/p>\n","protected":false},"excerpt":{"rendered":"<p>Descubra os principais centros culturais de S\u00e3o Paulo, com op\u00e7\u00f5es gratuitas, programa\u00e7\u00e3o diversa e espa\u00e7os espalhados por toda a cidade.<\/p>\n","protected":false},"author":6,"featured_media":3617,"comment_status":"open","ping_status":"open","sticky":false,"template":"","format":"standard","meta":{"footnotes":""},"categories":[2],"tags":[],"class_list":["post-3614","post","type-post","status-publish","format-standard","has-post-thumbnail","hentry","category-dicas"],"yoast_head":"<!-- This site is optimized with the Yoast SEO plugin v22.9 - https:\/\/yoast.com\/wordpress\/plugins\/seo\/ -->\n<title>Centros culturais de S\u00e3o Paulo: conhe\u00e7a os principais espa\u00e7os da cidade<\/title>\n<meta name=\"description\" content=\"Descubra os principais centros culturais de S\u00e3o Paulo, com op\u00e7\u00f5es gratuitas, programa\u00e7\u00e3o diversa e espa\u00e7os espalhados por toda a cidade.\" \/>\n<meta name=\"robots\" content=\"index, follow, max-snippet:-1, max-image-preview:large, max-video-preview:-1\" \/>\n<link rel=\"canonical\" href=\"https:\/\/www.zimoveis.com.br\/blog\/dicas\/centros-culturais-sao-paulo\/\" \/>\n<meta property=\"og:locale\" content=\"pt_BR\" \/>\n<meta property=\"og:type\" content=\"article\" \/>\n<meta property=\"og:title\" content=\"Centros culturais de S\u00e3o Paulo: conhe\u00e7a os principais espa\u00e7os da cidade\" \/>\n<meta property=\"og:description\" content=\"Descubra os principais centros culturais de S\u00e3o Paulo, com op\u00e7\u00f5es gratuitas, programa\u00e7\u00e3o diversa e espa\u00e7os espalhados por toda a cidade.\" \/>\n<meta property=\"og:url\" content=\"https:\/\/www.zimoveis.com.br\/blog\/dicas\/centros-culturais-sao-paulo\/\" \/>\n<meta property=\"og:site_name\" content=\"Blog Zimmermann Im\u00f3veis\" \/>\n<meta property=\"article:publisher\" content=\"https:\/\/www.facebook.com\/zimoveis.com.br\/\" \/>\n<meta property=\"article:published_time\" content=\"2026-01-09T21:12:00+00:00\" \/>\n<meta property=\"article:modified_time\" content=\"2026-03-30T19:17:05+00:00\" \/>\n<meta property=\"og:image\" content=\"https:\/\/www.zimoveis.com.br\/blog\/wp-content\/uploads\/2026\/01\/centros-culturais-de-sao-paulo.jpg\" \/>\n\t<meta property=\"og:image:width\" content=\"1024\" \/>\n\t<meta property=\"og:image:height\" content=\"576\" \/>\n\t<meta property=\"og:image:type\" content=\"image\/jpeg\" \/>\n<meta name=\"author\" content=\"Renato Zimmermann\" \/>\n<meta name=\"twitter:card\" content=\"summary_large_image\" \/>\n<meta name=\"twitter:label1\" content=\"Escrito por\" \/>\n\t<meta name=\"twitter:data1\" content=\"Renato Zimmermann\" \/>\n\t<meta name=\"twitter:label2\" content=\"Est. tempo de leitura\" \/>\n\t<meta name=\"twitter:data2\" content=\"9 minutos\" \/>\n<script type=\"application\/ld+json\" class=\"yoast-schema-graph\">{\"@context\":\"https:\/\/schema.org\",\"@graph\":[{\"@type\":\"Article\",\"@id\":\"https:\/\/www.zimoveis.com.br\/blog\/dicas\/centros-culturais-sao-paulo\/#article\",\"isPartOf\":{\"@id\":\"https:\/\/www.zimoveis.com.br\/blog\/dicas\/centros-culturais-sao-paulo\/\"},\"author\":{\"name\":\"Renato Zimmermann\",\"@id\":\"https:\/\/www.zimoveis.com.br\/blog\/#\/schema\/person\/2a603a2bfa39667369b9df4ce30ff018\"},\"headline\":\"Centros culturais de S\u00e3o Paulo: Conhe\u00e7a os principais\",\"datePublished\":\"2026-01-09T21:12:00+00:00\",\"dateModified\":\"2026-03-30T19:17:05+00:00\",\"mainEntityOfPage\":{\"@id\":\"https:\/\/www.zimoveis.com.br\/blog\/dicas\/centros-culturais-sao-paulo\/\"},\"wordCount\":1749,\"commentCount\":0,\"publisher\":{\"@id\":\"https:\/\/www.zimoveis.com.br\/blog\/#organization\"},\"image\":{\"@id\":\"https:\/\/www.zimoveis.com.br\/blog\/dicas\/centros-culturais-sao-paulo\/#primaryimage\"},\"thumbnailUrl\":\"https:\/\/www.zimoveis.com.br\/blog\/wp-content\/uploads\/2026\/01\/centros-culturais-de-sao-paulo.jpg\",\"articleSection\":[\"Dicas\"],\"inLanguage\":\"pt-BR\",\"potentialAction\":[{\"@type\":\"CommentAction\",\"name\":\"Comment\",\"target\":[\"https:\/\/www.zimoveis.com.br\/blog\/dicas\/centros-culturais-sao-paulo\/#respond\"]}]},{\"@type\":\"WebPage\",\"@id\":\"https:\/\/www.zimoveis.com.br\/blog\/dicas\/centros-culturais-sao-paulo\/\",\"url\":\"https:\/\/www.zimoveis.com.br\/blog\/dicas\/centros-culturais-sao-paulo\/\",\"name\":\"Centros culturais de S\u00e3o Paulo: conhe\u00e7a os principais espa\u00e7os da cidade\",\"isPartOf\":{\"@id\":\"https:\/\/www.zimoveis.com.br\/blog\/#website\"},\"primaryImageOfPage\":{\"@id\":\"https:\/\/www.zimoveis.com.br\/blog\/dicas\/centros-culturais-sao-paulo\/#primaryimage\"},\"image\":{\"@id\":\"https:\/\/www.zimoveis.com.br\/blog\/dicas\/centros-culturais-sao-paulo\/#primaryimage\"},\"thumbnailUrl\":\"https:\/\/www.zimoveis.com.br\/blog\/wp-content\/uploads\/2026\/01\/centros-culturais-de-sao-paulo.jpg\",\"datePublished\":\"2026-01-09T21:12:00+00:00\",\"dateModified\":\"2026-03-30T19:17:05+00:00\",\"description\":\"Descubra os principais centros culturais de S\u00e3o Paulo, com op\u00e7\u00f5es gratuitas, programa\u00e7\u00e3o diversa e espa\u00e7os espalhados por toda a cidade.\",\"breadcrumb\":{\"@id\":\"https:\/\/www.zimoveis.com.br\/blog\/dicas\/centros-culturais-sao-paulo\/#breadcrumb\"},\"inLanguage\":\"pt-BR\",\"potentialAction\":[{\"@type\":\"ReadAction\",\"target\":[\"https:\/\/www.zimoveis.com.br\/blog\/dicas\/centros-culturais-sao-paulo\/\"]}]},{\"@type\":\"ImageObject\",\"inLanguage\":\"pt-BR\",\"@id\":\"https:\/\/www.zimoveis.com.br\/blog\/dicas\/centros-culturais-sao-paulo\/#primaryimage\",\"url\":\"https:\/\/www.zimoveis.com.br\/blog\/wp-content\/uploads\/2026\/01\/centros-culturais-de-sao-paulo.jpg\",\"contentUrl\":\"https:\/\/www.zimoveis.com.br\/blog\/wp-content\/uploads\/2026\/01\/centros-culturais-de-sao-paulo.jpg\",\"width\":1024,\"height\":576,\"caption\":\"vista de pr\u00e9dios e centros culturais de S\u00e3o Paulo\"},{\"@type\":\"BreadcrumbList\",\"@id\":\"https:\/\/www.zimoveis.com.br\/blog\/dicas\/centros-culturais-sao-paulo\/#breadcrumb\",\"itemListElement\":[{\"@type\":\"ListItem\",\"position\":1,\"name\":\"Home\",\"item\":\"https:\/\/www.zimoveis.com.br\/blog\/\"},{\"@type\":\"ListItem\",\"position\":2,\"name\":\"Centros culturais de S\u00e3o Paulo: Conhe\u00e7a os principais\"}]},{\"@type\":\"WebSite\",\"@id\":\"https:\/\/www.zimoveis.com.br\/blog\/#website\",\"url\":\"https:\/\/www.zimoveis.com.br\/blog\/\",\"name\":\"Blog Zimmermann Im\u00f3veis\",\"description\":\"Artigos e Not\u00edcias sobre o Mercado Imobili\u00e1rio\",\"publisher\":{\"@id\":\"https:\/\/www.zimoveis.com.br\/blog\/#organization\"},\"potentialAction\":[{\"@type\":\"SearchAction\",\"target\":{\"@type\":\"EntryPoint\",\"urlTemplate\":\"https:\/\/www.zimoveis.com.br\/blog\/?s={search_term_string}\"},\"query-input\":\"required name=search_term_string\"}],\"inLanguage\":\"pt-BR\"},{\"@type\":\"Organization\",\"@id\":\"https:\/\/www.zimoveis.com.br\/blog\/#organization\",\"name\":\"Zimmermann Im\u00f3veis\",\"url\":\"https:\/\/www.zimoveis.com.br\/blog\/\",\"logo\":{\"@type\":\"ImageObject\",\"inLanguage\":\"pt-BR\",\"@id\":\"https:\/\/www.zimoveis.com.br\/blog\/#\/schema\/logo\/image\/\",\"url\":\"https:\/\/www.zimoveis.com.br\/blog\/wp-content\/uploads\/2022\/07\/Logo-Zimoveis-PSD-1.png\",\"contentUrl\":\"https:\/\/www.zimoveis.com.br\/blog\/wp-content\/uploads\/2022\/07\/Logo-Zimoveis-PSD-1.png\",\"width\":2977,\"height\":1727,\"caption\":\"Zimmermann Im\u00f3veis\"},\"image\":{\"@id\":\"https:\/\/www.zimoveis.com.br\/blog\/#\/schema\/logo\/image\/\"},\"sameAs\":[\"https:\/\/www.facebook.com\/zimoveis.com.br\/\",\"https:\/\/www.linkedin.com\/company\/zimmermann-imveis\/about\/\",\"https:\/\/www.instagram.com\/zimoveis\/\",\"https:\/\/www.youtube.com\/channel\/UCheuj0pESCyVf214X1QJ1dw\"]},{\"@type\":\"Person\",\"@id\":\"https:\/\/www.zimoveis.com.br\/blog\/#\/schema\/person\/2a603a2bfa39667369b9df4ce30ff018\",\"name\":\"Renato Zimmermann\",\"image\":{\"@type\":\"ImageObject\",\"inLanguage\":\"pt-BR\",\"@id\":\"https:\/\/www.zimoveis.com.br\/blog\/#\/schema\/person\/image\/\",\"url\":\"https:\/\/secure.gravatar.com\/avatar\/edad15e60f6cea78814a8ee71c2a700e?s=96&d=mm&r=g\",\"contentUrl\":\"https:\/\/secure.gravatar.com\/avatar\/edad15e60f6cea78814a8ee71c2a700e?s=96&d=mm&r=g\",\"caption\":\"Renato Zimmermann\"},\"description\":\"Renato Zimmermann possui uma carreira de mais de 30 anos no setor imobili\u00e1rio. Sua jornada como corretor de im\u00f3veis come\u00e7ou em 1980 (CRECI 35494F) e desde ent\u00e3o foi conquistando espa\u00e7o e confian\u00e7a do setor. Hoje, \u00e9 uma figura de destaque no mercado imobili\u00e1rio de S\u00e3o Paulo. Reconhecido como um grande conhecedor do mercado, Renato tem como um dos principais prazeres de vida o compartilhamento da sua vis\u00e3o sobre as tend\u00eancias e oportunidades do setor. Sua s\u00f3lida experi\u00eancia no mercado imobili\u00e1rio permite-o a ter as bases necess\u00e1rias para inovar com responsabilidade e vis\u00e3o estrat\u00e9gica. Fundador e CEO da Zimmermann Im\u00f3veis, \u00e9 seu profundo conhecimento e eterno aprendizado que o capacita a acompanhar e gerenciar diretamente todas as estrat\u00e9gias de neg\u00f3cios da imobili\u00e1ria que \u00e9 uma das refer\u00eancias em vendas em S\u00e3o Paulo. Al\u00e9m disso, outro ponto em que \u00e9 reconhecido \u00e9 de sua \u00e9tica, considerada inabal\u00e1vel. N\u00e3o \u00e9 raro ouvir sobre a firmeza da sua conduta. N\u00e3o por acaso, ao longo de todos esses anos, mesmo como investidor, nunca tenha ocorrido conflito de interesses com corretores parceiros do mercado. Essa integridade, juntamente com conhecimento e vis\u00e3o estrat\u00e9gica, preserva e mant\u00e9m seu nome como uma das grandes refer\u00eancias do mercado imobili\u00e1rio paulistano. Sua vasta experi\u00eancia abrange n\u00e3o apenas a avalia\u00e7\u00e3o e negocia\u00e7\u00f5es, mas tamb\u00e9m aspectos jur\u00eddicos do direito imobili\u00e1rio. Com um enfoque nas regi\u00f5es da zona Oeste e sul da cidade de S\u00e3o Paulo, Renato Zimmermann \u00e9 reconhecido tanto por sua compet\u00eancia em vendas, quanto por seu comprometimento com a satisfa\u00e7\u00e3o e sucesso de seus clientes e parceiros.\",\"url\":\"https:\/\/www.zimoveis.com.br\/blog\/author\/renato-zimmermann\/\"}]}<\/script>\n<!-- \/ Yoast SEO plugin. -->","yoast_head_json":{"title":"Centros culturais de S\u00e3o Paulo: conhe\u00e7a os principais espa\u00e7os da cidade","description":"Descubra os principais centros culturais de S\u00e3o Paulo, com op\u00e7\u00f5es gratuitas, programa\u00e7\u00e3o diversa e espa\u00e7os espalhados por toda a cidade.","robots":{"index":"index","follow":"follow","max-snippet":"max-snippet:-1","max-image-preview":"max-image-preview:large","max-video-preview":"max-video-preview:-1"},"canonical":"https:\/\/www.zimoveis.com.br\/blog\/dicas\/centros-culturais-sao-paulo\/","og_locale":"pt_BR","og_type":"article","og_title":"Centros culturais de S\u00e3o Paulo: conhe\u00e7a os principais espa\u00e7os da cidade","og_description":"Descubra os principais centros culturais de S\u00e3o Paulo, com op\u00e7\u00f5es gratuitas, programa\u00e7\u00e3o diversa e espa\u00e7os espalhados por toda a cidade.","og_url":"https:\/\/www.zimoveis.com.br\/blog\/dicas\/centros-culturais-sao-paulo\/","og_site_name":"Blog Zimmermann Im\u00f3veis","article_publisher":"https:\/\/www.facebook.com\/zimoveis.com.br\/","article_published_time":"2026-01-09T21:12:00+00:00","article_modified_time":"2026-03-30T19:17:05+00:00","og_image":[{"width":1024,"height":576,"url":"https:\/\/www.zimoveis.com.br\/blog\/wp-content\/uploads\/2026\/01\/centros-culturais-de-sao-paulo.jpg","type":"image\/jpeg"}],"author":"Renato Zimmermann","twitter_card":"summary_large_image","twitter_misc":{"Escrito por":"Renato Zimmermann","Est. tempo de leitura":"9 minutos"},"schema":{"@context":"https:\/\/schema.org","@graph":[{"@type":"Article","@id":"https:\/\/www.zimoveis.com.br\/blog\/dicas\/centros-culturais-sao-paulo\/#article","isPartOf":{"@id":"https:\/\/www.zimoveis.com.br\/blog\/dicas\/centros-culturais-sao-paulo\/"},"author":{"name":"Renato Zimmermann","@id":"https:\/\/www.zimoveis.com.br\/blog\/#\/schema\/person\/2a603a2bfa39667369b9df4ce30ff018"},"headline":"Centros culturais de S\u00e3o Paulo: Conhe\u00e7a os principais","datePublished":"2026-01-09T21:12:00+00:00","dateModified":"2026-03-30T19:17:05+00:00","mainEntityOfPage":{"@id":"https:\/\/www.zimoveis.com.br\/blog\/dicas\/centros-culturais-sao-paulo\/"},"wordCount":1749,"commentCount":0,"publisher":{"@id":"https:\/\/www.zimoveis.com.br\/blog\/#organization"},"image":{"@id":"https:\/\/www.zimoveis.com.br\/blog\/dicas\/centros-culturais-sao-paulo\/#primaryimage"},"thumbnailUrl":"https:\/\/www.zimoveis.com.br\/blog\/wp-content\/uploads\/2026\/01\/centros-culturais-de-sao-paulo.jpg","articleSection":["Dicas"],"inLanguage":"pt-BR","potentialAction":[{"@type":"CommentAction","name":"Comment","target":["https:\/\/www.zimoveis.com.br\/blog\/dicas\/centros-culturais-sao-paulo\/#respond"]}]},{"@type":"WebPage","@id":"https:\/\/www.zimoveis.com.br\/blog\/dicas\/centros-culturais-sao-paulo\/","url":"https:\/\/www.zimoveis.com.br\/blog\/dicas\/centros-culturais-sao-paulo\/","name":"Centros culturais de S\u00e3o Paulo: conhe\u00e7a os principais espa\u00e7os da cidade","isPartOf":{"@id":"https:\/\/www.zimoveis.com.br\/blog\/#website"},"primaryImageOfPage":{"@id":"https:\/\/www.zimoveis.com.br\/blog\/dicas\/centros-culturais-sao-paulo\/#primaryimage"},"image":{"@id":"https:\/\/www.zimoveis.com.br\/blog\/dicas\/centros-culturais-sao-paulo\/#primaryimage"},"thumbnailUrl":"https:\/\/www.zimoveis.com.br\/blog\/wp-content\/uploads\/2026\/01\/centros-culturais-de-sao-paulo.jpg","datePublished":"2026-01-09T21:12:00+00:00","dateModified":"2026-03-30T19:17:05+00:00","description":"Descubra os principais centros culturais de S\u00e3o Paulo, com op\u00e7\u00f5es gratuitas, programa\u00e7\u00e3o diversa e espa\u00e7os espalhados por toda a cidade.","breadcrumb":{"@id":"https:\/\/www.zimoveis.com.br\/blog\/dicas\/centros-culturais-sao-paulo\/#breadcrumb"},"inLanguage":"pt-BR","potentialAction":[{"@type":"ReadAction","target":["https:\/\/www.zimoveis.com.br\/blog\/dicas\/centros-culturais-sao-paulo\/"]}]},{"@type":"ImageObject","inLanguage":"pt-BR","@id":"https:\/\/www.zimoveis.com.br\/blog\/dicas\/centros-culturais-sao-paulo\/#primaryimage","url":"https:\/\/www.zimoveis.com.br\/blog\/wp-content\/uploads\/2026\/01\/centros-culturais-de-sao-paulo.jpg","contentUrl":"https:\/\/www.zimoveis.com.br\/blog\/wp-content\/uploads\/2026\/01\/centros-culturais-de-sao-paulo.jpg","width":1024,"height":576,"caption":"vista de pr\u00e9dios e centros culturais de S\u00e3o Paulo"},{"@type":"BreadcrumbList","@id":"https:\/\/www.zimoveis.com.br\/blog\/dicas\/centros-culturais-sao-paulo\/#breadcrumb","itemListElement":[{"@type":"ListItem","position":1,"name":"Home","item":"https:\/\/www.zimoveis.com.br\/blog\/"},{"@type":"ListItem","position":2,"name":"Centros culturais de S\u00e3o Paulo: Conhe\u00e7a os principais"}]},{"@type":"WebSite","@id":"https:\/\/www.zimoveis.com.br\/blog\/#website","url":"https:\/\/www.zimoveis.com.br\/blog\/","name":"Blog Zimmermann Im\u00f3veis","description":"Artigos e Not\u00edcias sobre o Mercado Imobili\u00e1rio","publisher":{"@id":"https:\/\/www.zimoveis.com.br\/blog\/#organization"},"potentialAction":[{"@type":"SearchAction","target":{"@type":"EntryPoint","urlTemplate":"https:\/\/www.zimoveis.com.br\/blog\/?s={search_term_string}"},"query-input":"required name=search_term_string"}],"inLanguage":"pt-BR"},{"@type":"Organization","@id":"https:\/\/www.zimoveis.com.br\/blog\/#organization","name":"Zimmermann Im\u00f3veis","url":"https:\/\/www.zimoveis.com.br\/blog\/","logo":{"@type":"ImageObject","inLanguage":"pt-BR","@id":"https:\/\/www.zimoveis.com.br\/blog\/#\/schema\/logo\/image\/","url":"https:\/\/www.zimoveis.com.br\/blog\/wp-content\/uploads\/2022\/07\/Logo-Zimoveis-PSD-1.png","contentUrl":"https:\/\/www.zimoveis.com.br\/blog\/wp-content\/uploads\/2022\/07\/Logo-Zimoveis-PSD-1.png","width":2977,"height":1727,"caption":"Zimmermann Im\u00f3veis"},"image":{"@id":"https:\/\/www.zimoveis.com.br\/blog\/#\/schema\/logo\/image\/"},"sameAs":["https:\/\/www.facebook.com\/zimoveis.com.br\/","https:\/\/www.linkedin.com\/company\/zimmermann-imveis\/about\/","https:\/\/www.instagram.com\/zimoveis\/","https:\/\/www.youtube.com\/channel\/UCheuj0pESCyVf214X1QJ1dw"]},{"@type":"Person","@id":"https:\/\/www.zimoveis.com.br\/blog\/#\/schema\/person\/2a603a2bfa39667369b9df4ce30ff018","name":"Renato Zimmermann","image":{"@type":"ImageObject","inLanguage":"pt-BR","@id":"https:\/\/www.zimoveis.com.br\/blog\/#\/schema\/person\/image\/","url":"https:\/\/secure.gravatar.com\/avatar\/edad15e60f6cea78814a8ee71c2a700e?s=96&d=mm&r=g","contentUrl":"https:\/\/secure.gravatar.com\/avatar\/edad15e60f6cea78814a8ee71c2a700e?s=96&d=mm&r=g","caption":"Renato Zimmermann"},"description":"Renato Zimmermann possui uma carreira de mais de 30 anos no setor imobili\u00e1rio. Sua jornada como corretor de im\u00f3veis come\u00e7ou em 1980 (CRECI 35494F) e desde ent\u00e3o foi conquistando espa\u00e7o e confian\u00e7a do setor. Hoje, \u00e9 uma figura de destaque no mercado imobili\u00e1rio de S\u00e3o Paulo. Reconhecido como um grande conhecedor do mercado, Renato tem como um dos principais prazeres de vida o compartilhamento da sua vis\u00e3o sobre as tend\u00eancias e oportunidades do setor. Sua s\u00f3lida experi\u00eancia no mercado imobili\u00e1rio permite-o a ter as bases necess\u00e1rias para inovar com responsabilidade e vis\u00e3o estrat\u00e9gica. Fundador e CEO da Zimmermann Im\u00f3veis, \u00e9 seu profundo conhecimento e eterno aprendizado que o capacita a acompanhar e gerenciar diretamente todas as estrat\u00e9gias de neg\u00f3cios da imobili\u00e1ria que \u00e9 uma das refer\u00eancias em vendas em S\u00e3o Paulo. Al\u00e9m disso, outro ponto em que \u00e9 reconhecido \u00e9 de sua \u00e9tica, considerada inabal\u00e1vel. N\u00e3o \u00e9 raro ouvir sobre a firmeza da sua conduta. N\u00e3o por acaso, ao longo de todos esses anos, mesmo como investidor, nunca tenha ocorrido conflito de interesses com corretores parceiros do mercado. Essa integridade, juntamente com conhecimento e vis\u00e3o estrat\u00e9gica, preserva e mant\u00e9m seu nome como uma das grandes refer\u00eancias do mercado imobili\u00e1rio paulistano. Sua vasta experi\u00eancia abrange n\u00e3o apenas a avalia\u00e7\u00e3o e negocia\u00e7\u00f5es, mas tamb\u00e9m aspectos jur\u00eddicos do direito imobili\u00e1rio. Com um enfoque nas regi\u00f5es da zona Oeste e sul da cidade de S\u00e3o Paulo, Renato Zimmermann \u00e9 reconhecido tanto por sua compet\u00eancia em vendas, quanto por seu comprometimento com a satisfa\u00e7\u00e3o e sucesso de seus clientes e parceiros.","url":"https:\/\/www.zimoveis.com.br\/blog\/author\/renato-zimmermann\/"}]}},"_links":{"self":[{"href":"https:\/\/www.zimoveis.com.br\/blog\/wp-json\/wp\/v2\/posts\/3614","targetHints":{"allow":["GET"]}}],"collection":[{"href":"https:\/\/www.zimoveis.com.br\/blog\/wp-json\/wp\/v2\/posts"}],"about":[{"href":"https:\/\/www.zimoveis.com.br\/blog\/wp-json\/wp\/v2\/types\/post"}],"author":[{"embeddable":true,"href":"https:\/\/www.zimoveis.com.br\/blog\/wp-json\/wp\/v2\/users\/6"}],"replies":[{"embeddable":true,"href":"https:\/\/www.zimoveis.com.br\/blog\/wp-json\/wp\/v2\/comments?post=3614"}],"version-history":[{"count":4,"href":"https:\/\/www.zimoveis.com.br\/blog\/wp-json\/wp\/v2\/posts\/3614\/revisions"}],"predecessor-version":[{"id":4061,"href":"https:\/\/www.zimoveis.com.br\/blog\/wp-json\/wp\/v2\/posts\/3614\/revisions\/4061"}],"wp:featuredmedia":[{"embeddable":true,"href":"https:\/\/www.zimoveis.com.br\/blog\/wp-json\/wp\/v2\/media\/3617"}],"wp:attachment":[{"href":"https:\/\/www.zimoveis.com.br\/blog\/wp-json\/wp\/v2\/media?parent=3614"}],"wp:term":[{"taxonomy":"category","embeddable":true,"href":"https:\/\/www.zimoveis.com.br\/blog\/wp-json\/wp\/v2\/categories?post=3614"},{"taxonomy":"post_tag","embeddable":true,"href":"https:\/\/www.zimoveis.com.br\/blog\/wp-json\/wp\/v2\/tags?post=3614"}],"curies":[{"name":"wp","href":"https:\/\/api.w.org\/{rel}","templated":true}]}}