{"id":3927,"date":"2026-03-12T17:24:47","date_gmt":"2026-03-12T20:24:47","guid":{"rendered":"https:\/\/www.zimoveis.com.br\/blog\/?p=3927"},"modified":"2026-04-14T15:31:48","modified_gmt":"2026-04-14T18:31:48","slug":"linha-verde-metro-sp","status":"publish","type":"post","link":"https:\/\/www.zimoveis.com.br\/blog\/dicas\/linha-verde-metro-sp\/","title":{"rendered":"Linha verde metr\u00f4 SP: esta\u00e7\u00f5es, mapa e projeto de expans\u00e3o"},"content":{"rendered":"\n<p>A linha verde do metr\u00f4 SP faz parte do trajeto de milhares de pessoas que tentam escapar do tr\u00e2nsito pesado todos os dias.&nbsp;<\/p>\n\n\n\n<p>Operada pelo Metr\u00f4 de S\u00e3o Paulo, a<strong> Linha 2-Verde<\/strong> atravessa regi\u00f5es estrat\u00e9gicas da capital e conecta bairros residenciais, centros de trabalho e \u00e1reas culturais.<\/p>\n\n\n\n<p>A expans\u00e3o do trajeto, com conclus\u00e3o prevista para 2028, deve trazer impactos ambientais importantes.<\/p>\n\n\n\n<p>Estimativas da Companhia do Metropolitano de S\u00e3o Paulo indicam economia anual superior a <strong>20 milh\u00f5es de litros de combust\u00edveis f\u00f3sseis<\/strong>.<\/p>\n\n\n\n<p>O projeto tamb\u00e9m contribui para a qualidade do ar. A expectativa \u00e9 reduzir <strong>mais de 40 mil toneladas de poluentes<\/strong> liberados na atmosfera todos os anos.<\/p>\n\n\n\n<p>A partir desse cen\u00e1rio, vale olhar mais de perto o que essa linha representa para a cidade. Continue lendo e descubra os efeitos da linha verde na mobilidade urbana de SP!<\/p>\n\n\n\n<p><strong>Leia tamb\u00e9m: <\/strong><a href=\"https:\/\/www.zimoveis.com.br\/blog\/bairros\/bairros-mais-quentes-sp\/\" target=\"_blank\" rel=\"noreferrer noopener\"><strong><span style=\"text-decoration: underline;\">Quais s\u00e3o os bairros mais quentes de S\u00e3o Paulo (e por qu\u00ea)?<\/span><\/strong><\/a><\/p>\n\n\n\n<p><\/p>\n\n\n<div class=\"wp-block-image\">\n<figure class=\"aligncenter size-large is-resized\"><a href=\"https:\/\/www.zimoveis.com.br\/buscar-imoveis\" target=\"_blank\" rel=\" noreferrer noopener\"><img loading=\"lazy\" decoding=\"async\" width=\"700\" height=\"87\" src=\"https:\/\/www.zimoveis.com.br\/blog\/wp-content\/uploads\/2024\/05\/banner-apt-sao-paulo-700x87.png\" alt=\"banner\" class=\"wp-image-1889\" style=\"width:700px;height:auto\" srcset=\"https:\/\/www.zimoveis.com.br\/blog\/wp-content\/uploads\/2024\/05\/banner-apt-sao-paulo-700x87.png 700w, https:\/\/www.zimoveis.com.br\/blog\/wp-content\/uploads\/2024\/05\/banner-apt-sao-paulo-250x31.png 250w, https:\/\/www.zimoveis.com.br\/blog\/wp-content\/uploads\/2024\/05\/banner-apt-sao-paulo-120x15.png 120w, https:\/\/www.zimoveis.com.br\/blog\/wp-content\/uploads\/2024\/05\/banner-apt-sao-paulo.png 728w\" sizes=\"auto, (max-width: 700px) 100vw, 700px\" \/><\/a><\/figure><\/div>\n\n\n<p><\/p>\n\n\n\n<h2 class=\"wp-block-heading\"><strong>O que \u00e9 a linha verde do metr\u00f4 em SP e qual sua import\u00e2ncia para a mobilidade?<\/strong><\/h2>\n\n\n\n<p>A linha verde do metr\u00f4 SP liga a zona oeste \u00e0 zona sudeste da capital e passa por \u00e1reas de grande circula\u00e7\u00e3o, como o corredor da<strong> <\/strong><a href=\"https:\/\/www.zimoveis.com.br\/blog\/bairros\/como-e-morar-na-avenida-paulista\/\" target=\"_blank\" rel=\"noreferrer noopener\"><strong><span style=\"text-decoration: underline;\">Avenida Paulista<\/span><\/strong><\/a>. Esse trajeto conecta regi\u00f5es residenciais, centros comerciais, universidades e hospitais.<\/p>\n\n\n\n<p>Em dias \u00fateis, <a href=\"https:\/\/mobilidade.estadao.com.br\/mobilidade-para-que\/sistema-sobre-trilhos-de-sp-saiba-qual-e-a-linha-que-transporta-mais-passageiros-por-dia\/#:~:text=Linha%202%2DVerde:%20Inaugura%C3%A7%C3%A3o:,%2DVermelha:%20Inaugura%C3%A7%C3%A3o:%201979.\" target=\"_blank\" rel=\"noreferrer noopener\"><strong><span style=\"text-decoration: underline;\">cerca de 704 mil pessoas utilizam a linha<\/span><\/strong><\/a> para ir ao trabalho, estudar ou acessar servi\u00e7os. Esse fluxo ajuda a aliviar corredores vi\u00e1rios muito movimentados e reduz a press\u00e3o sobre \u00f4nibus e autom\u00f3veis nas regi\u00f5es centrais.<\/p>\n\n\n\n<p><\/p>\n\n\n\n<h3 class=\"wp-block-heading\"><strong>Origem e evolu\u00e7\u00e3o da Linha 2 \u2013 Verde<\/strong><\/h3>\n\n\n\n<p>A hist\u00f3ria da linha verde do metr\u00f4 SP come\u00e7ou em <strong>1991<\/strong>, com a inaugura\u00e7\u00e3o do primeiro trecho entre <strong>Para\u00edso<\/strong>, <strong>Brigadeiro<\/strong> e <strong><a href=\"https:\/\/www.zimoveis.com.br\/blog\/bairros\/estacao-consolacao\/\" target=\"_blank\" rel=\"noreferrer noopener\"><span style=\"text-decoration: underline;\">Consol<\/span><\/a><\/strong><a href=\"https:\/\/www.zimoveis.com.br\/blog\/bairros\/estacao-consolacao\/\"><strong><span style=\"text-decoration: underline;\">a\u00e7\u00e3o<\/span><\/strong><\/a>. Esse in\u00edcio ampliou a cobertura do metr\u00f4 em uma \u00e1rea com grande circula\u00e7\u00e3o de trabalhadores e estudantes.<\/p>\n\n\n\n<p>Em <strong>1998<\/strong>, o trajeto chegou at\u00e9 a esta\u00e7\u00e3o Ana Rosa. Entre 1999 e 2006, o metr\u00f4 avan\u00e7ou em dire\u00e7\u00e3o \u00e0 zona oeste at\u00e9 a <a href=\"https:\/\/www.zimoveis.com.br\/indice\/todos\/todos\/todos\/todos\/vila-madalena\" target=\"_blank\" rel=\"noreferrer noopener\"><strong><span style=\"text-decoration: underline;\">Vila Madalena<\/span><\/strong><\/a>.<\/p>\n\n\n\n<p>J\u00e1 entre 2007 e 2010 ocorreu a amplia\u00e7\u00e3o para o lado leste, com a chegada \u00e0 esta\u00e7\u00e3o <a href=\"https:\/\/www.zimoveis.com.br\/indice\/todos\/todos\/todos\/todos\/vila-prudente\" target=\"_blank\" rel=\"noreferrer noopener\"><strong><span style=\"text-decoration: underline;\">Vila Prudente<\/span><\/strong><\/a>.<\/p>\n\n\n\n<p>Atualmente, obras de prolongamento seguem em andamento no sentido da <strong>Penha<\/strong>.<\/p>\n\n\n\n<p><\/p>\n\n\n\n<figure class=\"wp-block-image size-large\"><img loading=\"lazy\" decoding=\"async\" width=\"700\" height=\"470\" src=\"https:\/\/www.zimoveis.com.br\/blog\/wp-content\/uploads\/2026\/03\/origem-linha-verde-metro-700x470.jpg\" alt=\"Vista interna da plataforma da esta\u00e7\u00e3o Sacom\u00e3 da linha verde do metr\u00f4 SP. Passageiros com estilo de roupas dos anos 90 aguardam o trem.\" class=\"wp-image-3928\" srcset=\"https:\/\/www.zimoveis.com.br\/blog\/wp-content\/uploads\/2026\/03\/origem-linha-verde-metro-700x470.jpg 700w, https:\/\/www.zimoveis.com.br\/blog\/wp-content\/uploads\/2026\/03\/origem-linha-verde-metro-250x168.jpg 250w, https:\/\/www.zimoveis.com.br\/blog\/wp-content\/uploads\/2026\/03\/origem-linha-verde-metro-768x515.jpg 768w, https:\/\/www.zimoveis.com.br\/blog\/wp-content\/uploads\/2026\/03\/origem-linha-verde-metro-120x81.jpg 120w, https:\/\/www.zimoveis.com.br\/blog\/wp-content\/uploads\/2026\/03\/origem-linha-verde-metro-150x101.jpg 150w, https:\/\/www.zimoveis.com.br\/blog\/wp-content\/uploads\/2026\/03\/origem-linha-verde-metro.jpg 1024w\" sizes=\"auto, (max-width: 700px) 100vw, 700px\" \/><\/figure>\n\n\n\n<p><\/p>\n\n\n\n<h3 class=\"wp-block-heading\"><strong>Principais caracter\u00edsticas da linha<\/strong><\/h3>\n\n\n\n<p>A linha verde do metr\u00f4 SP tem cerca de <strong>14,7 quil\u00f4metros de extens\u00e3o<\/strong> e <strong>14 esta\u00e7\u00f5es em opera\u00e7\u00e3o<\/strong>.&nbsp;<\/p>\n\n\n\n<p>Outro aspecto importante envolve as conex\u00f5es com outras linhas do sistema metroferrovi\u00e1rio. Entre as principais integra\u00e7\u00f5es est\u00e3o:<\/p>\n\n\n\n<ul class=\"wp-block-list\">\n<li><strong>Linha 1 \u2013 Azul<\/strong>, na esta\u00e7\u00e3o <a href=\"https:\/\/www.zimoveis.com.br\/indice\/todos\/todos\/todos\/todos\/paraiso\" target=\"_blank\" rel=\"noreferrer noopener\"><strong><span style=\"text-decoration: underline;\">Para\u00ed<\/span><\/strong><\/a><a href=\"https:\/\/www.zimoveis.com.br\/indice\/todos\/todos\/todos\/todos\/paraiso\"><strong><span style=\"text-decoration: underline;\">so<\/span><\/strong><\/a><\/li>\n\n\n\n<li><strong>Linha 4 \u2013 Amarela<\/strong>, na conex\u00e3o Consola\u00e7\u00e3o\/Paulista<\/li>\n\n\n\n<li><strong>Linha 5 \u2013 Lil\u00e1s<\/strong>, na esta\u00e7\u00e3o <a href=\"https:\/\/www.zimoveis.com.br\/indice\/todos\/todos\/todos\/todos\/chacara-klabin\" target=\"_blank\" rel=\"noreferrer noopener\"><strong><span style=\"text-decoration: underline;\">Ch\u00e1cara Klabin<\/span><\/strong><\/a><\/li>\n\n\n\n<li><strong>Linha 15 \u2013 Prata (monotrilho)<\/strong>, na esta\u00e7\u00e3o Vila Prudente<\/li>\n<\/ul>\n\n\n\n<p><\/p>\n\n\n\n<h2 class=\"wp-block-heading\"><strong>Linha verde metr\u00f4 SP mapa: trajeto completo e esta\u00e7\u00f5es<\/strong><\/h2>\n\n\n\n<p>A seguir, est\u00e3o as esta\u00e7\u00f5es que comp\u00f5em a linha verde do metr\u00f4 SP, com uma breve descri\u00e7\u00e3o de localiza\u00e7\u00e3o e caracter\u00edsticas de cada parada.<\/p>\n\n\n\n<p><\/p>\n\n\n\n<h3 class=\"wp-block-heading\"><strong>Vila Madalena<\/strong><\/h3>\n\n\n\n<p>Terminal oeste da linha verde do metr\u00f4 SP. A esta\u00e7\u00e3o fica no bairro Vila Madalena, \u00e1rea conhecida por bares, centros culturais e intensa circula\u00e7\u00e3o noturna.<\/p>\n\n\n\n<p><\/p>\n\n\n\n<h3 class=\"wp-block-heading\"><strong>Sumar\u00e9<\/strong><\/h3>\n\n\n\n<p>Esta\u00e7\u00e3o localizada sobre um viaduto na regi\u00e3o de <a href=\"https:\/\/www.zimoveis.com.br\/indice\/todos\/todos\/todos\/todos\/perdizes\" target=\"_blank\" rel=\"noreferrer noopener\"><strong><span style=\"text-decoration: underline;\">Per<\/span><\/strong><\/a><a href=\"https:\/\/www.zimoveis.com.br\/indice\/todos\/todos\/todos\/todos\/perdizes\"><strong><span style=\"text-decoration: underline;\">dizes<\/span><\/strong><\/a> e Sumar\u00e9. A parada atende bairros residenciais e fica pr\u00f3xima a importantes vias da zona oeste.<\/p>\n\n\n\n<p><\/p>\n\n\n\n<h3 class=\"wp-block-heading\"><strong>Cl\u00ednicas<\/strong><\/h3>\n\n\n\n<p>Fica ao lado do complexo hospitalar do <strong>Hospital das Cl\u00ednicas<\/strong> e da <strong>Faculdade de Medicina da USP<\/strong>. Recebe grande fluxo di\u00e1rio de pacientes, estudantes e profissionais da \u00e1rea da sa\u00fade.<\/p>\n\n\n\n<p><\/p>\n\n\n\n<h3 class=\"wp-block-heading\"><strong>Consola\u00e7\u00e3o<\/strong><\/h3>\n\n\n\n<p>Esta\u00e7\u00e3o situada na regi\u00e3o da<strong> Avenida Paulista<\/strong>. Possui liga\u00e7\u00e3o com a esta\u00e7\u00e3o Paulista da <strong>Linha 4\u2013Amarela<\/strong>, o que facilita a conex\u00e3o entre diferentes \u00e1reas da cidade.<\/p>\n\n\n\n<p><\/p>\n\n\n\n<h3 class=\"wp-block-heading\"><strong>Trianon-Masp<\/strong><\/h3>\n\n\n\n<p>Parada localizada na Avenida Paulista, pr\u00f3xima ao <strong>Museu de Arte de S\u00e3o Paulo (MASP) <\/strong>e ao <strong>Parque Trianon<\/strong>. A <a href=\"https:\/\/www.zimoveis.com.br\/blog\/dicas\/estacao-trianon-masp\/\" target=\"_blank\" rel=\"noreferrer noopener\"><strong><span style=\"text-decoration: underline;\">esta\u00e7\u00e3o Trianon-Masp<\/span><\/strong><\/a> atende trabalhadores, turistas e frequentadores da regi\u00e3o.<\/p>\n\n\n\n<p><\/p>\n\n\n\n<h3 class=\"wp-block-heading\"><strong>Brigadeiro<\/strong><\/h3>\n\n\n\n<p>Tamb\u00e9m instalada na Avenida Paulista, atende edif\u00edcios comerciais, institui\u00e7\u00f5es culturais e centros educacionais da regi\u00e3o.<\/p>\n\n\n\n<p><\/p>\n\n\n\n<h3 class=\"wp-block-heading\"><strong>Para\u00edso<\/strong><\/h3>\n\n\n\n<p>Ponto de integra\u00e7\u00e3o entre a linha verde do metr\u00f4 SP e a <strong>Linha 1\u2013Azul<\/strong>. A esta\u00e7\u00e3o recebe passageiros vindos da zona norte e da regi\u00e3o central.<\/p>\n\n\n\n<p><\/p>\n\n\n\n<h3 class=\"wp-block-heading\"><strong>Ana Rosa<\/strong><\/h3>\n\n\n\n<p>Outra esta\u00e7\u00e3o de conex\u00e3o com a Linha 1\u2013Azul. Fica pr\u00f3xima aos<strong><a href=\"https:\/\/www.zimoveis.com.br\/blog\/bairros\/guia-de-bairros-conheca-vila-mariana-um-dos-bairros-mais-procurados-para-se-morar-em-sao-paulo\/\" target=\"_blank\" rel=\"noreferrer noopener\"> bairros Vila Mariana<\/a><\/strong> e <a href=\"https:\/\/www.zimoveis.com.br\/indice\/todos\/todos\/todos\/todos\/aclimacao\" target=\"_blank\" rel=\"noreferrer noopener\"><strong><span style=\"text-decoration: underline;\">Aclima\u00e7\u00e3o<\/span><\/strong><\/a>, \u00e1reas com forte presen\u00e7a residencial e educacional.<\/p>\n\n\n\n<p><\/p>\n\n\n\n<h3 class=\"wp-block-heading\"><strong>Ch\u00e1cara Klabin<\/strong><\/h3>\n\n\n\n<p>Esta\u00e7\u00e3o com liga\u00e7\u00e3o \u00e0<strong> Linha 5\u2013Lil\u00e1s<\/strong>. Localizada na zona sul, atende bairros como <a href=\"https:\/\/www.zimoveis.com.br\/indice\/todos\/todos\/todos\/todos\/vila-mariana\" target=\"_blank\" rel=\"noreferrer noopener\"><strong><span style=\"text-decoration: underline;\">Vila Mariana<\/span><\/strong><\/a> e Ch\u00e1cara Klabin.<\/p>\n\n\n\n<p><\/p>\n\n\n\n<h3 class=\"wp-block-heading\"><strong>Santos-Imigrantes<\/strong><\/h3>\n\n\n\n<p>Situada perto do <strong>Parque da Independ\u00eancia<\/strong> e de importantes avenidas da regi\u00e3o do <a href=\"https:\/\/www.zimoveis.com.br\/indice\/todos\/todos\/todos\/todos\/ipiranga\" target=\"_blank\" rel=\"noreferrer noopener\"><strong><span style=\"text-decoration: underline;\">Ipiranga<\/span><\/strong><\/a>. A esta\u00e7\u00e3o atende moradores e trabalhadores da zona sudeste.<\/p>\n\n\n\n<p><\/p>\n\n\n\n<h3 class=\"wp-block-heading\"><strong>Alto do Ipiranga<\/strong><\/h3>\n\n\n\n<p>Parada localizada em \u00e1rea residencial do bairro do Ipiranga. Recebe moradores e trabalhadores da regi\u00e3o.<\/p>\n\n\n\n<p><\/p>\n\n\n\n<h3 class=\"wp-block-heading\"><strong>Sacom\u00e3<\/strong><\/h3>\n\n\n\n<p>Esta\u00e7\u00e3o pr\u00f3xima ao Terminal <a href=\"https:\/\/www.zimoveis.com.br\/indice\/todos\/todos\/todos\/todos\/sacoma\" target=\"_blank\" rel=\"noreferrer noopener\"><strong><span style=\"text-decoration: underline;\">Sacom\u00e3<\/span><\/strong><\/a>, que concentra linhas de \u00f4nibus municipais e intermunicipais. A integra\u00e7\u00e3o amplia o acesso de passageiros da <a href=\"https:\/\/www.zimoveis.com.br\/blog\/bairros\/zona-sul-de-sao-paulo\/\" target=\"_blank\" rel=\"noreferrer noopener\"><strong><span style=\"text-decoration: underline;\">zona sul<\/span><\/strong><\/a>.<\/p>\n\n\n\n<p><\/p>\n\n\n\n<h3 class=\"wp-block-heading\"><strong>Tamanduate\u00ed<\/strong><\/h3>\n\n\n\n<p>Conecta a linha verde do metr\u00f4 SP \u00e0 <strong>Linha 10\u2013Turquesa<\/strong> da CPTM. A esta\u00e7\u00e3o fica pr\u00f3xima ao rio Tamanduate\u00ed e a \u00e1reas industriais e comerciais.<\/p>\n\n\n\n<p><\/p>\n\n\n\n<h3 class=\"wp-block-heading\"><strong>Vila Prudente<\/strong><\/h3>\n\n\n\n<p>Terminal leste da linha verde do metr\u00f4 SP. A esta\u00e7\u00e3o possui liga\u00e7\u00e3o com a<strong> Linha 15\u2013Prata<\/strong> do monotrilho, que segue em dire\u00e7\u00e3o aos bairros da zona leste.<\/p>\n\n\n\n<p><\/p>\n\n\n\n<figure class=\"wp-block-image size-large\"><img loading=\"lazy\" decoding=\"async\" width=\"700\" height=\"364\" src=\"https:\/\/www.zimoveis.com.br\/blog\/wp-content\/uploads\/2026\/03\/linha-verde-metro-mapa-700x364.jpg\" alt=\"Diagrama gr\u00e1fico mostrando a futura extens\u00e3o da linha verde metr\u00f4 SP. O mapa detalha o trajeto da Vila Prudente at\u00e9 a Penha, passando por esta\u00e7\u00f5es como Orfanato, An\u00e1lia Franco e Vila Formosa.\" class=\"wp-image-3929\" srcset=\"https:\/\/www.zimoveis.com.br\/blog\/wp-content\/uploads\/2026\/03\/linha-verde-metro-mapa-700x364.jpg 700w, https:\/\/www.zimoveis.com.br\/blog\/wp-content\/uploads\/2026\/03\/linha-verde-metro-mapa-250x130.jpg 250w, https:\/\/www.zimoveis.com.br\/blog\/wp-content\/uploads\/2026\/03\/linha-verde-metro-mapa-768x400.jpg 768w, https:\/\/www.zimoveis.com.br\/blog\/wp-content\/uploads\/2026\/03\/linha-verde-metro-mapa-120x62.jpg 120w, https:\/\/www.zimoveis.com.br\/blog\/wp-content\/uploads\/2026\/03\/linha-verde-metro-mapa-150x78.jpg 150w, https:\/\/www.zimoveis.com.br\/blog\/wp-content\/uploads\/2026\/03\/linha-verde-metro-mapa.jpg 1024w\" sizes=\"auto, (max-width: 700px) 100vw, 700px\" \/><\/figure>\n\n\n\n<p><\/p>\n\n\n\n<h2 class=\"wp-block-heading\"><strong>O que fazer perto das esta\u00e7\u00f5es da linha verde do metr\u00f4 SP?<\/strong><\/h2>\n\n\n\n<p>Quem desce nas esta\u00e7\u00f5es da <a href=\"https:\/\/www.metro.sp.gov.br\/obras\/linha-2-verde\/\" target=\"_blank\" rel=\"noreferrer noopener\"><strong><span style=\"text-decoration: underline;\">linha verde do metr\u00f4 SP<\/span><\/strong><\/a> encontra op\u00e7\u00f5es de lazer, cultura e servi\u00e7os a poucos minutos de caminhada. Ao longo das paradas, h\u00e1 <strong>museus<\/strong>, <strong>restaurantes<\/strong>, <strong>bares <\/strong>e <strong>\u00e1reas abertas<\/strong>.<\/p>\n\n\n\n<p>Entre as esta\u00e7\u00f5es mais movimentadas dessa linha est\u00e3o Consola\u00e7\u00e3o, Trianon-Masp, Brigadeiro, Ana Rosa e Vila Madalena.&nbsp;<\/p>\n\n\n\n<p>Cada uma delas d\u00e1 acesso direto a pontos conhecidos da capital. Isso cria um roteiro urbano que mistura <strong>cultura<\/strong>, <strong>gastronomia<\/strong> e <strong>espa\u00e7os ao ar livre<\/strong>.<\/p>\n\n\n\n<p><\/p>\n\n\n\n<h3 class=\"wp-block-heading\"><strong>Curtir atra\u00e7\u00f5es culturais e tur\u00edsticas<\/strong><\/h3>\n\n\n\n<p>Na esta\u00e7\u00e3o Trianon-Masp, a sa\u00edda j\u00e1 leva \u00e0 Avenida Paulista, um dos corredores culturais mais conhecidos da cidade.<\/p>\n\n\n\n<p><strong>Ali fica o MASP, com um acervo que re\u00fane obras de artistas europeus e brasileiros<\/strong>. A avenida tamb\u00e9m concentra centros culturais, livrarias e galerias.&nbsp;<\/p>\n\n\n\n<p>Aos domingos, o espa\u00e7o recebe feiras, apresenta\u00e7\u00f5es de rua e uma grande circula\u00e7\u00e3o de pedestres.<\/p>\n\n\n\n<p>Outra regi\u00e3o pr\u00f3xima da linha verde do metr\u00f4 SP inclui a esta\u00e7\u00e3o Brigadeiro.&nbsp;<\/p>\n\n\n\n<p>A poucos quarteir\u00f5es surgem espa\u00e7os culturais, cinemas e pr\u00e9dios hist\u00f3ricos que fazem parte da hist\u00f3ria da Paulista.&nbsp;<\/p>\n\n\n\n<p><\/p>\n\n\n\n<h3 class=\"wp-block-heading\"><strong>Degustar a gastronomia local<\/strong><\/h3>\n\n\n\n<p>A linha verde do metr\u00f4 SP tamb\u00e9m conecta bairros conhecidos pela comida e pela agita\u00e7\u00e3o noturna.&nbsp;<\/p>\n\n\n\n<p>A esta\u00e7\u00e3o Vila Madalena leva direto a uma das \u00e1reas mais frequentadas por quem procura <a href=\"https:\/\/www.zimoveis.com.br\/blog\/dicas\/melhores-bares-sao-paulo\/\" target=\"_blank\" rel=\"noreferrer noopener\"><strong><span style=\"text-decoration: underline;\">bares e restaurantes em S\u00e3o Paulo<\/span><\/strong><\/a>.<\/p>\n\n\n\n<p>A regi\u00e3o re\u00fane cozinhas variadas, desde<strong> pratos brasileiros<\/strong> at\u00e9 <strong>culin\u00e1ria internacional<\/strong>. Bares tradicionais dividem espa\u00e7o com restaurantes modernos e caf\u00e9s independentes.&nbsp;<\/p>\n\n\n\n<p>\u00c0 noite, as ruas ficam cheias e o movimento cresce nos fins de semana.<\/p>\n\n\n\n<p>A proximidade com a Avenida Paulista amplia a variedade de lanchonetes, cafeterias e casas especializadas em diferentes tipos de cozinha.<\/p>\n\n\n\n<p><\/p>\n\n\n\n<figure class=\"wp-block-image size-large\"><img loading=\"lazy\" decoding=\"async\" width=\"700\" height=\"470\" src=\"https:\/\/www.zimoveis.com.br\/blog\/wp-content\/uploads\/2026\/03\/linha-verde-metro-acessos-700x470.jpg\" alt=\"Fachada da esta\u00e7\u00e3o Vila Madalena, pertencente \u00e0 linha verde do metr\u00f4 SP, mostrando o fluxo de passageiros e o urbanismo da regi\u00e3o em um p\u00f4r do sol.\" class=\"wp-image-3930\" srcset=\"https:\/\/www.zimoveis.com.br\/blog\/wp-content\/uploads\/2026\/03\/linha-verde-metro-acessos-700x470.jpg 700w, https:\/\/www.zimoveis.com.br\/blog\/wp-content\/uploads\/2026\/03\/linha-verde-metro-acessos-250x168.jpg 250w, https:\/\/www.zimoveis.com.br\/blog\/wp-content\/uploads\/2026\/03\/linha-verde-metro-acessos-768x515.jpg 768w, https:\/\/www.zimoveis.com.br\/blog\/wp-content\/uploads\/2026\/03\/linha-verde-metro-acessos-120x81.jpg 120w, https:\/\/www.zimoveis.com.br\/blog\/wp-content\/uploads\/2026\/03\/linha-verde-metro-acessos-150x101.jpg 150w, https:\/\/www.zimoveis.com.br\/blog\/wp-content\/uploads\/2026\/03\/linha-verde-metro-acessos.jpg 1024w\" sizes=\"auto, (max-width: 700px) 100vw, 700px\" \/><\/figure>\n\n\n\n<p><\/p>\n\n\n\n<h3 class=\"wp-block-heading\"><strong>Visitar parques e espa\u00e7os ao ar livre<\/strong><\/h3>\n\n\n\n<p>A esta\u00e7\u00e3o Trianon-Masp fica ao lado do Parque Trianon, um dos <strong>poucos trechos de mata preservada na regi\u00e3o da Paulista<\/strong>.&nbsp;<\/p>\n\n\n\n<p>O local re\u00fane trilhas curtas, \u00e1rvores antigas e bancos espalhados pelo jardim.<\/p>\n\n\n\n<p>Outro ponto de descanso aparece pr\u00f3ximo da esta\u00e7\u00e3o Ana Rosa.&nbsp;<\/p>\n\n\n\n<p>A regi\u00e3o conecta bairros residenciais com pra\u00e7as e ruas arborizadas, usadas para caminhada e atividades ao ar livre.&nbsp;<\/p>\n\n\n\n<p><\/p>\n\n\n\n<h2 class=\"wp-block-heading\"><strong>Linha verde metr\u00f4 SP expans\u00e3o: obras e novos trechos<\/strong><\/h2>\n\n\n\n<p>A expans\u00e3o levar\u00e1 a Linha 2-Verde do metr\u00f4 at\u00e9 a Penha, na Zona Leste. O novo trecho cria conex\u00e3o direta com a Linha 3-Vermelha.&nbsp;<\/p>\n\n\n\n<p>O projeto inclui oito esta\u00e7\u00f5es: Orfanato, Santa Clara, An\u00e1lia Franco, Vila Formosa, Santa Isabel, Guilherme Giorgi, Aricanduva e Penha.&nbsp;<\/p>\n\n\n\n<p>Com a amplia\u00e7\u00e3o, essa linha passa a ter cerca de <strong>23 quil\u00f4metros de extens\u00e3o<\/strong>.&nbsp;<\/p>\n\n\n\n<p><\/p>\n\n\n\n<h3 class=\"wp-block-heading\"><strong>Avan\u00e7o das obras da linha verde do metr\u00f4 SP<\/strong><\/h3>\n\n\n\n<p>Segundo a <a href=\"https:\/\/www.agenciasp.sp.gov.br\/ampliacao-da-linha-2-verde-do-metro-ultrapassa-55-e-tem-metade-dos-tuneis-concluidos\/#:~:text=No%20ano%20de%202025%2C%20as,infraestrutura%20em%20execu%C3%A7%C3%A3o%20no%20Brasil.\" target=\"_blank\" rel=\"noreferrer noopener\"><strong><span style=\"text-decoration: underline;\">Ag\u00eancia Brasil<\/span><\/strong><\/a>, as obras da linha verde registraram<strong> 55,1% de avan\u00e7o em 2025<\/strong>.&nbsp;<\/p>\n\n\n\n<p>O planejamento do governo paulista prev\u00ea conclus\u00e3o do prolongamento at\u00e9 a Penha em <strong>2028<\/strong>. O projeto tamb\u00e9m inclui uma nova esta\u00e7\u00e3o da CPTM no bairro.<\/p>\n\n\n\n<p><strong>Acompanhe o v\u00eddeo e confira detalhes sobre a expans\u00e3o da linha verde do metr\u00f4 SP:<\/strong><\/p>\n\n\n\n<p><\/p>\n\n\n\n<figure class=\"wp-block-embed is-type-video is-provider-youtube wp-block-embed-youtube wp-embed-aspect-16-9 wp-has-aspect-ratio\"><div class=\"wp-block-embed__wrapper\">\n<iframe loading=\"lazy\" title=\"Metr\u00f4 de S\u00e3o Paulo inicia etapa de expans\u00e3o da linha 2-Verde | Primeiro Impacto (15\/05\/24)\" width=\"500\" height=\"281\" src=\"https:\/\/www.youtube.com\/embed\/6xORuBCFqBg?feature=oembed\" frameborder=\"0\" allow=\"accelerometer; autoplay; clipboard-write; encrypted-media; gyroscope; picture-in-picture; web-share\" referrerpolicy=\"strict-origin-when-cross-origin\" allowfullscreen><\/iframe>\n<\/div><\/figure>\n\n\n\n<p><\/p>\n\n\n\n<h2 class=\"wp-block-heading\"><strong>Como a linha verde influencia a valoriza\u00e7\u00e3o imobili\u00e1ria<\/strong><\/h2>\n\n\n\n<p>A proximidade da linha verde do metr\u00f4 costuma elevar o pre\u00e7o de im\u00f3veis em v\u00e1rios bairros de S\u00e3o Paulo.<\/p>\n\n\n\n<p><a href=\"https:\/\/blog.setin.com.br\/sp-acesso-facil-metro-valoriza-investimento\/#:~:text=leitura:%205%20min-,Os%20im%C3%B3veis%20em%20S%C3%A3o%20Paulo%20com%20f%C3%A1cil%20acesso,podem%20valorizar%20em%20at%C3%A9%2030%25.\" target=\"_blank\" rel=\"noreferrer noopener\"><strong><span style=\"text-decoration: underline;\">Estudos do mercado imobili\u00e1rio<\/span><\/strong><\/a> apontam que o metro quadrado de apartamentos pr\u00f3ximos \u00e0s esta\u00e7\u00f5es varia, em m\u00e9dia, <strong>entre 6% e 30% <\/strong>acima de \u00e1reas mais afastadas da rede metrovi\u00e1ria.<\/p>\n\n\n\n<p>Com a chegada do metr\u00f4, a regi\u00e3o costuma receber mais com\u00e9rcio, servi\u00e7os, pr\u00e9dios corporativos e novos empreendimentos residenciais. Esse movimento altera a din\u00e2mica dos bairros e refor\u00e7a o interesse por im\u00f3veis pr\u00f3ximos.<\/p>\n\n\n\n<p>O setor da constru\u00e7\u00e3o acompanha essa tend\u00eancia. Construtoras direcionam projetos para \u00e1reas com acesso ao metr\u00f4, incluindo empreendimentos populares e edif\u00edcios de m\u00e9dio e alto padr\u00e3o.&nbsp;<\/p>\n\n\n\n<h3 class=\"wp-block-heading\"><strong>Perfis de quem busca im\u00f3veis nas regi\u00f5es atendidas pela linha verde<\/strong><\/h3>\n\n\n\n<p>As regi\u00f5es atendidas pela linha verde do metr\u00f4 SP re\u00fanem diferentes perfis de moradores e investidores.&nbsp;<\/p>\n\n\n\n<p><strong>Estudantes<\/strong> procuram apartamentos menores pr\u00f3ximos a universidades e centros culturais, onde o metr\u00f4 facilita o deslocamento di\u00e1rio.<\/p>\n\n\n\n<p><strong>Profissionais<\/strong> que trabalham em \u00e1reas centrais tamb\u00e9m buscam im\u00f3veis perto das esta\u00e7\u00f5es. A proximidade do transporte reduz horas no tr\u00e2nsito e melhora a rotina de trabalho.<\/p>\n\n\n\n<p><strong>Fam\u00edlias<\/strong> analisam a presen\u00e7a de escolas, <a href=\"https:\/\/www.zimoveis.com.br\/blog\/dicas\/melhores-hospitais-sao-paulo\/\" target=\"_blank\" rel=\"noreferrer noopener\"><strong><span style=\"text-decoration: underline;\">hospitais<\/span><\/strong><\/a> e com\u00e9rcio no entorno. J\u00e1 investidores observam a liquidez do im\u00f3vel.&nbsp;<\/p>\n\n\n\n<p><\/p>\n\n\n\n<h2 class=\"wp-block-heading\"><strong>Vale a pena morar ou investir perto da linha verde do metr\u00f4 SP?<\/strong><\/h2>\n\n\n\n<p><strong>Sim. <\/strong>Morar ou investir perto da linha verde do metr\u00f4 SP costuma ser uma escolha estrat\u00e9gica. A regi\u00e3o facilita a rotina e mant\u00e9m bom potencial de valoriza\u00e7\u00e3o imobili\u00e1ria.<\/p>\n\n\n\n<p>Viver ou investir em bairros pr\u00f3ximos significa estar perto de uma infraestrutura urbana consolidada. A mobilidade fica mais simples. O acesso a servi\u00e7os essenciais tamb\u00e9m se torna mais r\u00e1pido.<\/p>\n\n\n\n<p>Esse cen\u00e1rio contribui para manter a procura por im\u00f3veis nessas \u00e1reas ao longo do tempo.<\/p>\n\n\n\n<p><strong>Quer entender melhor como o metr\u00f4 influencia o mercado imobili\u00e1rio em S\u00e3o Paulo? <\/strong><a href=\"https:\/\/www.zimoveis.com.br\/buscar-imoveis\" target=\"_blank\" rel=\"noreferrer noopener\"><strong><span style=\"text-decoration: underline;\">Conhe\u00e7a outros bairros com f\u00e1cil acesso \u00e0s est<\/span><\/strong><\/a><a href=\"https:\/\/www.zimoveis.com.br\/buscar-imoveis\"><strong><span style=\"text-decoration: underline;\">a\u00e7\u00f5es!<\/span><\/strong><\/a><\/p>\n\n\n\n<p><\/p>\n\n\n\n<h2 class=\"wp-block-heading\"><strong>Conclus\u00e3o<\/strong><\/h2>\n\n\n\n<p>A linha verde do metr\u00f4 SP conecta bairros importantes da capital e funciona como um dos principais eixos de mobilidade urbana da cidade.<\/p>\n\n\n\n<p>Ela atravessa regi\u00f5es com intensa circula\u00e7\u00e3o de pessoas, integra diferentes linhas do sistema metroferrovi\u00e1rio e facilita deslocamentos entre zonas estrat\u00e9gicas de S\u00e3o Paulo.&nbsp;<\/p>\n\n\n\n<p>Esse conjunto de conex\u00f5es encurta trajetos, reduz a depend\u00eancia do carro e amplia as alternativas de transporte para quem precisa cruzar a cidade diariamente.<\/p>\n\n\n\n<p>O avan\u00e7o das obras at\u00e9 a Penha deve ampliar ainda mais esse alcance, criando novas conex\u00f5es e fortalecendo o papel da linha no crescimento urbano e na din\u00e2mica imobili\u00e1ria.<\/p>\n\n\n\n<p>A <strong>Zimmermann Im\u00f3veis<\/strong> acompanha essa evolu\u00e7\u00e3o e entende como a infraestrutura de transporte influencia a escolha de um im\u00f3vel.&nbsp;<\/p>\n\n\n\n<p>O conhecimento sobre bairros atendidos pelo metr\u00f4 nos permite identificar \u00e1reas com<strong> boa liquidez<\/strong>, <strong>potencial de valoriza\u00e7\u00e3o<\/strong> e <strong>qualidade de vida <\/strong>para diferentes perfis de compradores.<\/p>\n\n\n\n<p><a href=\"https:\/\/www.zimoveis.com.br\/\" target=\"_blank\" rel=\"noreferrer noopener\"><strong><span style=\"text-decoration: underline;\">Veja as oportunidades de im\u00f3veis em regi\u00f5es estrat\u00e9gicas de SP no portf\u00f3lio da Zimmermann Im\u00f3veis!<\/span><\/strong><\/a><\/p>\n\n\n\n<p><\/p>\n","protected":false},"excerpt":{"rendered":"<p>A linha verde do metr\u00f4 SP faz parte do trajeto de milhares de pessoas que tentam escapar do tr\u00e2nsito pesado todos os dias.&nbsp; Operada pelo Metr\u00f4 de S\u00e3o Paulo, a Linha 2-Verde atravessa regi\u00f5es estrat\u00e9gicas da capital e conecta bairros residenciais, centros de trabalho e \u00e1reas culturais. A expans\u00e3o do trajeto, com conclus\u00e3o prevista para [&hellip;]<\/p>\n","protected":false},"author":6,"featured_media":3931,"comment_status":"open","ping_status":"open","sticky":false,"template":"","format":"standard","meta":{"footnotes":""},"categories":[2],"tags":[],"class_list":["post-3927","post","type-post","status-publish","format-standard","has-post-thumbnail","hentry","category-dicas"],"yoast_head":"<!-- This site is optimized with the Yoast SEO plugin v22.9 - https:\/\/yoast.com\/wordpress\/plugins\/seo\/ -->\n<title>Linha verde metr\u00f4 SP: mapa, esta\u00e7\u00f5es e expans\u00e3o at\u00e9 Penha<\/title>\n<meta name=\"description\" content=\"Veja trajeto, esta\u00e7\u00f5es e mapa da linha verde do metr\u00f4 SP. Entenda a expans\u00e3o at\u00e9 a Penha, os impactos na mobilidade e no mercado imobili\u00e1rio.\" \/>\n<meta name=\"robots\" content=\"index, follow, max-snippet:-1, max-image-preview:large, max-video-preview:-1\" \/>\n<link rel=\"canonical\" href=\"https:\/\/www.zimoveis.com.br\/blog\/dicas\/linha-verde-metro-sp\/\" \/>\n<meta property=\"og:locale\" content=\"pt_BR\" \/>\n<meta property=\"og:type\" content=\"article\" \/>\n<meta property=\"og:title\" content=\"Linha verde metr\u00f4 SP: mapa, esta\u00e7\u00f5es e expans\u00e3o at\u00e9 Penha\" \/>\n<meta property=\"og:description\" content=\"Veja trajeto, esta\u00e7\u00f5es e mapa da linha verde do metr\u00f4 SP. Entenda a expans\u00e3o at\u00e9 a Penha, os impactos na mobilidade e no mercado imobili\u00e1rio.\" \/>\n<meta property=\"og:url\" content=\"https:\/\/www.zimoveis.com.br\/blog\/dicas\/linha-verde-metro-sp\/\" \/>\n<meta property=\"og:site_name\" content=\"Blog Zimmermann Im\u00f3veis\" \/>\n<meta property=\"article:publisher\" content=\"https:\/\/www.facebook.com\/zimoveis.com.br\/\" \/>\n<meta property=\"article:published_time\" content=\"2026-03-12T20:24:47+00:00\" \/>\n<meta property=\"article:modified_time\" content=\"2026-04-14T18:31:48+00:00\" \/>\n<meta property=\"og:image\" content=\"https:\/\/www.zimoveis.com.br\/blog\/wp-content\/uploads\/2026\/03\/linha-verde-metro-sp.jpg\" \/>\n\t<meta property=\"og:image:width\" content=\"1024\" \/>\n\t<meta property=\"og:image:height\" content=\"687\" \/>\n\t<meta property=\"og:image:type\" content=\"image\/jpeg\" \/>\n<meta name=\"author\" content=\"Renato Zimmermann\" \/>\n<meta name=\"twitter:card\" content=\"summary_large_image\" \/>\n<meta name=\"twitter:label1\" content=\"Escrito por\" \/>\n\t<meta name=\"twitter:data1\" content=\"Renato Zimmermann\" \/>\n\t<meta name=\"twitter:label2\" content=\"Est. tempo de leitura\" \/>\n\t<meta name=\"twitter:data2\" content=\"11 minutos\" \/>\n<script type=\"application\/ld+json\" class=\"yoast-schema-graph\">{\"@context\":\"https:\/\/schema.org\",\"@graph\":[{\"@type\":\"Article\",\"@id\":\"https:\/\/www.zimoveis.com.br\/blog\/dicas\/linha-verde-metro-sp\/#article\",\"isPartOf\":{\"@id\":\"https:\/\/www.zimoveis.com.br\/blog\/dicas\/linha-verde-metro-sp\/\"},\"author\":{\"name\":\"Renato Zimmermann\",\"@id\":\"https:\/\/www.zimoveis.com.br\/blog\/#\/schema\/person\/2a603a2bfa39667369b9df4ce30ff018\"},\"headline\":\"Linha verde metr\u00f4 SP: esta\u00e7\u00f5es, mapa e projeto de expans\u00e3o\",\"datePublished\":\"2026-03-12T20:24:47+00:00\",\"dateModified\":\"2026-04-14T18:31:48+00:00\",\"mainEntityOfPage\":{\"@id\":\"https:\/\/www.zimoveis.com.br\/blog\/dicas\/linha-verde-metro-sp\/\"},\"wordCount\":1988,\"commentCount\":0,\"publisher\":{\"@id\":\"https:\/\/www.zimoveis.com.br\/blog\/#organization\"},\"image\":{\"@id\":\"https:\/\/www.zimoveis.com.br\/blog\/dicas\/linha-verde-metro-sp\/#primaryimage\"},\"thumbnailUrl\":\"https:\/\/www.zimoveis.com.br\/blog\/wp-content\/uploads\/2026\/03\/linha-verde-metro-sp.jpg\",\"articleSection\":[\"Dicas\"],\"inLanguage\":\"pt-BR\",\"potentialAction\":[{\"@type\":\"CommentAction\",\"name\":\"Comment\",\"target\":[\"https:\/\/www.zimoveis.com.br\/blog\/dicas\/linha-verde-metro-sp\/#respond\"]}]},{\"@type\":\"WebPage\",\"@id\":\"https:\/\/www.zimoveis.com.br\/blog\/dicas\/linha-verde-metro-sp\/\",\"url\":\"https:\/\/www.zimoveis.com.br\/blog\/dicas\/linha-verde-metro-sp\/\",\"name\":\"Linha verde metr\u00f4 SP: mapa, esta\u00e7\u00f5es e expans\u00e3o at\u00e9 Penha\",\"isPartOf\":{\"@id\":\"https:\/\/www.zimoveis.com.br\/blog\/#website\"},\"primaryImageOfPage\":{\"@id\":\"https:\/\/www.zimoveis.com.br\/blog\/dicas\/linha-verde-metro-sp\/#primaryimage\"},\"image\":{\"@id\":\"https:\/\/www.zimoveis.com.br\/blog\/dicas\/linha-verde-metro-sp\/#primaryimage\"},\"thumbnailUrl\":\"https:\/\/www.zimoveis.com.br\/blog\/wp-content\/uploads\/2026\/03\/linha-verde-metro-sp.jpg\",\"datePublished\":\"2026-03-12T20:24:47+00:00\",\"dateModified\":\"2026-04-14T18:31:48+00:00\",\"description\":\"Veja trajeto, esta\u00e7\u00f5es e mapa da linha verde do metr\u00f4 SP. Entenda a expans\u00e3o at\u00e9 a Penha, os impactos na mobilidade e no mercado imobili\u00e1rio.\",\"breadcrumb\":{\"@id\":\"https:\/\/www.zimoveis.com.br\/blog\/dicas\/linha-verde-metro-sp\/#breadcrumb\"},\"inLanguage\":\"pt-BR\",\"potentialAction\":[{\"@type\":\"ReadAction\",\"target\":[\"https:\/\/www.zimoveis.com.br\/blog\/dicas\/linha-verde-metro-sp\/\"]}]},{\"@type\":\"ImageObject\",\"inLanguage\":\"pt-BR\",\"@id\":\"https:\/\/www.zimoveis.com.br\/blog\/dicas\/linha-verde-metro-sp\/#primaryimage\",\"url\":\"https:\/\/www.zimoveis.com.br\/blog\/wp-content\/uploads\/2026\/03\/linha-verde-metro-sp.jpg\",\"contentUrl\":\"https:\/\/www.zimoveis.com.br\/blog\/wp-content\/uploads\/2026\/03\/linha-verde-metro-sp.jpg\",\"width\":1024,\"height\":687,\"caption\":\"Detalhe das portas de plataforma e sinaliza\u00e7\u00e3o de destino na esta\u00e7\u00e3o Penha, um importante ponto de conex\u00e3o da linha verde do metr\u00f4 SP na zona leste.\"},{\"@type\":\"BreadcrumbList\",\"@id\":\"https:\/\/www.zimoveis.com.br\/blog\/dicas\/linha-verde-metro-sp\/#breadcrumb\",\"itemListElement\":[{\"@type\":\"ListItem\",\"position\":1,\"name\":\"Home\",\"item\":\"https:\/\/www.zimoveis.com.br\/blog\/\"},{\"@type\":\"ListItem\",\"position\":2,\"name\":\"Linha verde metr\u00f4 SP: esta\u00e7\u00f5es, mapa e projeto de expans\u00e3o\"}]},{\"@type\":\"WebSite\",\"@id\":\"https:\/\/www.zimoveis.com.br\/blog\/#website\",\"url\":\"https:\/\/www.zimoveis.com.br\/blog\/\",\"name\":\"Blog Zimmermann Im\u00f3veis\",\"description\":\"Artigos e Not\u00edcias sobre o Mercado Imobili\u00e1rio\",\"publisher\":{\"@id\":\"https:\/\/www.zimoveis.com.br\/blog\/#organization\"},\"potentialAction\":[{\"@type\":\"SearchAction\",\"target\":{\"@type\":\"EntryPoint\",\"urlTemplate\":\"https:\/\/www.zimoveis.com.br\/blog\/?s={search_term_string}\"},\"query-input\":\"required name=search_term_string\"}],\"inLanguage\":\"pt-BR\"},{\"@type\":\"Organization\",\"@id\":\"https:\/\/www.zimoveis.com.br\/blog\/#organization\",\"name\":\"Zimmermann Im\u00f3veis\",\"url\":\"https:\/\/www.zimoveis.com.br\/blog\/\",\"logo\":{\"@type\":\"ImageObject\",\"inLanguage\":\"pt-BR\",\"@id\":\"https:\/\/www.zimoveis.com.br\/blog\/#\/schema\/logo\/image\/\",\"url\":\"https:\/\/www.zimoveis.com.br\/blog\/wp-content\/uploads\/2022\/07\/Logo-Zimoveis-PSD-1.png\",\"contentUrl\":\"https:\/\/www.zimoveis.com.br\/blog\/wp-content\/uploads\/2022\/07\/Logo-Zimoveis-PSD-1.png\",\"width\":2977,\"height\":1727,\"caption\":\"Zimmermann Im\u00f3veis\"},\"image\":{\"@id\":\"https:\/\/www.zimoveis.com.br\/blog\/#\/schema\/logo\/image\/\"},\"sameAs\":[\"https:\/\/www.facebook.com\/zimoveis.com.br\/\",\"https:\/\/www.linkedin.com\/company\/zimmermann-imveis\/about\/\",\"https:\/\/www.instagram.com\/zimoveis\/\",\"https:\/\/www.youtube.com\/channel\/UCheuj0pESCyVf214X1QJ1dw\"]},{\"@type\":\"Person\",\"@id\":\"https:\/\/www.zimoveis.com.br\/blog\/#\/schema\/person\/2a603a2bfa39667369b9df4ce30ff018\",\"name\":\"Renato Zimmermann\",\"image\":{\"@type\":\"ImageObject\",\"inLanguage\":\"pt-BR\",\"@id\":\"https:\/\/www.zimoveis.com.br\/blog\/#\/schema\/person\/image\/\",\"url\":\"https:\/\/secure.gravatar.com\/avatar\/edad15e60f6cea78814a8ee71c2a700e?s=96&d=mm&r=g\",\"contentUrl\":\"https:\/\/secure.gravatar.com\/avatar\/edad15e60f6cea78814a8ee71c2a700e?s=96&d=mm&r=g\",\"caption\":\"Renato Zimmermann\"},\"description\":\"Renato Zimmermann possui uma carreira de mais de 30 anos no setor imobili\u00e1rio. Sua jornada como corretor de im\u00f3veis come\u00e7ou em 1980 (CRECI 35494F) e desde ent\u00e3o foi conquistando espa\u00e7o e confian\u00e7a do setor. Hoje, \u00e9 uma figura de destaque no mercado imobili\u00e1rio de S\u00e3o Paulo. Reconhecido como um grande conhecedor do mercado, Renato tem como um dos principais prazeres de vida o compartilhamento da sua vis\u00e3o sobre as tend\u00eancias e oportunidades do setor. Sua s\u00f3lida experi\u00eancia no mercado imobili\u00e1rio permite-o a ter as bases necess\u00e1rias para inovar com responsabilidade e vis\u00e3o estrat\u00e9gica. Fundador e CEO da Zimmermann Im\u00f3veis, \u00e9 seu profundo conhecimento e eterno aprendizado que o capacita a acompanhar e gerenciar diretamente todas as estrat\u00e9gias de neg\u00f3cios da imobili\u00e1ria que \u00e9 uma das refer\u00eancias em vendas em S\u00e3o Paulo. Al\u00e9m disso, outro ponto em que \u00e9 reconhecido \u00e9 de sua \u00e9tica, considerada inabal\u00e1vel. N\u00e3o \u00e9 raro ouvir sobre a firmeza da sua conduta. N\u00e3o por acaso, ao longo de todos esses anos, mesmo como investidor, nunca tenha ocorrido conflito de interesses com corretores parceiros do mercado. Essa integridade, juntamente com conhecimento e vis\u00e3o estrat\u00e9gica, preserva e mant\u00e9m seu nome como uma das grandes refer\u00eancias do mercado imobili\u00e1rio paulistano. Sua vasta experi\u00eancia abrange n\u00e3o apenas a avalia\u00e7\u00e3o e negocia\u00e7\u00f5es, mas tamb\u00e9m aspectos jur\u00eddicos do direito imobili\u00e1rio. Com um enfoque nas regi\u00f5es da zona Oeste e sul da cidade de S\u00e3o Paulo, Renato Zimmermann \u00e9 reconhecido tanto por sua compet\u00eancia em vendas, quanto por seu comprometimento com a satisfa\u00e7\u00e3o e sucesso de seus clientes e parceiros.\",\"url\":\"https:\/\/www.zimoveis.com.br\/blog\/author\/renato-zimmermann\/\"}]}<\/script>\n<!-- \/ Yoast SEO plugin. -->","yoast_head_json":{"title":"Linha verde metr\u00f4 SP: mapa, esta\u00e7\u00f5es e expans\u00e3o at\u00e9 Penha","description":"Veja trajeto, esta\u00e7\u00f5es e mapa da linha verde do metr\u00f4 SP. Entenda a expans\u00e3o at\u00e9 a Penha, os impactos na mobilidade e no mercado imobili\u00e1rio.","robots":{"index":"index","follow":"follow","max-snippet":"max-snippet:-1","max-image-preview":"max-image-preview:large","max-video-preview":"max-video-preview:-1"},"canonical":"https:\/\/www.zimoveis.com.br\/blog\/dicas\/linha-verde-metro-sp\/","og_locale":"pt_BR","og_type":"article","og_title":"Linha verde metr\u00f4 SP: mapa, esta\u00e7\u00f5es e expans\u00e3o at\u00e9 Penha","og_description":"Veja trajeto, esta\u00e7\u00f5es e mapa da linha verde do metr\u00f4 SP. Entenda a expans\u00e3o at\u00e9 a Penha, os impactos na mobilidade e no mercado imobili\u00e1rio.","og_url":"https:\/\/www.zimoveis.com.br\/blog\/dicas\/linha-verde-metro-sp\/","og_site_name":"Blog Zimmermann Im\u00f3veis","article_publisher":"https:\/\/www.facebook.com\/zimoveis.com.br\/","article_published_time":"2026-03-12T20:24:47+00:00","article_modified_time":"2026-04-14T18:31:48+00:00","og_image":[{"width":1024,"height":687,"url":"https:\/\/www.zimoveis.com.br\/blog\/wp-content\/uploads\/2026\/03\/linha-verde-metro-sp.jpg","type":"image\/jpeg"}],"author":"Renato Zimmermann","twitter_card":"summary_large_image","twitter_misc":{"Escrito por":"Renato Zimmermann","Est. tempo de leitura":"11 minutos"},"schema":{"@context":"https:\/\/schema.org","@graph":[{"@type":"Article","@id":"https:\/\/www.zimoveis.com.br\/blog\/dicas\/linha-verde-metro-sp\/#article","isPartOf":{"@id":"https:\/\/www.zimoveis.com.br\/blog\/dicas\/linha-verde-metro-sp\/"},"author":{"name":"Renato Zimmermann","@id":"https:\/\/www.zimoveis.com.br\/blog\/#\/schema\/person\/2a603a2bfa39667369b9df4ce30ff018"},"headline":"Linha verde metr\u00f4 SP: esta\u00e7\u00f5es, mapa e projeto de expans\u00e3o","datePublished":"2026-03-12T20:24:47+00:00","dateModified":"2026-04-14T18:31:48+00:00","mainEntityOfPage":{"@id":"https:\/\/www.zimoveis.com.br\/blog\/dicas\/linha-verde-metro-sp\/"},"wordCount":1988,"commentCount":0,"publisher":{"@id":"https:\/\/www.zimoveis.com.br\/blog\/#organization"},"image":{"@id":"https:\/\/www.zimoveis.com.br\/blog\/dicas\/linha-verde-metro-sp\/#primaryimage"},"thumbnailUrl":"https:\/\/www.zimoveis.com.br\/blog\/wp-content\/uploads\/2026\/03\/linha-verde-metro-sp.jpg","articleSection":["Dicas"],"inLanguage":"pt-BR","potentialAction":[{"@type":"CommentAction","name":"Comment","target":["https:\/\/www.zimoveis.com.br\/blog\/dicas\/linha-verde-metro-sp\/#respond"]}]},{"@type":"WebPage","@id":"https:\/\/www.zimoveis.com.br\/blog\/dicas\/linha-verde-metro-sp\/","url":"https:\/\/www.zimoveis.com.br\/blog\/dicas\/linha-verde-metro-sp\/","name":"Linha verde metr\u00f4 SP: mapa, esta\u00e7\u00f5es e expans\u00e3o at\u00e9 Penha","isPartOf":{"@id":"https:\/\/www.zimoveis.com.br\/blog\/#website"},"primaryImageOfPage":{"@id":"https:\/\/www.zimoveis.com.br\/blog\/dicas\/linha-verde-metro-sp\/#primaryimage"},"image":{"@id":"https:\/\/www.zimoveis.com.br\/blog\/dicas\/linha-verde-metro-sp\/#primaryimage"},"thumbnailUrl":"https:\/\/www.zimoveis.com.br\/blog\/wp-content\/uploads\/2026\/03\/linha-verde-metro-sp.jpg","datePublished":"2026-03-12T20:24:47+00:00","dateModified":"2026-04-14T18:31:48+00:00","description":"Veja trajeto, esta\u00e7\u00f5es e mapa da linha verde do metr\u00f4 SP. Entenda a expans\u00e3o at\u00e9 a Penha, os impactos na mobilidade e no mercado imobili\u00e1rio.","breadcrumb":{"@id":"https:\/\/www.zimoveis.com.br\/blog\/dicas\/linha-verde-metro-sp\/#breadcrumb"},"inLanguage":"pt-BR","potentialAction":[{"@type":"ReadAction","target":["https:\/\/www.zimoveis.com.br\/blog\/dicas\/linha-verde-metro-sp\/"]}]},{"@type":"ImageObject","inLanguage":"pt-BR","@id":"https:\/\/www.zimoveis.com.br\/blog\/dicas\/linha-verde-metro-sp\/#primaryimage","url":"https:\/\/www.zimoveis.com.br\/blog\/wp-content\/uploads\/2026\/03\/linha-verde-metro-sp.jpg","contentUrl":"https:\/\/www.zimoveis.com.br\/blog\/wp-content\/uploads\/2026\/03\/linha-verde-metro-sp.jpg","width":1024,"height":687,"caption":"Detalhe das portas de plataforma e sinaliza\u00e7\u00e3o de destino na esta\u00e7\u00e3o Penha, um importante ponto de conex\u00e3o da linha verde do metr\u00f4 SP na zona leste."},{"@type":"BreadcrumbList","@id":"https:\/\/www.zimoveis.com.br\/blog\/dicas\/linha-verde-metro-sp\/#breadcrumb","itemListElement":[{"@type":"ListItem","position":1,"name":"Home","item":"https:\/\/www.zimoveis.com.br\/blog\/"},{"@type":"ListItem","position":2,"name":"Linha verde metr\u00f4 SP: esta\u00e7\u00f5es, mapa e projeto de expans\u00e3o"}]},{"@type":"WebSite","@id":"https:\/\/www.zimoveis.com.br\/blog\/#website","url":"https:\/\/www.zimoveis.com.br\/blog\/","name":"Blog Zimmermann Im\u00f3veis","description":"Artigos e Not\u00edcias sobre o Mercado Imobili\u00e1rio","publisher":{"@id":"https:\/\/www.zimoveis.com.br\/blog\/#organization"},"potentialAction":[{"@type":"SearchAction","target":{"@type":"EntryPoint","urlTemplate":"https:\/\/www.zimoveis.com.br\/blog\/?s={search_term_string}"},"query-input":"required name=search_term_string"}],"inLanguage":"pt-BR"},{"@type":"Organization","@id":"https:\/\/www.zimoveis.com.br\/blog\/#organization","name":"Zimmermann Im\u00f3veis","url":"https:\/\/www.zimoveis.com.br\/blog\/","logo":{"@type":"ImageObject","inLanguage":"pt-BR","@id":"https:\/\/www.zimoveis.com.br\/blog\/#\/schema\/logo\/image\/","url":"https:\/\/www.zimoveis.com.br\/blog\/wp-content\/uploads\/2022\/07\/Logo-Zimoveis-PSD-1.png","contentUrl":"https:\/\/www.zimoveis.com.br\/blog\/wp-content\/uploads\/2022\/07\/Logo-Zimoveis-PSD-1.png","width":2977,"height":1727,"caption":"Zimmermann Im\u00f3veis"},"image":{"@id":"https:\/\/www.zimoveis.com.br\/blog\/#\/schema\/logo\/image\/"},"sameAs":["https:\/\/www.facebook.com\/zimoveis.com.br\/","https:\/\/www.linkedin.com\/company\/zimmermann-imveis\/about\/","https:\/\/www.instagram.com\/zimoveis\/","https:\/\/www.youtube.com\/channel\/UCheuj0pESCyVf214X1QJ1dw"]},{"@type":"Person","@id":"https:\/\/www.zimoveis.com.br\/blog\/#\/schema\/person\/2a603a2bfa39667369b9df4ce30ff018","name":"Renato Zimmermann","image":{"@type":"ImageObject","inLanguage":"pt-BR","@id":"https:\/\/www.zimoveis.com.br\/blog\/#\/schema\/person\/image\/","url":"https:\/\/secure.gravatar.com\/avatar\/edad15e60f6cea78814a8ee71c2a700e?s=96&d=mm&r=g","contentUrl":"https:\/\/secure.gravatar.com\/avatar\/edad15e60f6cea78814a8ee71c2a700e?s=96&d=mm&r=g","caption":"Renato Zimmermann"},"description":"Renato Zimmermann possui uma carreira de mais de 30 anos no setor imobili\u00e1rio. Sua jornada como corretor de im\u00f3veis come\u00e7ou em 1980 (CRECI 35494F) e desde ent\u00e3o foi conquistando espa\u00e7o e confian\u00e7a do setor. Hoje, \u00e9 uma figura de destaque no mercado imobili\u00e1rio de S\u00e3o Paulo. Reconhecido como um grande conhecedor do mercado, Renato tem como um dos principais prazeres de vida o compartilhamento da sua vis\u00e3o sobre as tend\u00eancias e oportunidades do setor. Sua s\u00f3lida experi\u00eancia no mercado imobili\u00e1rio permite-o a ter as bases necess\u00e1rias para inovar com responsabilidade e vis\u00e3o estrat\u00e9gica. Fundador e CEO da Zimmermann Im\u00f3veis, \u00e9 seu profundo conhecimento e eterno aprendizado que o capacita a acompanhar e gerenciar diretamente todas as estrat\u00e9gias de neg\u00f3cios da imobili\u00e1ria que \u00e9 uma das refer\u00eancias em vendas em S\u00e3o Paulo. Al\u00e9m disso, outro ponto em que \u00e9 reconhecido \u00e9 de sua \u00e9tica, considerada inabal\u00e1vel. N\u00e3o \u00e9 raro ouvir sobre a firmeza da sua conduta. N\u00e3o por acaso, ao longo de todos esses anos, mesmo como investidor, nunca tenha ocorrido conflito de interesses com corretores parceiros do mercado. Essa integridade, juntamente com conhecimento e vis\u00e3o estrat\u00e9gica, preserva e mant\u00e9m seu nome como uma das grandes refer\u00eancias do mercado imobili\u00e1rio paulistano. Sua vasta experi\u00eancia abrange n\u00e3o apenas a avalia\u00e7\u00e3o e negocia\u00e7\u00f5es, mas tamb\u00e9m aspectos jur\u00eddicos do direito imobili\u00e1rio. Com um enfoque nas regi\u00f5es da zona Oeste e sul da cidade de S\u00e3o Paulo, Renato Zimmermann \u00e9 reconhecido tanto por sua compet\u00eancia em vendas, quanto por seu comprometimento com a satisfa\u00e7\u00e3o e sucesso de seus clientes e parceiros.","url":"https:\/\/www.zimoveis.com.br\/blog\/author\/renato-zimmermann\/"}]}},"_links":{"self":[{"href":"https:\/\/www.zimoveis.com.br\/blog\/wp-json\/wp\/v2\/posts\/3927","targetHints":{"allow":["GET"]}}],"collection":[{"href":"https:\/\/www.zimoveis.com.br\/blog\/wp-json\/wp\/v2\/posts"}],"about":[{"href":"https:\/\/www.zimoveis.com.br\/blog\/wp-json\/wp\/v2\/types\/post"}],"author":[{"embeddable":true,"href":"https:\/\/www.zimoveis.com.br\/blog\/wp-json\/wp\/v2\/users\/6"}],"replies":[{"embeddable":true,"href":"https:\/\/www.zimoveis.com.br\/blog\/wp-json\/wp\/v2\/comments?post=3927"}],"version-history":[{"count":3,"href":"https:\/\/www.zimoveis.com.br\/blog\/wp-json\/wp\/v2\/posts\/3927\/revisions"}],"predecessor-version":[{"id":4159,"href":"https:\/\/www.zimoveis.com.br\/blog\/wp-json\/wp\/v2\/posts\/3927\/revisions\/4159"}],"wp:featuredmedia":[{"embeddable":true,"href":"https:\/\/www.zimoveis.com.br\/blog\/wp-json\/wp\/v2\/media\/3931"}],"wp:attachment":[{"href":"https:\/\/www.zimoveis.com.br\/blog\/wp-json\/wp\/v2\/media?parent=3927"}],"wp:term":[{"taxonomy":"category","embeddable":true,"href":"https:\/\/www.zimoveis.com.br\/blog\/wp-json\/wp\/v2\/categories?post=3927"},{"taxonomy":"post_tag","embeddable":true,"href":"https:\/\/www.zimoveis.com.br\/blog\/wp-json\/wp\/v2\/tags?post=3927"}],"curies":[{"name":"wp","href":"https:\/\/api.w.org\/{rel}","templated":true}]}}