{"id":3947,"date":"2026-03-11T11:41:00","date_gmt":"2026-03-11T14:41:00","guid":{"rendered":"https:\/\/www.zimoveis.com.br\/blog\/?p=3947"},"modified":"2026-03-12T23:52:18","modified_gmt":"2026-03-13T02:52:18","slug":"reforma-para-valorizar-imovel","status":"publish","type":"post","link":"https:\/\/www.zimoveis.com.br\/blog\/dicas\/reforma-para-valorizar-imovel\/","title":{"rendered":"Reforma para valorizar im\u00f3vel: o que aumenta o valor da propriedade"},"content":{"rendered":"\n<p>Reforma para valorizar im\u00f3vel aumenta o pre\u00e7o de venda ou s\u00f3 vira mais um gasto antes de anunciar? Vale a pena investir em obra ou \u00e9 melhor vender do jeito que est\u00e1?&nbsp;<\/p>\n\n\n\n<p>Muitos propriet\u00e1rios se fazem essas perguntas quando percebem que o mercado est\u00e1 cheio de op\u00e7\u00f5es semelhantes.&nbsp;<\/p>\n\n\n\n<p>Nesse cen\u00e1rio, pequenos detalhes de conserva\u00e7\u00e3o, funcionalidade e acabamento podem influenciar mais do que grandes interven\u00e7\u00f5es.<\/p>\n\n\n\n<p>\u00c9 justamente a\u00ed que surge a d\u00favida sobre quais mudan\u00e7as fazem sentido. Algumas melhorias ajudam o im\u00f3vel a se destacar e facilitam a negocia\u00e7\u00e3o. Outras passam quase despercebidas.&nbsp;<\/p>\n\n\n\n<p>Ao longo do artigo, voc\u00ea ver\u00e1 quais reformas costumam aumentar o valor do im\u00f3vel, quais raramente trazem retorno e como avaliar o custo-benef\u00edcio.&nbsp;<\/p>\n\n\n\n<p>Continue lendo e descubra como avaliar se uma reforma realmente vale a pena!<\/p>\n\n\n\n<p><strong>Leia tamb\u00e9m: <\/strong><a href=\"https:\/\/www.zimoveis.com.br\/blog\/mercado\/ia-em-casas-inteligentes\/\" target=\"_blank\" rel=\"noreferrer noopener\"><strong><span style=\"text-decoration: underline;\">IA em casas inteligentes: como ser\u00e1 a casa do futuro?<\/span><\/strong><\/a><\/p>\n\n\n<div class=\"wp-block-image\">\n<figure class=\"aligncenter size-large\"><a href=\"https:\/\/www.zimoveis.com.br\/buscar-imoveis\" target=\"_blank\" rel=\" noreferrer noopener\"><img loading=\"lazy\" decoding=\"async\" width=\"700\" height=\"87\" src=\"https:\/\/www.zimoveis.com.br\/blog\/wp-content\/uploads\/2024\/05\/banner-apt-sao-paulo-700x87.png\" alt=\"banner\" class=\"wp-image-1889\" srcset=\"https:\/\/www.zimoveis.com.br\/blog\/wp-content\/uploads\/2024\/05\/banner-apt-sao-paulo-700x87.png 700w, https:\/\/www.zimoveis.com.br\/blog\/wp-content\/uploads\/2024\/05\/banner-apt-sao-paulo-250x31.png 250w, https:\/\/www.zimoveis.com.br\/blog\/wp-content\/uploads\/2024\/05\/banner-apt-sao-paulo-120x15.png 120w, https:\/\/www.zimoveis.com.br\/blog\/wp-content\/uploads\/2024\/05\/banner-apt-sao-paulo.png 728w\" sizes=\"auto, (max-width: 700px) 100vw, 700px\" \/><\/a><\/figure><\/div>\n\n\n<p><\/p>\n\n\n\n<h2 class=\"wp-block-heading\"><strong>Reforma para valorizar im\u00f3vel: por que algumas melhorias aumentam o pre\u00e7o e outras n\u00e3o?<\/strong><\/h2>\n\n\n\n<p><strong>Quem compra, compara.<\/strong> Observa o estado de conserva\u00e7\u00e3o, a funcionalidade e o padr\u00e3o dos im\u00f3veis semelhantes.&nbsp;<\/p>\n\n\n\n<p>Quando a melhoria resolve um problema ou facilita o dia a dia, o valor tende a subir. Quando n\u00e3o resolve nada relevante, vira apenas custo.<\/p>\n\n\n\n<h3 class=\"wp-block-heading\"><strong>Reformas que costumam aumentar o valor do im\u00f3vel<\/strong><\/h3>\n\n\n\n<p>Algumas reformas t\u00eam impacto direto na decis\u00e3o de compra. Elas tornam o im\u00f3vel mais funcional e reduzem a necessidade de obras futuras, o que aumenta a percep\u00e7\u00e3o de valor.<\/p>\n\n\n\n<p><strong>Entre as reformas que costumam valorizar o im\u00f3vel, destacam-se:<\/strong><\/p>\n\n\n\n<ul class=\"wp-block-list\">\n<li><strong>Cozinha e banheiro atualizados:<\/strong> novos revestimentos, arm\u00e1rios planejados e eletrodom\u00e9sticos embutidos modernizam o ambiente e refor\u00e7am a sensa\u00e7\u00e3o de cuidado com o im\u00f3vel.<\/li>\n\n\n\n<li><strong>Atualiza\u00e7\u00e3o da parte el\u00e9trica e hidr\u00e1ulica:<\/strong> corrigir infiltra\u00e7\u00f5es e modernizar instala\u00e7\u00f5es reduz riscos e transmite mais seguran\u00e7a ao comprador.<\/li>\n\n\n\n<li><strong>Integra\u00e7\u00e3o de ambientes sociais:<\/strong> unir sala e cozinha ou ampliar \u00e1reas de conviv\u00eancia melhora a circula\u00e7\u00e3o e aumenta a funcionalidade.<\/li>\n\n\n\n<li><strong>Troca de pisos desgastados:<\/strong> revestimentos novos renovam o visual do im\u00f3vel e minimizam a impress\u00e3o de manuten\u00e7\u00e3o futura.<\/li>\n\n\n\n<li><strong>Pintura em cores neutras:<\/strong> deixa os ambientes vers\u00e1teis e facilita a adapta\u00e7\u00e3o a diferentes estilos de decora\u00e7\u00e3o.<\/li>\n<\/ul>\n\n\n\n<p><\/p>\n\n\n\n<h3 class=\"wp-block-heading\"><strong>Reformas que raramente aumentam o valor do im\u00f3vel<\/strong><\/h3>\n\n\n\n<p>Algumas reformas n\u00e3o geram valoriza\u00e7\u00e3o porque n\u00e3o conversam com o mercado. Quando a interven\u00e7\u00e3o \u00e9 muito espec\u00edfica ou ignora problemas estruturais, o comprador tende a considerar novos custos na negocia\u00e7\u00e3o.<\/p>\n\n\n\n<p><strong>Entre as reformas que raramente aumentam o valor do im\u00f3vel, est\u00e3o:<\/strong><\/p>\n\n\n\n<ul class=\"wp-block-list\">\n<li><strong>Personaliza\u00e7\u00f5es muito espec\u00edficas:<\/strong> paredes em cores fortes, layouts incomuns ou solu\u00e7\u00f5es muito particulares podem limitar o interesse do comprador.<\/li>\n\n\n\n<li><strong>Materiais de luxo em im\u00f3veis de padr\u00e3o m\u00e9dio:<\/strong> o investimento costuma superar o valor que o mercado paga por im\u00f3veis semelhantes.<\/li>\n\n\n\n<li><strong>Reformas focadas apenas na apar\u00eancia:<\/strong> pintura e decora\u00e7\u00e3o t\u00eam pouco impacto quando infiltra\u00e7\u00f5es ou fia\u00e7\u00e3o antiga continuam presentes.<\/li>\n\n\n\n<li><strong>Problemas estruturais n\u00e3o resolvidos:<\/strong> quando falhas hidr\u00e1ulicas ou el\u00e9tricas permanecem, o comprador tende a descontar esses custos na negocia\u00e7\u00e3o.<\/li>\n\n\n\n<li><strong>Acabamentos mal executados:<\/strong> marcenaria desalinhada ou materiais de baixa qualidade passam sensa\u00e7\u00e3o de improviso e afastam interessados.<\/li>\n<\/ul>\n\n\n\n<p><\/p>\n\n\n\n<figure class=\"wp-block-image size-large\"><img loading=\"lazy\" decoding=\"async\" width=\"700\" height=\"467\" src=\"https:\/\/www.zimoveis.com.br\/blog\/wp-content\/uploads\/2026\/03\/infografico-reforma-valorizar-imovel-700x467.jpg\" alt=\"Infogr\u00e1fico comparando reformas recomendadas e evitadas em uma reforma para valorizar im\u00f3vel.\" class=\"wp-image-3951\" srcset=\"https:\/\/www.zimoveis.com.br\/blog\/wp-content\/uploads\/2026\/03\/infografico-reforma-valorizar-imovel-700x467.jpg 700w, https:\/\/www.zimoveis.com.br\/blog\/wp-content\/uploads\/2026\/03\/infografico-reforma-valorizar-imovel-250x167.jpg 250w, https:\/\/www.zimoveis.com.br\/blog\/wp-content\/uploads\/2026\/03\/infografico-reforma-valorizar-imovel-768x512.jpg 768w, https:\/\/www.zimoveis.com.br\/blog\/wp-content\/uploads\/2026\/03\/infografico-reforma-valorizar-imovel-120x80.jpg 120w, https:\/\/www.zimoveis.com.br\/blog\/wp-content\/uploads\/2026\/03\/infografico-reforma-valorizar-imovel-150x100.jpg 150w, https:\/\/www.zimoveis.com.br\/blog\/wp-content\/uploads\/2026\/03\/infografico-reforma-valorizar-imovel.jpg 1024w\" sizes=\"auto, (max-width: 700px) 100vw, 700px\" \/><\/figure>\n\n\n\n<p><\/p>\n\n\n\n<h2 class=\"wp-block-heading\"><strong>O que compradores e inquilinos observam primeiro em uma reforma?<\/strong><\/h2>\n\n\n\n<p>Compradores e inquilinos formam a primeira impress\u00e3o do im\u00f3vel em poucos segundos. Nesse momento, o olhar recai sobre sinais vis\u00edveis de conserva\u00e7\u00e3o, organiza\u00e7\u00e3o e funcionalidade.&nbsp;<\/p>\n\n\n\n<p>Em uma reforma para <a href=\"https:\/\/www.zimoveis.com.br\/blog\/mercado\/quais-os-fatores-que-influenciam-na-valorizacao-de-um-imovel\/\" target=\"_blank\" rel=\"noreferrer noopener\"><strong><span style=\"text-decoration: underline;\">valorizar im\u00f3vel<\/span><\/strong><\/a>, esses detalhes influenciam diretamente o interesse inicial.<\/p>\n\n\n\n<p><strong>Os pontos que costumam receber mais aten\u00e7\u00e3o s\u00e3o:<\/strong><\/p>\n\n\n\n<ul class=\"wp-block-list\">\n<li><strong>Limpeza e cheiro do ambiente:<\/strong> espa\u00e7os limpos, ventilados e sem odores transmitem cuidado.<\/li>\n\n\n\n<li><strong>Pintura e estado das paredes:<\/strong> pintura nova, cores neutras e aus\u00eancia de manchas ou descascados melhoram a percep\u00e7\u00e3o do im\u00f3vel.<\/li>\n\n\n\n<li><strong>Pisos e revestimentos:<\/strong> estado do piso, rejuntes e acabamentos entram na avalia\u00e7\u00e3o logo no in\u00edcio da visita.<\/li>\n\n\n\n<li><strong>Cozinha funcional:<\/strong> bancadas, arm\u00e1rios e espa\u00e7o para eletrodom\u00e9sticos indicam se o ambiente atende \u00e0 rotina.<\/li>\n\n\n\n<li><strong>Banheiro atualizado:<\/strong> metais, lou\u00e7as e revestimentos recentes mudam rapidamente a leitura do espa\u00e7o.<\/li>\n\n\n\n<li><strong>Ilumina\u00e7\u00e3o natural e artificial:<\/strong> ambientes claros parecem maiores e mais agrad\u00e1veis.<\/li>\n\n\n\n<li><strong>Fachada e entrada do im\u00f3vel:<\/strong> a apar\u00eancia externa cria expectativa antes mesmo de entrar na casa.<\/li>\n\n\n\n<li><strong>Janelas e esquadrias:<\/strong> portas e janelas conservadas indicam manuten\u00e7\u00e3o recente.<\/li>\n\n\n\n<li><strong>Arm\u00e1rios e marcenaria:<\/strong> m\u00f3veis planejados em bom estado reduzem gastos futuros para o comprador ou inquilino.<\/li>\n\n\n\n<li><strong>Fluxo entre os ambientes:<\/strong> circula\u00e7\u00e3o l\u00f3gica entre os c\u00f4modos melhora a funcionalidade do im\u00f3vel.<\/li>\n<\/ul>\n\n\n\n<p><\/p>\n\n\n\n<p><strong>Fique por dentro<\/strong>: <a href=\"https:\/\/www.zimoveis.com.br\/blog\/dicas\/comprar-imovel-a-vista-ou-financiar\/\" target=\"_blank\" rel=\"noreferrer noopener\"><strong><span style=\"text-decoration: underline;\">Comprar im\u00f3vel \u00e0 vista ou financiar: o que \u00e9 melhor?<\/span><\/strong><\/a><\/p>\n\n\n\n<h3 class=\"wp-block-heading\"><strong>Diferen\u00e7a entre valoriza\u00e7\u00e3o real e valoriza\u00e7\u00e3o percebida<\/strong><\/h3>\n\n\n\n<p>A diferen\u00e7a entre valoriza\u00e7\u00e3o real e valoriza\u00e7\u00e3o percebida est\u00e1 no tipo de refer\u00eancia usada para definir o valor de um im\u00f3vel.&nbsp;<\/p>\n\n\n\n<p>A <strong>valoriza\u00e7\u00e3o real <\/strong>considera fatores mensur\u00e1veis: estado de conserva\u00e7\u00e3o, metragem, padr\u00e3o construtivo e custo das melhorias realizadas.&nbsp;<\/p>\n\n\n\n<p>Em uma reforma para valorizar im\u00f3vel, entram nessa conta itens como troca de instala\u00e7\u00f5es antigas, atualiza\u00e7\u00e3o de revestimentos ou corre\u00e7\u00e3o de problemas estruturais. S\u00e3o interven\u00e7\u00f5es que afetam o valor t\u00e9cnico da propriedade.<\/p>\n\n\n\n<p>J\u00e1 a <strong>valoriza\u00e7\u00e3o percebida <\/strong>passa pela impress\u00e3o que o im\u00f3vel causa. Ambientes iluminados, espa\u00e7os bem pensados e acabamento coerente com o padr\u00e3o do im\u00f3vel mudam a leitura de quem visita.&nbsp;<\/p>\n\n\n\n<h2 class=\"wp-block-heading\"><strong>Como priorizar uma reforma para valorizar im\u00f3vel antes de vender ou alugar<\/strong><\/h2>\n\n\n\n<p>Quando surge a ideia de reformar um im\u00f3vel antes de vender ou alugar, a primeira pergunta costuma ser:<strong> por onde come\u00e7ar?&nbsp;<\/strong><\/p>\n\n\n\n<p><strong>Uma reforma para valorizar im\u00f3vel precisa ser pensada com crit\u00e9rio.<\/strong> O objetivo n\u00e3o \u00e9 apenas melhorar o espa\u00e7o, mas torn\u00e1-lo mais competitivo no mercado.&nbsp;<\/p>\n\n\n\n<p>Para isso, tr\u00eas pontos orientam a decis\u00e3o:&nbsp;<\/p>\n\n\n\n<ul class=\"wp-block-list\">\n<li>Entender quem pode se interessar pelo im\u00f3vel;<\/li>\n\n\n\n<li>Observar como ele se posiciona em rela\u00e7\u00e3o a outros da regi\u00e3o;<\/li>\n\n\n\n<li>Avaliar se o custo da obra faz sentido diante do retorno esperado.<\/li>\n<\/ul>\n\n\n\n<p><\/p>\n\n\n\n<h3 class=\"wp-block-heading\"><strong>Avalie o perfil do comprador ou inquilino<\/strong><\/h3>\n\n\n\n<p>Antes de iniciar qualquer obra, reflita: <strong>quem tende a se interessar por esse im\u00f3vel?<\/strong><\/p>\n\n\n\n<p>Apartamentos menores, por exemplo, costumam atrair jovens ou casais sem filhos, que valorizam praticidade e ambientes integrados.&nbsp;<\/p>\n\n\n\n<p>J\u00e1 im\u00f3veis maiores podem chamar a aten\u00e7\u00e3o de fam\u00edlias, que priorizam funcionalidade e bom estado de conserva\u00e7\u00e3o.<\/p>\n\n\n\n<h3 class=\"wp-block-heading\"><strong>Fa\u00e7a uma compara\u00e7\u00e3o com im\u00f3veis equivalentes no mesmo bairro<\/strong><\/h3>\n\n\n\n<p>Quem est\u00e1 buscando um im\u00f3vel dificilmente analisa apenas uma op\u00e7\u00e3o. O mais comum \u00e9 comparar caracter\u00edsticas, estado de conserva\u00e7\u00e3o e pre\u00e7o entre im\u00f3veis semelhantes.<\/p>\n\n\n\n<p>Por isso, observar o padr\u00e3o das propriedades da mesma regi\u00e3o ajuda a entender o que o mercado j\u00e1 considera b\u00e1sico.&nbsp;<\/p>\n\n\n\n<h3 class=\"wp-block-heading\"><strong>Calcule o custo-benef\u00edcio da reforma<\/strong><\/h3>\n\n\n\n<p>Outro ponto importante \u00e9 avaliar se o investimento na obra tem<strong> potencial de retorno<\/strong>.&nbsp;<\/p>\n\n\n\n<p>Por exemplo: trocar revestimentos antigos do banheiro ou atualizar a pintura costuma ter custo moderado e melhora a percep\u00e7\u00e3o de conserva\u00e7\u00e3o do im\u00f3vel.&nbsp;<\/p>\n\n\n\n<p>J\u00e1 mudan\u00e7as estruturais complexas, como alterar a planta ou ampliar \u00e1reas, exigem um investimento alto e nem sempre se refletem no pre\u00e7o final de venda ou loca\u00e7\u00e3o.<\/p>\n\n\n\n<p>Ao analisar o custo-benef\u00edcio com aten\u00e7\u00e3o, a reforma para valorizar im\u00f3vel prioriza mudan\u00e7as que <strong>aumentam a atratividade do espa\u00e7o<\/strong>. Tudo isso sem demandar gastos desproporcionais.<\/p>\n\n\n\n<figure class=\"wp-block-image size-large\"><img loading=\"lazy\" decoding=\"async\" width=\"700\" height=\"467\" src=\"https:\/\/www.zimoveis.com.br\/blog\/wp-content\/uploads\/2026\/03\/reforma-valorizacao-imovel-700x467.jpg\" alt=\"Profissionais realizam obra interna durante reforma para valorizar im\u00f3vel, com ajustes el\u00e9tricos e estruturais.\" class=\"wp-image-3952\" srcset=\"https:\/\/www.zimoveis.com.br\/blog\/wp-content\/uploads\/2026\/03\/reforma-valorizacao-imovel-700x467.jpg 700w, https:\/\/www.zimoveis.com.br\/blog\/wp-content\/uploads\/2026\/03\/reforma-valorizacao-imovel-250x167.jpg 250w, https:\/\/www.zimoveis.com.br\/blog\/wp-content\/uploads\/2026\/03\/reforma-valorizacao-imovel-768x512.jpg 768w, https:\/\/www.zimoveis.com.br\/blog\/wp-content\/uploads\/2026\/03\/reforma-valorizacao-imovel-120x80.jpg 120w, https:\/\/www.zimoveis.com.br\/blog\/wp-content\/uploads\/2026\/03\/reforma-valorizacao-imovel-150x100.jpg 150w, https:\/\/www.zimoveis.com.br\/blog\/wp-content\/uploads\/2026\/03\/reforma-valorizacao-imovel.jpg 1024w\" sizes=\"auto, (max-width: 700px) 100vw, 700px\" \/><\/figure>\n\n\n\n<p><\/p>\n\n\n\n<h2 class=\"wp-block-heading\"><strong>Vale a pena fazer reforma para valorizar im\u00f3vel antes da venda?<\/strong><\/h2>\n\n\n\n<p><strong>Sim<\/strong>, desde que a reforma para valorizar im\u00f3vel foque em melhorias pontuais que deixem o espa\u00e7o mais apresent\u00e1vel e funcional.&nbsp;<\/p>\n\n\n\n<p>Pintura neutra, conserto de infiltra\u00e7\u00f5es, revis\u00e3o el\u00e9trica ou hidr\u00e1ulica e atualiza\u00e7\u00e3o de cozinha ou banheiro auxiliam na negocia\u00e7\u00e3o e aceleram a <a href=\"https:\/\/www.zimoveis.com.br\/blog\/mercado\/contrato-de-compra-e-venda-de-imovel\/\" target=\"_blank\" rel=\"noreferrer noopener\"><strong><span style=\"text-decoration: underline;\">venda<\/span><\/strong><\/a>.<\/p>\n\n\n\n<p class=\"has-text-align-center\"><strong>Pensando em fazer uma reforma para valorizar o im\u00f3vel antes de vender ou alugar? <\/strong><a href=\"https:\/\/www.zimoveis.com.br\/buscar-imoveis\" target=\"_blank\" rel=\"noreferrer noopener\"><strong><span style=\"text-decoration: underline;\">Conhe\u00e7a os empreendimentos da Zimmermann e veja como projetos bem planejados mant\u00eam valor e atratividade ao longo do tempo!<\/span><\/strong><\/a><\/p>\n\n\n\n<h2 class=\"wp-block-heading\"><strong>Conclus\u00e3o<\/strong><\/h2>\n\n\n\n<p>Fazer uma reforma para valorizar im\u00f3vel pode ser uma boa estrat\u00e9gia quando as melhorias s\u00e3o pensadas com crit\u00e9rio. Ao longo do texto, vimos que pequenas interven\u00e7\u00f5es costumam ter mais impacto do que grandes obras.&nbsp;<\/p>\n\n\n\n<p>Tamb\u00e9m ficou claro que nem toda mudan\u00e7a traz retorno. Reformas muito personalizadas, materiais muito acima do padr\u00e3o do im\u00f3vel ou obras estruturais complexas tendem a aumentar o custo sem refletir no pre\u00e7o final.&nbsp;<\/p>\n\n\n\n<p>Por isso, antes de reformar, observe o perfil de quem pode <a href=\"https:\/\/www.zimoveis.com.br\/blog\/dicas\/alugar-ou-comprar-um-imovel\/\" target=\"_blank\" rel=\"noreferrer noopener\"><strong><span style=\"text-decoration: underline;\">alugar ou comprar<\/span><\/strong><\/a>, compare o im\u00f3vel com outros da regi\u00e3o e analise se o investimento faz sentido.<\/p>\n\n\n\n<p>A<strong> Zimmermann Im\u00f3veis<\/strong> trabalha com essa vis\u00e3o desde o in\u00edcio de cada projeto. Isso faz diferen\u00e7a para quem compra, investe ou pensa no im\u00f3vel como patrim\u00f4nio de longo prazo.\u00a0No fim das contas, quando um projeto \u00e9 bem concebido, o im\u00f3vel continua competitivo mesmo com o passar do tempo. <a href=\"https:\/\/www.zimoveis.com.br\/\" target=\"_blank\" rel=\"noreferrer noopener\"><strong><span style=\"text-decoration: underline;\">Confira o que reservamos para voc\u00ea!<\/span><\/strong><\/a><\/p>\n","protected":false},"excerpt":{"rendered":"<p>Saiba quando a reforma para valorizar im\u00f3vel compensa. Veja quais melhorias aumentam o valor da propriedade e quais raramente trazem retorno.<\/p>\n","protected":false},"author":6,"featured_media":3953,"comment_status":"open","ping_status":"open","sticky":false,"template":"","format":"standard","meta":{"footnotes":""},"categories":[2],"tags":[],"class_list":["post-3947","post","type-post","status-publish","format-standard","has-post-thumbnail","hentry","category-dicas"],"yoast_head":"<!-- This site is optimized with the Yoast SEO plugin v22.9 - https:\/\/yoast.com\/wordpress\/plugins\/seo\/ -->\n<title>Reforma para valorizar im\u00f3vel: o que realmente agrega valor<\/title>\n<meta name=\"description\" content=\"Saiba quando a reforma para valorizar im\u00f3vel compensa. Veja quais melhorias aumentam o valor da propriedade e quais raramente trazem retorno.\" \/>\n<meta name=\"robots\" content=\"index, follow, max-snippet:-1, max-image-preview:large, max-video-preview:-1\" \/>\n<link rel=\"canonical\" href=\"https:\/\/www.zimoveis.com.br\/blog\/dicas\/reforma-para-valorizar-imovel\/\" \/>\n<meta property=\"og:locale\" content=\"pt_BR\" \/>\n<meta property=\"og:type\" content=\"article\" \/>\n<meta property=\"og:title\" content=\"Reforma para valorizar im\u00f3vel: o que realmente agrega valor\" \/>\n<meta property=\"og:description\" content=\"Saiba quando a reforma para valorizar im\u00f3vel compensa. Veja quais melhorias aumentam o valor da propriedade e quais raramente trazem retorno.\" \/>\n<meta property=\"og:url\" content=\"https:\/\/www.zimoveis.com.br\/blog\/dicas\/reforma-para-valorizar-imovel\/\" \/>\n<meta property=\"og:site_name\" content=\"Blog Zimmermann Im\u00f3veis\" \/>\n<meta property=\"article:publisher\" content=\"https:\/\/www.facebook.com\/zimoveis.com.br\/\" \/>\n<meta property=\"article:published_time\" content=\"2026-03-11T14:41:00+00:00\" \/>\n<meta property=\"article:modified_time\" content=\"2026-03-13T02:52:18+00:00\" \/>\n<meta property=\"og:image\" content=\"https:\/\/www.zimoveis.com.br\/blog\/wp-content\/uploads\/2026\/03\/reforma-para-valorizar-imovel.jpg\" \/>\n\t<meta property=\"og:image:width\" content=\"1024\" \/>\n\t<meta property=\"og:image:height\" content=\"683\" \/>\n\t<meta property=\"og:image:type\" content=\"image\/jpeg\" \/>\n<meta name=\"author\" content=\"Renato Zimmermann\" \/>\n<meta name=\"twitter:card\" content=\"summary_large_image\" \/>\n<meta name=\"twitter:label1\" content=\"Escrito por\" \/>\n\t<meta name=\"twitter:data1\" content=\"Renato Zimmermann\" \/>\n\t<meta name=\"twitter:label2\" content=\"Est. tempo de leitura\" \/>\n\t<meta name=\"twitter:data2\" content=\"9 minutos\" \/>\n<script type=\"application\/ld+json\" class=\"yoast-schema-graph\">{\"@context\":\"https:\/\/schema.org\",\"@graph\":[{\"@type\":\"Article\",\"@id\":\"https:\/\/www.zimoveis.com.br\/blog\/dicas\/reforma-para-valorizar-imovel\/#article\",\"isPartOf\":{\"@id\":\"https:\/\/www.zimoveis.com.br\/blog\/dicas\/reforma-para-valorizar-imovel\/\"},\"author\":{\"name\":\"Renato Zimmermann\",\"@id\":\"https:\/\/www.zimoveis.com.br\/blog\/#\/schema\/person\/2a603a2bfa39667369b9df4ce30ff018\"},\"headline\":\"Reforma para valorizar im\u00f3vel: o que aumenta o valor da propriedade\",\"datePublished\":\"2026-03-11T14:41:00+00:00\",\"dateModified\":\"2026-03-13T02:52:18+00:00\",\"mainEntityOfPage\":{\"@id\":\"https:\/\/www.zimoveis.com.br\/blog\/dicas\/reforma-para-valorizar-imovel\/\"},\"wordCount\":1560,\"commentCount\":0,\"publisher\":{\"@id\":\"https:\/\/www.zimoveis.com.br\/blog\/#organization\"},\"image\":{\"@id\":\"https:\/\/www.zimoveis.com.br\/blog\/dicas\/reforma-para-valorizar-imovel\/#primaryimage\"},\"thumbnailUrl\":\"https:\/\/www.zimoveis.com.br\/blog\/wp-content\/uploads\/2026\/03\/reforma-para-valorizar-imovel.jpg\",\"articleSection\":[\"Dicas\"],\"inLanguage\":\"pt-BR\",\"potentialAction\":[{\"@type\":\"CommentAction\",\"name\":\"Comment\",\"target\":[\"https:\/\/www.zimoveis.com.br\/blog\/dicas\/reforma-para-valorizar-imovel\/#respond\"]}]},{\"@type\":\"WebPage\",\"@id\":\"https:\/\/www.zimoveis.com.br\/blog\/dicas\/reforma-para-valorizar-imovel\/\",\"url\":\"https:\/\/www.zimoveis.com.br\/blog\/dicas\/reforma-para-valorizar-imovel\/\",\"name\":\"Reforma para valorizar im\u00f3vel: o que realmente agrega valor\",\"isPartOf\":{\"@id\":\"https:\/\/www.zimoveis.com.br\/blog\/#website\"},\"primaryImageOfPage\":{\"@id\":\"https:\/\/www.zimoveis.com.br\/blog\/dicas\/reforma-para-valorizar-imovel\/#primaryimage\"},\"image\":{\"@id\":\"https:\/\/www.zimoveis.com.br\/blog\/dicas\/reforma-para-valorizar-imovel\/#primaryimage\"},\"thumbnailUrl\":\"https:\/\/www.zimoveis.com.br\/blog\/wp-content\/uploads\/2026\/03\/reforma-para-valorizar-imovel.jpg\",\"datePublished\":\"2026-03-11T14:41:00+00:00\",\"dateModified\":\"2026-03-13T02:52:18+00:00\",\"description\":\"Saiba quando a reforma para valorizar im\u00f3vel compensa. Veja quais melhorias aumentam o valor da propriedade e quais raramente trazem retorno.\",\"breadcrumb\":{\"@id\":\"https:\/\/www.zimoveis.com.br\/blog\/dicas\/reforma-para-valorizar-imovel\/#breadcrumb\"},\"inLanguage\":\"pt-BR\",\"potentialAction\":[{\"@type\":\"ReadAction\",\"target\":[\"https:\/\/www.zimoveis.com.br\/blog\/dicas\/reforma-para-valorizar-imovel\/\"]}]},{\"@type\":\"ImageObject\",\"inLanguage\":\"pt-BR\",\"@id\":\"https:\/\/www.zimoveis.com.br\/blog\/dicas\/reforma-para-valorizar-imovel\/#primaryimage\",\"url\":\"https:\/\/www.zimoveis.com.br\/blog\/wp-content\/uploads\/2026\/03\/reforma-para-valorizar-imovel.jpg\",\"contentUrl\":\"https:\/\/www.zimoveis.com.br\/blog\/wp-content\/uploads\/2026\/03\/reforma-para-valorizar-imovel.jpg\",\"width\":1024,\"height\":683,\"caption\":\"Dupla pinta parede durante reforma para valorizar im\u00f3vel com melhorias simples no interior da casa.\"},{\"@type\":\"BreadcrumbList\",\"@id\":\"https:\/\/www.zimoveis.com.br\/blog\/dicas\/reforma-para-valorizar-imovel\/#breadcrumb\",\"itemListElement\":[{\"@type\":\"ListItem\",\"position\":1,\"name\":\"Home\",\"item\":\"https:\/\/www.zimoveis.com.br\/blog\/\"},{\"@type\":\"ListItem\",\"position\":2,\"name\":\"Reforma para valorizar im\u00f3vel: o que aumenta o valor da propriedade\"}]},{\"@type\":\"WebSite\",\"@id\":\"https:\/\/www.zimoveis.com.br\/blog\/#website\",\"url\":\"https:\/\/www.zimoveis.com.br\/blog\/\",\"name\":\"Blog Zimmermann Im\u00f3veis\",\"description\":\"Artigos e Not\u00edcias sobre o Mercado Imobili\u00e1rio\",\"publisher\":{\"@id\":\"https:\/\/www.zimoveis.com.br\/blog\/#organization\"},\"potentialAction\":[{\"@type\":\"SearchAction\",\"target\":{\"@type\":\"EntryPoint\",\"urlTemplate\":\"https:\/\/www.zimoveis.com.br\/blog\/?s={search_term_string}\"},\"query-input\":\"required name=search_term_string\"}],\"inLanguage\":\"pt-BR\"},{\"@type\":\"Organization\",\"@id\":\"https:\/\/www.zimoveis.com.br\/blog\/#organization\",\"name\":\"Zimmermann Im\u00f3veis\",\"url\":\"https:\/\/www.zimoveis.com.br\/blog\/\",\"logo\":{\"@type\":\"ImageObject\",\"inLanguage\":\"pt-BR\",\"@id\":\"https:\/\/www.zimoveis.com.br\/blog\/#\/schema\/logo\/image\/\",\"url\":\"https:\/\/www.zimoveis.com.br\/blog\/wp-content\/uploads\/2022\/07\/Logo-Zimoveis-PSD-1.png\",\"contentUrl\":\"https:\/\/www.zimoveis.com.br\/blog\/wp-content\/uploads\/2022\/07\/Logo-Zimoveis-PSD-1.png\",\"width\":2977,\"height\":1727,\"caption\":\"Zimmermann Im\u00f3veis\"},\"image\":{\"@id\":\"https:\/\/www.zimoveis.com.br\/blog\/#\/schema\/logo\/image\/\"},\"sameAs\":[\"https:\/\/www.facebook.com\/zimoveis.com.br\/\",\"https:\/\/www.linkedin.com\/company\/zimmermann-imveis\/about\/\",\"https:\/\/www.instagram.com\/zimoveis\/\",\"https:\/\/www.youtube.com\/channel\/UCheuj0pESCyVf214X1QJ1dw\"]},{\"@type\":\"Person\",\"@id\":\"https:\/\/www.zimoveis.com.br\/blog\/#\/schema\/person\/2a603a2bfa39667369b9df4ce30ff018\",\"name\":\"Renato Zimmermann\",\"image\":{\"@type\":\"ImageObject\",\"inLanguage\":\"pt-BR\",\"@id\":\"https:\/\/www.zimoveis.com.br\/blog\/#\/schema\/person\/image\/\",\"url\":\"https:\/\/secure.gravatar.com\/avatar\/edad15e60f6cea78814a8ee71c2a700e?s=96&d=mm&r=g\",\"contentUrl\":\"https:\/\/secure.gravatar.com\/avatar\/edad15e60f6cea78814a8ee71c2a700e?s=96&d=mm&r=g\",\"caption\":\"Renato Zimmermann\"},\"description\":\"Renato Zimmermann possui uma carreira de mais de 30 anos no setor imobili\u00e1rio. Sua jornada como corretor de im\u00f3veis come\u00e7ou em 1980 (CRECI 35494F) e desde ent\u00e3o foi conquistando espa\u00e7o e confian\u00e7a do setor. Hoje, \u00e9 uma figura de destaque no mercado imobili\u00e1rio de S\u00e3o Paulo. Reconhecido como um grande conhecedor do mercado, Renato tem como um dos principais prazeres de vida o compartilhamento da sua vis\u00e3o sobre as tend\u00eancias e oportunidades do setor. Sua s\u00f3lida experi\u00eancia no mercado imobili\u00e1rio permite-o a ter as bases necess\u00e1rias para inovar com responsabilidade e vis\u00e3o estrat\u00e9gica. Fundador e CEO da Zimmermann Im\u00f3veis, \u00e9 seu profundo conhecimento e eterno aprendizado que o capacita a acompanhar e gerenciar diretamente todas as estrat\u00e9gias de neg\u00f3cios da imobili\u00e1ria que \u00e9 uma das refer\u00eancias em vendas em S\u00e3o Paulo. Al\u00e9m disso, outro ponto em que \u00e9 reconhecido \u00e9 de sua \u00e9tica, considerada inabal\u00e1vel. N\u00e3o \u00e9 raro ouvir sobre a firmeza da sua conduta. N\u00e3o por acaso, ao longo de todos esses anos, mesmo como investidor, nunca tenha ocorrido conflito de interesses com corretores parceiros do mercado. Essa integridade, juntamente com conhecimento e vis\u00e3o estrat\u00e9gica, preserva e mant\u00e9m seu nome como uma das grandes refer\u00eancias do mercado imobili\u00e1rio paulistano. Sua vasta experi\u00eancia abrange n\u00e3o apenas a avalia\u00e7\u00e3o e negocia\u00e7\u00f5es, mas tamb\u00e9m aspectos jur\u00eddicos do direito imobili\u00e1rio. Com um enfoque nas regi\u00f5es da zona Oeste e sul da cidade de S\u00e3o Paulo, Renato Zimmermann \u00e9 reconhecido tanto por sua compet\u00eancia em vendas, quanto por seu comprometimento com a satisfa\u00e7\u00e3o e sucesso de seus clientes e parceiros.\",\"url\":\"https:\/\/www.zimoveis.com.br\/blog\/author\/renato-zimmermann\/\"}]}<\/script>\n<!-- \/ Yoast SEO plugin. -->","yoast_head_json":{"title":"Reforma para valorizar im\u00f3vel: o que realmente agrega valor","description":"Saiba quando a reforma para valorizar im\u00f3vel compensa. Veja quais melhorias aumentam o valor da propriedade e quais raramente trazem retorno.","robots":{"index":"index","follow":"follow","max-snippet":"max-snippet:-1","max-image-preview":"max-image-preview:large","max-video-preview":"max-video-preview:-1"},"canonical":"https:\/\/www.zimoveis.com.br\/blog\/dicas\/reforma-para-valorizar-imovel\/","og_locale":"pt_BR","og_type":"article","og_title":"Reforma para valorizar im\u00f3vel: o que realmente agrega valor","og_description":"Saiba quando a reforma para valorizar im\u00f3vel compensa. Veja quais melhorias aumentam o valor da propriedade e quais raramente trazem retorno.","og_url":"https:\/\/www.zimoveis.com.br\/blog\/dicas\/reforma-para-valorizar-imovel\/","og_site_name":"Blog Zimmermann Im\u00f3veis","article_publisher":"https:\/\/www.facebook.com\/zimoveis.com.br\/","article_published_time":"2026-03-11T14:41:00+00:00","article_modified_time":"2026-03-13T02:52:18+00:00","og_image":[{"width":1024,"height":683,"url":"https:\/\/www.zimoveis.com.br\/blog\/wp-content\/uploads\/2026\/03\/reforma-para-valorizar-imovel.jpg","type":"image\/jpeg"}],"author":"Renato Zimmermann","twitter_card":"summary_large_image","twitter_misc":{"Escrito por":"Renato Zimmermann","Est. tempo de leitura":"9 minutos"},"schema":{"@context":"https:\/\/schema.org","@graph":[{"@type":"Article","@id":"https:\/\/www.zimoveis.com.br\/blog\/dicas\/reforma-para-valorizar-imovel\/#article","isPartOf":{"@id":"https:\/\/www.zimoveis.com.br\/blog\/dicas\/reforma-para-valorizar-imovel\/"},"author":{"name":"Renato Zimmermann","@id":"https:\/\/www.zimoveis.com.br\/blog\/#\/schema\/person\/2a603a2bfa39667369b9df4ce30ff018"},"headline":"Reforma para valorizar im\u00f3vel: o que aumenta o valor da propriedade","datePublished":"2026-03-11T14:41:00+00:00","dateModified":"2026-03-13T02:52:18+00:00","mainEntityOfPage":{"@id":"https:\/\/www.zimoveis.com.br\/blog\/dicas\/reforma-para-valorizar-imovel\/"},"wordCount":1560,"commentCount":0,"publisher":{"@id":"https:\/\/www.zimoveis.com.br\/blog\/#organization"},"image":{"@id":"https:\/\/www.zimoveis.com.br\/blog\/dicas\/reforma-para-valorizar-imovel\/#primaryimage"},"thumbnailUrl":"https:\/\/www.zimoveis.com.br\/blog\/wp-content\/uploads\/2026\/03\/reforma-para-valorizar-imovel.jpg","articleSection":["Dicas"],"inLanguage":"pt-BR","potentialAction":[{"@type":"CommentAction","name":"Comment","target":["https:\/\/www.zimoveis.com.br\/blog\/dicas\/reforma-para-valorizar-imovel\/#respond"]}]},{"@type":"WebPage","@id":"https:\/\/www.zimoveis.com.br\/blog\/dicas\/reforma-para-valorizar-imovel\/","url":"https:\/\/www.zimoveis.com.br\/blog\/dicas\/reforma-para-valorizar-imovel\/","name":"Reforma para valorizar im\u00f3vel: o que realmente agrega valor","isPartOf":{"@id":"https:\/\/www.zimoveis.com.br\/blog\/#website"},"primaryImageOfPage":{"@id":"https:\/\/www.zimoveis.com.br\/blog\/dicas\/reforma-para-valorizar-imovel\/#primaryimage"},"image":{"@id":"https:\/\/www.zimoveis.com.br\/blog\/dicas\/reforma-para-valorizar-imovel\/#primaryimage"},"thumbnailUrl":"https:\/\/www.zimoveis.com.br\/blog\/wp-content\/uploads\/2026\/03\/reforma-para-valorizar-imovel.jpg","datePublished":"2026-03-11T14:41:00+00:00","dateModified":"2026-03-13T02:52:18+00:00","description":"Saiba quando a reforma para valorizar im\u00f3vel compensa. Veja quais melhorias aumentam o valor da propriedade e quais raramente trazem retorno.","breadcrumb":{"@id":"https:\/\/www.zimoveis.com.br\/blog\/dicas\/reforma-para-valorizar-imovel\/#breadcrumb"},"inLanguage":"pt-BR","potentialAction":[{"@type":"ReadAction","target":["https:\/\/www.zimoveis.com.br\/blog\/dicas\/reforma-para-valorizar-imovel\/"]}]},{"@type":"ImageObject","inLanguage":"pt-BR","@id":"https:\/\/www.zimoveis.com.br\/blog\/dicas\/reforma-para-valorizar-imovel\/#primaryimage","url":"https:\/\/www.zimoveis.com.br\/blog\/wp-content\/uploads\/2026\/03\/reforma-para-valorizar-imovel.jpg","contentUrl":"https:\/\/www.zimoveis.com.br\/blog\/wp-content\/uploads\/2026\/03\/reforma-para-valorizar-imovel.jpg","width":1024,"height":683,"caption":"Dupla pinta parede durante reforma para valorizar im\u00f3vel com melhorias simples no interior da casa."},{"@type":"BreadcrumbList","@id":"https:\/\/www.zimoveis.com.br\/blog\/dicas\/reforma-para-valorizar-imovel\/#breadcrumb","itemListElement":[{"@type":"ListItem","position":1,"name":"Home","item":"https:\/\/www.zimoveis.com.br\/blog\/"},{"@type":"ListItem","position":2,"name":"Reforma para valorizar im\u00f3vel: o que aumenta o valor da propriedade"}]},{"@type":"WebSite","@id":"https:\/\/www.zimoveis.com.br\/blog\/#website","url":"https:\/\/www.zimoveis.com.br\/blog\/","name":"Blog Zimmermann Im\u00f3veis","description":"Artigos e Not\u00edcias sobre o Mercado Imobili\u00e1rio","publisher":{"@id":"https:\/\/www.zimoveis.com.br\/blog\/#organization"},"potentialAction":[{"@type":"SearchAction","target":{"@type":"EntryPoint","urlTemplate":"https:\/\/www.zimoveis.com.br\/blog\/?s={search_term_string}"},"query-input":"required name=search_term_string"}],"inLanguage":"pt-BR"},{"@type":"Organization","@id":"https:\/\/www.zimoveis.com.br\/blog\/#organization","name":"Zimmermann Im\u00f3veis","url":"https:\/\/www.zimoveis.com.br\/blog\/","logo":{"@type":"ImageObject","inLanguage":"pt-BR","@id":"https:\/\/www.zimoveis.com.br\/blog\/#\/schema\/logo\/image\/","url":"https:\/\/www.zimoveis.com.br\/blog\/wp-content\/uploads\/2022\/07\/Logo-Zimoveis-PSD-1.png","contentUrl":"https:\/\/www.zimoveis.com.br\/blog\/wp-content\/uploads\/2022\/07\/Logo-Zimoveis-PSD-1.png","width":2977,"height":1727,"caption":"Zimmermann Im\u00f3veis"},"image":{"@id":"https:\/\/www.zimoveis.com.br\/blog\/#\/schema\/logo\/image\/"},"sameAs":["https:\/\/www.facebook.com\/zimoveis.com.br\/","https:\/\/www.linkedin.com\/company\/zimmermann-imveis\/about\/","https:\/\/www.instagram.com\/zimoveis\/","https:\/\/www.youtube.com\/channel\/UCheuj0pESCyVf214X1QJ1dw"]},{"@type":"Person","@id":"https:\/\/www.zimoveis.com.br\/blog\/#\/schema\/person\/2a603a2bfa39667369b9df4ce30ff018","name":"Renato Zimmermann","image":{"@type":"ImageObject","inLanguage":"pt-BR","@id":"https:\/\/www.zimoveis.com.br\/blog\/#\/schema\/person\/image\/","url":"https:\/\/secure.gravatar.com\/avatar\/edad15e60f6cea78814a8ee71c2a700e?s=96&d=mm&r=g","contentUrl":"https:\/\/secure.gravatar.com\/avatar\/edad15e60f6cea78814a8ee71c2a700e?s=96&d=mm&r=g","caption":"Renato Zimmermann"},"description":"Renato Zimmermann possui uma carreira de mais de 30 anos no setor imobili\u00e1rio. Sua jornada como corretor de im\u00f3veis come\u00e7ou em 1980 (CRECI 35494F) e desde ent\u00e3o foi conquistando espa\u00e7o e confian\u00e7a do setor. Hoje, \u00e9 uma figura de destaque no mercado imobili\u00e1rio de S\u00e3o Paulo. Reconhecido como um grande conhecedor do mercado, Renato tem como um dos principais prazeres de vida o compartilhamento da sua vis\u00e3o sobre as tend\u00eancias e oportunidades do setor. Sua s\u00f3lida experi\u00eancia no mercado imobili\u00e1rio permite-o a ter as bases necess\u00e1rias para inovar com responsabilidade e vis\u00e3o estrat\u00e9gica. Fundador e CEO da Zimmermann Im\u00f3veis, \u00e9 seu profundo conhecimento e eterno aprendizado que o capacita a acompanhar e gerenciar diretamente todas as estrat\u00e9gias de neg\u00f3cios da imobili\u00e1ria que \u00e9 uma das refer\u00eancias em vendas em S\u00e3o Paulo. Al\u00e9m disso, outro ponto em que \u00e9 reconhecido \u00e9 de sua \u00e9tica, considerada inabal\u00e1vel. N\u00e3o \u00e9 raro ouvir sobre a firmeza da sua conduta. N\u00e3o por acaso, ao longo de todos esses anos, mesmo como investidor, nunca tenha ocorrido conflito de interesses com corretores parceiros do mercado. Essa integridade, juntamente com conhecimento e vis\u00e3o estrat\u00e9gica, preserva e mant\u00e9m seu nome como uma das grandes refer\u00eancias do mercado imobili\u00e1rio paulistano. Sua vasta experi\u00eancia abrange n\u00e3o apenas a avalia\u00e7\u00e3o e negocia\u00e7\u00f5es, mas tamb\u00e9m aspectos jur\u00eddicos do direito imobili\u00e1rio. Com um enfoque nas regi\u00f5es da zona Oeste e sul da cidade de S\u00e3o Paulo, Renato Zimmermann \u00e9 reconhecido tanto por sua compet\u00eancia em vendas, quanto por seu comprometimento com a satisfa\u00e7\u00e3o e sucesso de seus clientes e parceiros.","url":"https:\/\/www.zimoveis.com.br\/blog\/author\/renato-zimmermann\/"}]}},"_links":{"self":[{"href":"https:\/\/www.zimoveis.com.br\/blog\/wp-json\/wp\/v2\/posts\/3947","targetHints":{"allow":["GET"]}}],"collection":[{"href":"https:\/\/www.zimoveis.com.br\/blog\/wp-json\/wp\/v2\/posts"}],"about":[{"href":"https:\/\/www.zimoveis.com.br\/blog\/wp-json\/wp\/v2\/types\/post"}],"author":[{"embeddable":true,"href":"https:\/\/www.zimoveis.com.br\/blog\/wp-json\/wp\/v2\/users\/6"}],"replies":[{"embeddable":true,"href":"https:\/\/www.zimoveis.com.br\/blog\/wp-json\/wp\/v2\/comments?post=3947"}],"version-history":[{"count":3,"href":"https:\/\/www.zimoveis.com.br\/blog\/wp-json\/wp\/v2\/posts\/3947\/revisions"}],"predecessor-version":[{"id":3957,"href":"https:\/\/www.zimoveis.com.br\/blog\/wp-json\/wp\/v2\/posts\/3947\/revisions\/3957"}],"wp:featuredmedia":[{"embeddable":true,"href":"https:\/\/www.zimoveis.com.br\/blog\/wp-json\/wp\/v2\/media\/3953"}],"wp:attachment":[{"href":"https:\/\/www.zimoveis.com.br\/blog\/wp-json\/wp\/v2\/media?parent=3947"}],"wp:term":[{"taxonomy":"category","embeddable":true,"href":"https:\/\/www.zimoveis.com.br\/blog\/wp-json\/wp\/v2\/categories?post=3947"},{"taxonomy":"post_tag","embeddable":true,"href":"https:\/\/www.zimoveis.com.br\/blog\/wp-json\/wp\/v2\/tags?post=3947"}],"curies":[{"name":"wp","href":"https:\/\/api.w.org\/{rel}","templated":true}]}}