{"id":683,"date":"2022-03-30T09:10:51","date_gmt":"2022-03-30T12:10:51","guid":{"rendered":"https:\/\/www.zimoveis.com.br\/blog\/?p=683"},"modified":"2024-07-18T11:15:56","modified_gmt":"2024-07-18T14:15:56","slug":"coberturas-sao-objetos-de-desejo-em-sao-paulo","status":"publish","type":"post","link":"https:\/\/www.zimoveis.com.br\/blog\/mercado\/coberturas-sao-objetos-de-desejo-em-sao-paulo\/","title":{"rendered":"Coberturas s\u00e3o objetos de desejo em S\u00e3o Paulo"},"content":{"rendered":"\n<p><br>Comprar um apartamento com cobertura significa ganhar o benef\u00edcio da alta valoriza\u00e7\u00e3o. Esses im\u00f3veis, normalmente, contam com uma metragem maior, uma planta flex\u00edvel e diferenciada comparada \u00e0s outras unidades do pr\u00e9dio, al\u00e9m do conforto de uma \u00e1rea aberta particular. Tudo isso torna o im\u00f3vel mais atrativo, o que tende a valoriz\u00e1-lo ao longo do tempo. N\u00e3o \u00e9 por acaso que essa \u00e9 a unidade mais desejada e valorizada de um edif\u00edcio \u2013 independente do cen\u00e1rio<br>Sendo assim, os empreendimentos de alto padr\u00e3o capricham no projeto de suas coberturas, oferecendo um apartamento de luxo, com muito mais espa\u00e7o e requinte se comparado com as outras unidades. Caso voc\u00ea procure um espa\u00e7o amplo e com flexibilidade para sua fam\u00edlia, e com garantia de alta rentabilidade futura, talvez a sua melhor escolha seja um apartamento de cobertura. Al\u00e9m disso, \u00e9 sin\u00f4nimo de status e exclusividade, um im\u00f3vel desse tipo proporciona ao seu morador o m\u00e1ximo de conforto e sofistica\u00e7\u00e3o, aliado ao melhor investimento.<br>Continue a leitura do artigo at\u00e9 o final e descubra as vantagens de morar em um apartamento de cobertura. Vamos come\u00e7ar?<\/p>\n\n\n\n<p><strong>Quais as vantagens de morar em um apartamento de cobertura?<\/strong><\/p>\n\n\n\n<p><strong>Privacidade<\/strong> <\/p>\n\n\n\n<p>Por ser instalado no \u00faltimo andar de um edif\u00edcio, o apartamento de cobertura proporciona mais tranquilidade e privacidade ao morador, principalmente se ele for um d\u00faplex.<br>Em um im\u00f3vel desse porte n\u00e3o existir\u00e1 um dos maiores problemas de um apartamento: os barulhos provenientes do andar superior. Aquele tuc tuc de sapatos. O mesmo ocorre com os sons originados das ruas e dos espa\u00e7os de conviv\u00eancia do edif\u00edcio, que ser\u00e3o reduzidos devido \u00e0 altura do \u00faltimo andar.<br>Outro ponto positivo \u00e9 a total liberdade em aproveitar uma \u00e1rea ao ar livre. Por ter uma boa \u00e1rea de lazer privativa, o morador diminui sua depend\u00eancia das \u00e1reas comuns do condom\u00ednio. Com tudo isso, o residente possuir\u00e1 uma melhor qualidade de vida.<br><\/p>\n\n\n\n<p><strong>Vista privilegiada <\/strong><\/p>\n\n\n\n<p>A vista \u00e9, para muitos, um dos maiores diferenciais de um apartamento de cobertura. Mesmo que o condom\u00ednio esteja localizado em um bairro desenvolvido e cheio de pr\u00e9dios \u2014 como o caso da maioria dos bairros de S\u00e3o Paulo \u2014, o \u00faltimo andar proporcionar\u00e1 um visual \u00fanico da cidade. Como se voc\u00ea estivesse no topo da montanha.<br>E por estar no topo, o apartamento receber\u00e1 uma maior incid\u00eancia solar, o que favorece o uso da \u00e1rea externa, principalmente se existir uma piscina ou spa. Tamb\u00e9m \u00e9 comum que a cobertura tenha uma boa ventila\u00e7\u00e3o, devido \u00e0s constantes correntes de ar.<\/p>\n\n\n\n<p>Apaixone-se pelos nosso <strong><a href=\"https:\/\/www.zimoveis.com.br\/indice\/apartamento\/padrao\/todos\/todos\/alto-da-lapa\" target=\"_blank\" rel=\"noreferrer noopener\">apartamentos \u00e0 venda no bairro Alto da Lapa<\/a>!<\/strong><br><\/p>\n\n\n\n<p><strong>Mais conforto e sofistica\u00e7\u00e3o <\/strong><\/p>\n\n\n\n<p>Mesmo que um apartamento de alto padr\u00e3o seja projetado para proporcionar conforto e sofistica\u00e7\u00e3o, a cobertura consegue ainda ser superior \u00e0s demais unidades do edif\u00edcio. Com uma planta diferenciada, ela \u00e9 constru\u00edda com espa\u00e7os mais amplos, podendo at\u00e9 possuir mais de um n\u00edvel \u2014 nesse caso, ela recebe o nome de d\u00faplex ou tr\u00edplex.<br>Para criar um ambiente amplo e que priorize o conv\u00edvio, tornou- se uma tend\u00eancia integrar a \u00e1rea interna com a externa. Isso cria um espa\u00e7o vers\u00e1til que se adapta aos mais diversos estilos de vida e permite a realiza\u00e7\u00e3o de v\u00e1rios eventos.<br><\/p>\n\n\n\n<p><strong>Maior valoriza\u00e7\u00e3o do im\u00f3vel <\/strong><\/p>\n\n\n\n<p>Devido a todas as vantagens j\u00e1 apresentadas, um apartamento de cobertura acaba se tornando uma das unidades mais desejadas de um edif\u00edcio. Al\u00e9m desse fato, um im\u00f3vel desse padr\u00e3o possui maior metragem e valor agregado que os demais apartamentos. Isso resulta em uma tend\u00eancia para que ocorra uma valoriza\u00e7\u00e3o mais r\u00e1pida desse im\u00f3vel.<br>Assim, investir na compra de uma cobertura \u00e9 uma decis\u00e3o racional. Uma vez que, caso o propriet\u00e1rio opte futuramente pela venda, ele conseguir\u00e1 receber um valor superior ao que foi pago.<br><\/p>\n\n\n\n<p><strong>Como escolher um apartamento de cobertura? <\/strong><\/p>\n\n\n\n<p>Independentemente de voc\u00ea j\u00e1 ter passado ou n\u00e3o pela experi\u00eancia de compra de um apartamento, para n\u00e3o cometer erros, \u00e9 preciso avaliar diversos fatores.<br>A boa not\u00edcia \u00e9 que, um apartamento de cobertura de alto padr\u00e3o \u00e9 uma escolha segura, pois ele possui todas as vantagens que foram abordadas por este texto. Sendo assim, o comprador dever\u00e1 se preocupar apenas com a localiza\u00e7\u00e3o do im\u00f3vel para que, entre os melhores bairros de S\u00e3o Paulo, escolha aquele que mais se encaixa ao seu estilo de vida.<br>Por \u00faltimo, ser\u00e1 necess\u00e1rio que o futuro morador avalie como \u00e9 o apartamento ideal para a sua fam\u00edlia. Assim, ser\u00e1 poss\u00edvel encontrar uma resid\u00eancia que atenda \u00e0 todas suas expectativas de espa\u00e7o, sofistica\u00e7\u00e3o e conforto que somente um im\u00f3vel desse padr\u00e3o poder\u00e1 proporcionar. Fale com o(a) corretor(a) e ele te ajudar\u00e1 a encontrar o melhor.<br>Caso voc\u00ea tenha percebido que um <strong><a href=\"https:\/\/www.zimoveis.com.br\/indice\/cobertura\/todos\/todos\/todos\/todos\" target=\"_blank\" rel=\"noreferrer noopener\">apartamento de cobertura<\/a><\/strong> \u00e9 o ideal para voc\u00ea, entre em contato conosco. Com certeza, teremos um que atenda a todas as necessidades da sua fam\u00edlia. <a href=\"https:\/\/www.zimoveis.com.br\/contato\">Clique aqui <\/a>e fale com a gente.<\/p>\n","protected":false},"excerpt":{"rendered":"<p>Comprar um apartamento com cobertura significa ganhar o benef\u00edcio da alta valoriza\u00e7\u00e3o. Esses im\u00f3veis, normalmente, contam com uma metragem maior, uma planta flex\u00edvel e diferenciada comparada \u00e0s outras unidades do pr\u00e9dio, al\u00e9m do conforto de uma \u00e1rea aberta particular. Tudo isso torna o im\u00f3vel mais atrativo, o que tende a valoriz\u00e1-lo ao longo do tempo. [&hellip;]<\/p>\n","protected":false},"author":1,"featured_media":685,"comment_status":"open","ping_status":"open","sticky":false,"template":"","format":"standard","meta":{"footnotes":""},"categories":[4],"tags":[21,20],"class_list":["post-683","post","type-post","status-publish","format-standard","has-post-thumbnail","hentry","category-mercado","tag-compra-de-imovel","tag-imoveis"],"yoast_head":"<!-- This site is optimized with the Yoast SEO plugin v22.9 - https:\/\/yoast.com\/wordpress\/plugins\/seo\/ -->\n<title>Coberturas s\u00e3o objetos de desejo em S\u00e3o Paulo<\/title>\n<meta name=\"description\" content=\"Coberturas s\u00e3o objetos de desejo em S\u00e3o Paulo\" \/>\n<meta name=\"robots\" content=\"index, follow, max-snippet:-1, max-image-preview:large, max-video-preview:-1\" \/>\n<link rel=\"canonical\" href=\"https:\/\/www.zimoveis.com.br\/blog\/mercado\/coberturas-sao-objetos-de-desejo-em-sao-paulo\/\" \/>\n<meta property=\"og:locale\" content=\"pt_BR\" \/>\n<meta property=\"og:type\" content=\"article\" \/>\n<meta property=\"og:title\" content=\"Coberturas s\u00e3o objetos de desejo em S\u00e3o Paulo\" \/>\n<meta property=\"og:description\" content=\"Coberturas s\u00e3o objetos de desejo em S\u00e3o Paulo\" \/>\n<meta property=\"og:url\" content=\"https:\/\/www.zimoveis.com.br\/blog\/mercado\/coberturas-sao-objetos-de-desejo-em-sao-paulo\/\" \/>\n<meta property=\"og:site_name\" content=\"Blog Zimmermann Im\u00f3veis\" \/>\n<meta property=\"article:publisher\" content=\"https:\/\/www.facebook.com\/zimoveis.com.br\/\" \/>\n<meta property=\"article:published_time\" content=\"2022-03-30T12:10:51+00:00\" \/>\n<meta property=\"article:modified_time\" content=\"2024-07-18T14:15:56+00:00\" \/>\n<meta property=\"og:image\" content=\"https:\/\/www.zimoveis.com.br\/blog\/wp-content\/uploads\/2022\/03\/Coberturas-em-sp.png\" \/>\n\t<meta property=\"og:image:width\" content=\"1000\" \/>\n\t<meta property=\"og:image:height\" content=\"1000\" \/>\n\t<meta property=\"og:image:type\" content=\"image\/png\" \/>\n<meta name=\"author\" content=\"Zimmermann Im\u00f3veis\" \/>\n<meta name=\"twitter:card\" content=\"summary_large_image\" \/>\n<meta name=\"twitter:label1\" content=\"Escrito por\" \/>\n\t<meta name=\"twitter:data1\" content=\"Zimmermann Im\u00f3veis\" \/>\n\t<meta name=\"twitter:label2\" content=\"Est. tempo de leitura\" \/>\n\t<meta name=\"twitter:data2\" content=\"5 minutos\" \/>\n<script type=\"application\/ld+json\" class=\"yoast-schema-graph\">{\"@context\":\"https:\/\/schema.org\",\"@graph\":[{\"@type\":\"Article\",\"@id\":\"https:\/\/www.zimoveis.com.br\/blog\/mercado\/coberturas-sao-objetos-de-desejo-em-sao-paulo\/#article\",\"isPartOf\":{\"@id\":\"https:\/\/www.zimoveis.com.br\/blog\/mercado\/coberturas-sao-objetos-de-desejo-em-sao-paulo\/\"},\"author\":{\"name\":\"Zimmermann Im\u00f3veis\",\"@id\":\"https:\/\/www.zimoveis.com.br\/blog\/#\/schema\/person\/8a6849bab5d76c6c854de7675dffab70\"},\"headline\":\"Coberturas s\u00e3o objetos de desejo em S\u00e3o Paulo\",\"datePublished\":\"2022-03-30T12:10:51+00:00\",\"dateModified\":\"2024-07-18T14:15:56+00:00\",\"mainEntityOfPage\":{\"@id\":\"https:\/\/www.zimoveis.com.br\/blog\/mercado\/coberturas-sao-objetos-de-desejo-em-sao-paulo\/\"},\"wordCount\":868,\"commentCount\":0,\"publisher\":{\"@id\":\"https:\/\/www.zimoveis.com.br\/blog\/#organization\"},\"image\":{\"@id\":\"https:\/\/www.zimoveis.com.br\/blog\/mercado\/coberturas-sao-objetos-de-desejo-em-sao-paulo\/#primaryimage\"},\"thumbnailUrl\":\"https:\/\/www.zimoveis.com.br\/blog\/wp-content\/uploads\/2022\/03\/Coberturas-em-sp.png\",\"keywords\":[\"compra de im\u00f3vel\",\"im\u00f3veis\"],\"articleSection\":[\"Mercado\"],\"inLanguage\":\"pt-BR\",\"potentialAction\":[{\"@type\":\"CommentAction\",\"name\":\"Comment\",\"target\":[\"https:\/\/www.zimoveis.com.br\/blog\/mercado\/coberturas-sao-objetos-de-desejo-em-sao-paulo\/#respond\"]}]},{\"@type\":\"WebPage\",\"@id\":\"https:\/\/www.zimoveis.com.br\/blog\/mercado\/coberturas-sao-objetos-de-desejo-em-sao-paulo\/\",\"url\":\"https:\/\/www.zimoveis.com.br\/blog\/mercado\/coberturas-sao-objetos-de-desejo-em-sao-paulo\/\",\"name\":\"Coberturas s\u00e3o objetos de desejo em S\u00e3o Paulo\",\"isPartOf\":{\"@id\":\"https:\/\/www.zimoveis.com.br\/blog\/#website\"},\"primaryImageOfPage\":{\"@id\":\"https:\/\/www.zimoveis.com.br\/blog\/mercado\/coberturas-sao-objetos-de-desejo-em-sao-paulo\/#primaryimage\"},\"image\":{\"@id\":\"https:\/\/www.zimoveis.com.br\/blog\/mercado\/coberturas-sao-objetos-de-desejo-em-sao-paulo\/#primaryimage\"},\"thumbnailUrl\":\"https:\/\/www.zimoveis.com.br\/blog\/wp-content\/uploads\/2022\/03\/Coberturas-em-sp.png\",\"datePublished\":\"2022-03-30T12:10:51+00:00\",\"dateModified\":\"2024-07-18T14:15:56+00:00\",\"description\":\"Coberturas s\u00e3o objetos de desejo em S\u00e3o Paulo\",\"breadcrumb\":{\"@id\":\"https:\/\/www.zimoveis.com.br\/blog\/mercado\/coberturas-sao-objetos-de-desejo-em-sao-paulo\/#breadcrumb\"},\"inLanguage\":\"pt-BR\",\"potentialAction\":[{\"@type\":\"ReadAction\",\"target\":[\"https:\/\/www.zimoveis.com.br\/blog\/mercado\/coberturas-sao-objetos-de-desejo-em-sao-paulo\/\"]}]},{\"@type\":\"ImageObject\",\"inLanguage\":\"pt-BR\",\"@id\":\"https:\/\/www.zimoveis.com.br\/blog\/mercado\/coberturas-sao-objetos-de-desejo-em-sao-paulo\/#primaryimage\",\"url\":\"https:\/\/www.zimoveis.com.br\/blog\/wp-content\/uploads\/2022\/03\/Coberturas-em-sp.png\",\"contentUrl\":\"https:\/\/www.zimoveis.com.br\/blog\/wp-content\/uploads\/2022\/03\/Coberturas-em-sp.png\",\"width\":1000,\"height\":1000,\"caption\":\"coberturas-em-s\u00e3o-paulo\"},{\"@type\":\"BreadcrumbList\",\"@id\":\"https:\/\/www.zimoveis.com.br\/blog\/mercado\/coberturas-sao-objetos-de-desejo-em-sao-paulo\/#breadcrumb\",\"itemListElement\":[{\"@type\":\"ListItem\",\"position\":1,\"name\":\"Home\",\"item\":\"https:\/\/www.zimoveis.com.br\/blog\/\"},{\"@type\":\"ListItem\",\"position\":2,\"name\":\"Coberturas s\u00e3o objetos de desejo em S\u00e3o Paulo\"}]},{\"@type\":\"WebSite\",\"@id\":\"https:\/\/www.zimoveis.com.br\/blog\/#website\",\"url\":\"https:\/\/www.zimoveis.com.br\/blog\/\",\"name\":\"Blog Zimmermann Im\u00f3veis\",\"description\":\"Artigos e Not\u00edcias sobre o Mercado Imobili\u00e1rio\",\"publisher\":{\"@id\":\"https:\/\/www.zimoveis.com.br\/blog\/#organization\"},\"potentialAction\":[{\"@type\":\"SearchAction\",\"target\":{\"@type\":\"EntryPoint\",\"urlTemplate\":\"https:\/\/www.zimoveis.com.br\/blog\/?s={search_term_string}\"},\"query-input\":\"required name=search_term_string\"}],\"inLanguage\":\"pt-BR\"},{\"@type\":\"Organization\",\"@id\":\"https:\/\/www.zimoveis.com.br\/blog\/#organization\",\"name\":\"Zimmermann Im\u00f3veis\",\"url\":\"https:\/\/www.zimoveis.com.br\/blog\/\",\"logo\":{\"@type\":\"ImageObject\",\"inLanguage\":\"pt-BR\",\"@id\":\"https:\/\/www.zimoveis.com.br\/blog\/#\/schema\/logo\/image\/\",\"url\":\"https:\/\/www.zimoveis.com.br\/blog\/wp-content\/uploads\/2022\/07\/Logo-Zimoveis-PSD-1.png\",\"contentUrl\":\"https:\/\/www.zimoveis.com.br\/blog\/wp-content\/uploads\/2022\/07\/Logo-Zimoveis-PSD-1.png\",\"width\":2977,\"height\":1727,\"caption\":\"Zimmermann Im\u00f3veis\"},\"image\":{\"@id\":\"https:\/\/www.zimoveis.com.br\/blog\/#\/schema\/logo\/image\/\"},\"sameAs\":[\"https:\/\/www.facebook.com\/zimoveis.com.br\/\",\"https:\/\/www.linkedin.com\/company\/zimmermann-imveis\/about\/\",\"https:\/\/www.instagram.com\/zimoveis\/\",\"https:\/\/www.youtube.com\/channel\/UCheuj0pESCyVf214X1QJ1dw\"]},{\"@type\":\"Person\",\"@id\":\"https:\/\/www.zimoveis.com.br\/blog\/#\/schema\/person\/8a6849bab5d76c6c854de7675dffab70\",\"name\":\"Zimmermann Im\u00f3veis\",\"image\":{\"@type\":\"ImageObject\",\"inLanguage\":\"pt-BR\",\"@id\":\"https:\/\/www.zimoveis.com.br\/blog\/#\/schema\/person\/image\/\",\"url\":\"https:\/\/secure.gravatar.com\/avatar\/97d58cadbdf367142ab95d3dd60b65fd?s=96&d=mm&r=g\",\"contentUrl\":\"https:\/\/secure.gravatar.com\/avatar\/97d58cadbdf367142ab95d3dd60b65fd?s=96&d=mm&r=g\",\"caption\":\"Zimmermann Im\u00f3veis\"},\"sameAs\":[\"https:\/\/www.zimoveis.com.br\/blog\"],\"url\":\"https:\/\/www.zimoveis.com.br\/blog\/author\/zimoveis\/\"}]}<\/script>\n<!-- \/ Yoast SEO plugin. -->","yoast_head_json":{"title":"Coberturas s\u00e3o objetos de desejo em S\u00e3o Paulo","description":"Coberturas s\u00e3o objetos de desejo em S\u00e3o Paulo","robots":{"index":"index","follow":"follow","max-snippet":"max-snippet:-1","max-image-preview":"max-image-preview:large","max-video-preview":"max-video-preview:-1"},"canonical":"https:\/\/www.zimoveis.com.br\/blog\/mercado\/coberturas-sao-objetos-de-desejo-em-sao-paulo\/","og_locale":"pt_BR","og_type":"article","og_title":"Coberturas s\u00e3o objetos de desejo em S\u00e3o Paulo","og_description":"Coberturas s\u00e3o objetos de desejo em S\u00e3o Paulo","og_url":"https:\/\/www.zimoveis.com.br\/blog\/mercado\/coberturas-sao-objetos-de-desejo-em-sao-paulo\/","og_site_name":"Blog Zimmermann Im\u00f3veis","article_publisher":"https:\/\/www.facebook.com\/zimoveis.com.br\/","article_published_time":"2022-03-30T12:10:51+00:00","article_modified_time":"2024-07-18T14:15:56+00:00","og_image":[{"width":1000,"height":1000,"url":"https:\/\/www.zimoveis.com.br\/blog\/wp-content\/uploads\/2022\/03\/Coberturas-em-sp.png","type":"image\/png"}],"author":"Zimmermann Im\u00f3veis","twitter_card":"summary_large_image","twitter_misc":{"Escrito por":"Zimmermann Im\u00f3veis","Est. tempo de leitura":"5 minutos"},"schema":{"@context":"https:\/\/schema.org","@graph":[{"@type":"Article","@id":"https:\/\/www.zimoveis.com.br\/blog\/mercado\/coberturas-sao-objetos-de-desejo-em-sao-paulo\/#article","isPartOf":{"@id":"https:\/\/www.zimoveis.com.br\/blog\/mercado\/coberturas-sao-objetos-de-desejo-em-sao-paulo\/"},"author":{"name":"Zimmermann Im\u00f3veis","@id":"https:\/\/www.zimoveis.com.br\/blog\/#\/schema\/person\/8a6849bab5d76c6c854de7675dffab70"},"headline":"Coberturas s\u00e3o objetos de desejo em S\u00e3o Paulo","datePublished":"2022-03-30T12:10:51+00:00","dateModified":"2024-07-18T14:15:56+00:00","mainEntityOfPage":{"@id":"https:\/\/www.zimoveis.com.br\/blog\/mercado\/coberturas-sao-objetos-de-desejo-em-sao-paulo\/"},"wordCount":868,"commentCount":0,"publisher":{"@id":"https:\/\/www.zimoveis.com.br\/blog\/#organization"},"image":{"@id":"https:\/\/www.zimoveis.com.br\/blog\/mercado\/coberturas-sao-objetos-de-desejo-em-sao-paulo\/#primaryimage"},"thumbnailUrl":"https:\/\/www.zimoveis.com.br\/blog\/wp-content\/uploads\/2022\/03\/Coberturas-em-sp.png","keywords":["compra de im\u00f3vel","im\u00f3veis"],"articleSection":["Mercado"],"inLanguage":"pt-BR","potentialAction":[{"@type":"CommentAction","name":"Comment","target":["https:\/\/www.zimoveis.com.br\/blog\/mercado\/coberturas-sao-objetos-de-desejo-em-sao-paulo\/#respond"]}]},{"@type":"WebPage","@id":"https:\/\/www.zimoveis.com.br\/blog\/mercado\/coberturas-sao-objetos-de-desejo-em-sao-paulo\/","url":"https:\/\/www.zimoveis.com.br\/blog\/mercado\/coberturas-sao-objetos-de-desejo-em-sao-paulo\/","name":"Coberturas s\u00e3o objetos de desejo em S\u00e3o Paulo","isPartOf":{"@id":"https:\/\/www.zimoveis.com.br\/blog\/#website"},"primaryImageOfPage":{"@id":"https:\/\/www.zimoveis.com.br\/blog\/mercado\/coberturas-sao-objetos-de-desejo-em-sao-paulo\/#primaryimage"},"image":{"@id":"https:\/\/www.zimoveis.com.br\/blog\/mercado\/coberturas-sao-objetos-de-desejo-em-sao-paulo\/#primaryimage"},"thumbnailUrl":"https:\/\/www.zimoveis.com.br\/blog\/wp-content\/uploads\/2022\/03\/Coberturas-em-sp.png","datePublished":"2022-03-30T12:10:51+00:00","dateModified":"2024-07-18T14:15:56+00:00","description":"Coberturas s\u00e3o objetos de desejo em S\u00e3o Paulo","breadcrumb":{"@id":"https:\/\/www.zimoveis.com.br\/blog\/mercado\/coberturas-sao-objetos-de-desejo-em-sao-paulo\/#breadcrumb"},"inLanguage":"pt-BR","potentialAction":[{"@type":"ReadAction","target":["https:\/\/www.zimoveis.com.br\/blog\/mercado\/coberturas-sao-objetos-de-desejo-em-sao-paulo\/"]}]},{"@type":"ImageObject","inLanguage":"pt-BR","@id":"https:\/\/www.zimoveis.com.br\/blog\/mercado\/coberturas-sao-objetos-de-desejo-em-sao-paulo\/#primaryimage","url":"https:\/\/www.zimoveis.com.br\/blog\/wp-content\/uploads\/2022\/03\/Coberturas-em-sp.png","contentUrl":"https:\/\/www.zimoveis.com.br\/blog\/wp-content\/uploads\/2022\/03\/Coberturas-em-sp.png","width":1000,"height":1000,"caption":"coberturas-em-s\u00e3o-paulo"},{"@type":"BreadcrumbList","@id":"https:\/\/www.zimoveis.com.br\/blog\/mercado\/coberturas-sao-objetos-de-desejo-em-sao-paulo\/#breadcrumb","itemListElement":[{"@type":"ListItem","position":1,"name":"Home","item":"https:\/\/www.zimoveis.com.br\/blog\/"},{"@type":"ListItem","position":2,"name":"Coberturas s\u00e3o objetos de desejo em S\u00e3o Paulo"}]},{"@type":"WebSite","@id":"https:\/\/www.zimoveis.com.br\/blog\/#website","url":"https:\/\/www.zimoveis.com.br\/blog\/","name":"Blog Zimmermann Im\u00f3veis","description":"Artigos e Not\u00edcias sobre o Mercado Imobili\u00e1rio","publisher":{"@id":"https:\/\/www.zimoveis.com.br\/blog\/#organization"},"potentialAction":[{"@type":"SearchAction","target":{"@type":"EntryPoint","urlTemplate":"https:\/\/www.zimoveis.com.br\/blog\/?s={search_term_string}"},"query-input":"required name=search_term_string"}],"inLanguage":"pt-BR"},{"@type":"Organization","@id":"https:\/\/www.zimoveis.com.br\/blog\/#organization","name":"Zimmermann Im\u00f3veis","url":"https:\/\/www.zimoveis.com.br\/blog\/","logo":{"@type":"ImageObject","inLanguage":"pt-BR","@id":"https:\/\/www.zimoveis.com.br\/blog\/#\/schema\/logo\/image\/","url":"https:\/\/www.zimoveis.com.br\/blog\/wp-content\/uploads\/2022\/07\/Logo-Zimoveis-PSD-1.png","contentUrl":"https:\/\/www.zimoveis.com.br\/blog\/wp-content\/uploads\/2022\/07\/Logo-Zimoveis-PSD-1.png","width":2977,"height":1727,"caption":"Zimmermann Im\u00f3veis"},"image":{"@id":"https:\/\/www.zimoveis.com.br\/blog\/#\/schema\/logo\/image\/"},"sameAs":["https:\/\/www.facebook.com\/zimoveis.com.br\/","https:\/\/www.linkedin.com\/company\/zimmermann-imveis\/about\/","https:\/\/www.instagram.com\/zimoveis\/","https:\/\/www.youtube.com\/channel\/UCheuj0pESCyVf214X1QJ1dw"]},{"@type":"Person","@id":"https:\/\/www.zimoveis.com.br\/blog\/#\/schema\/person\/8a6849bab5d76c6c854de7675dffab70","name":"Zimmermann Im\u00f3veis","image":{"@type":"ImageObject","inLanguage":"pt-BR","@id":"https:\/\/www.zimoveis.com.br\/blog\/#\/schema\/person\/image\/","url":"https:\/\/secure.gravatar.com\/avatar\/97d58cadbdf367142ab95d3dd60b65fd?s=96&d=mm&r=g","contentUrl":"https:\/\/secure.gravatar.com\/avatar\/97d58cadbdf367142ab95d3dd60b65fd?s=96&d=mm&r=g","caption":"Zimmermann Im\u00f3veis"},"sameAs":["https:\/\/www.zimoveis.com.br\/blog"],"url":"https:\/\/www.zimoveis.com.br\/blog\/author\/zimoveis\/"}]}},"_links":{"self":[{"href":"https:\/\/www.zimoveis.com.br\/blog\/wp-json\/wp\/v2\/posts\/683","targetHints":{"allow":["GET"]}}],"collection":[{"href":"https:\/\/www.zimoveis.com.br\/blog\/wp-json\/wp\/v2\/posts"}],"about":[{"href":"https:\/\/www.zimoveis.com.br\/blog\/wp-json\/wp\/v2\/types\/post"}],"author":[{"embeddable":true,"href":"https:\/\/www.zimoveis.com.br\/blog\/wp-json\/wp\/v2\/users\/1"}],"replies":[{"embeddable":true,"href":"https:\/\/www.zimoveis.com.br\/blog\/wp-json\/wp\/v2\/comments?post=683"}],"version-history":[{"count":4,"href":"https:\/\/www.zimoveis.com.br\/blog\/wp-json\/wp\/v2\/posts\/683\/revisions"}],"predecessor-version":[{"id":1618,"href":"https:\/\/www.zimoveis.com.br\/blog\/wp-json\/wp\/v2\/posts\/683\/revisions\/1618"}],"wp:featuredmedia":[{"embeddable":true,"href":"https:\/\/www.zimoveis.com.br\/blog\/wp-json\/wp\/v2\/media\/685"}],"wp:attachment":[{"href":"https:\/\/www.zimoveis.com.br\/blog\/wp-json\/wp\/v2\/media?parent=683"}],"wp:term":[{"taxonomy":"category","embeddable":true,"href":"https:\/\/www.zimoveis.com.br\/blog\/wp-json\/wp\/v2\/categories?post=683"},{"taxonomy":"post_tag","embeddable":true,"href":"https:\/\/www.zimoveis.com.br\/blog\/wp-json\/wp\/v2\/tags?post=683"}],"curies":[{"name":"wp","href":"https:\/\/api.w.org\/{rel}","templated":true}]}}