{"id":865,"date":"2023-06-15T17:00:00","date_gmt":"2023-06-15T20:00:00","guid":{"rendered":"https:\/\/www.zimoveis.com.br\/blog\/?p=865"},"modified":"2023-06-15T17:00:02","modified_gmt":"2023-06-15T20:00:02","slug":"decoracoes-para-a-sala-de-estar-que-combinam-com-o-outono","status":"publish","type":"post","link":"https:\/\/www.zimoveis.com.br\/blog\/dicas\/decoracoes-para-a-sala-de-estar-que-combinam-com-o-outono\/","title":{"rendered":"Decora\u00e7\u00f5es para a sala de estar que combinam com o outono"},"content":{"rendered":"\n<p>A temporada de outono traz consigo uma sensa\u00e7\u00e3o de aconchego e nostalgia, e n\u00e3o h\u00e1 lugar melhor para aproveitar esses encantos do que a sua sala de estar. Neste artigo, vamos explorar inspiradoras ideias de decora\u00e7\u00e3o para a sala de estar. Prepare-se para transformar seu espa\u00e7o em um ref\u00fagio acolhedor que reflete a beleza dessa esta\u00e7\u00e3o encantadora. Com essas ideias voc\u00ea poder\u00e1 transformar seu ambiente em um ref\u00fagio aconchegante e cheio de charme.<\/p>\n\n\n\n<p>\ud83d\udd38 Cores outonais para envolver seus sentidos: Quando se trata de decorar sua sala de estar nessa esta\u00e7\u00e3o, as cores desempenham um papel fundamental. Opte por tons quentes e terrosos, como tons de marrom, laranja queimado, amarelo mostarda e vermelho vinho. Pintar uma parede de destaque em uma dessas cores ou incorpor\u00e1-las em almofadas, cortinas e tapetes, criar\u00e1 uma atmosfera outonal envolvente em seu ambiente.<\/p>\n\n\n\n<p>\ud83d\udd38 Toques naturais que trazem a natureza para dentro de casa: Traga a beleza da natureza para sua sala de estar, adicionando elementos naturais. Galhos secos, folhas ca\u00eddas, pinhas e pequenos arranjos de flores secas s\u00e3o \u00f3timas op\u00e7\u00f5es. Coloque-os em uma cesta de vime ou em vasos de cer\u00e2mica e distribua pela sala. Esses toques naturais n\u00e3o apenas trazem a sensa\u00e7\u00e3o de outono, mas tamb\u00e9m adicionam um charme r\u00fastico e convidativo ao espa\u00e7o.<\/p>\n\n\n\n<p>\ud83d\udd38 Texturas acolhedoras para um conforto inigual\u00e1vel: Com a chegada do outono, \u00e9 hora de trocar as texturas leves por materiais mais acolhedores. Opte por almofadas e mantas de tecidos como veludo, l\u00e3, tric\u00f4 e pele sint\u00e9tica. Esses tecidos oferecem uma sensa\u00e7\u00e3o t\u00e1til agrad\u00e1vel e proporcionam uma dose extra de conforto e calor durante as noites frias de outono.<\/p>\n\n\n\n<p>Com essas ideias de decora\u00e7\u00e3o para a sala de estar que combinam com o outono, voc\u00ea poder\u00e1 transformar seu espa\u00e7o em um ref\u00fagio aconchegante e cheio de charme. Continue nos acompanhando para mais dicas\ud83e\udde1<\/p>\n","protected":false},"excerpt":{"rendered":"<p>A temporada de outono traz consigo uma sensa\u00e7\u00e3o de aconchego e nostalgia, e n\u00e3o h\u00e1 lugar melhor para aproveitar esses encantos do que a sua sala de estar. Neste artigo, vamos explorar inspiradoras ideias de decora\u00e7\u00e3o para a sala de estar. Prepare-se para transformar seu espa\u00e7o em um ref\u00fagio acolhedor que reflete a beleza dessa [&hellip;]<\/p>\n","protected":false},"author":4,"featured_media":866,"comment_status":"open","ping_status":"open","sticky":false,"template":"","format":"standard","meta":{"footnotes":""},"categories":[5,2],"tags":[],"class_list":["post-865","post","type-post","status-publish","format-standard","has-post-thumbnail","hentry","category-decoracao","category-dicas"],"yoast_head":"<!-- This site is optimized with the Yoast SEO plugin v22.9 - https:\/\/yoast.com\/wordpress\/plugins\/seo\/ -->\n<title>Decora\u00e7\u00f5es para a sala de estar que combinam com o outono<\/title>\n<meta name=\"description\" content=\"Decora\u00e7\u00f5es para a sala de estar que combinam com o outono\" \/>\n<meta name=\"robots\" content=\"index, follow, max-snippet:-1, max-image-preview:large, max-video-preview:-1\" \/>\n<link rel=\"canonical\" href=\"https:\/\/www.zimoveis.com.br\/blog\/dicas\/decoracoes-para-a-sala-de-estar-que-combinam-com-o-outono\/\" \/>\n<meta property=\"og:locale\" content=\"pt_BR\" \/>\n<meta property=\"og:type\" content=\"article\" \/>\n<meta property=\"og:title\" content=\"Decora\u00e7\u00f5es para a sala de estar que combinam com o outono\" \/>\n<meta property=\"og:description\" content=\"Decora\u00e7\u00f5es para a sala de estar que combinam com o outono\" \/>\n<meta property=\"og:url\" content=\"https:\/\/www.zimoveis.com.br\/blog\/dicas\/decoracoes-para-a-sala-de-estar-que-combinam-com-o-outono\/\" \/>\n<meta property=\"og:site_name\" content=\"Blog Zimmermann Im\u00f3veis\" \/>\n<meta property=\"article:publisher\" content=\"https:\/\/www.facebook.com\/zimoveis.com.br\/\" \/>\n<meta property=\"article:published_time\" content=\"2023-06-15T20:00:00+00:00\" \/>\n<meta property=\"article:modified_time\" content=\"2023-06-15T20:00:02+00:00\" \/>\n<meta property=\"og:image\" content=\"https:\/\/www.zimoveis.com.br\/blog\/wp-content\/uploads\/2023\/06\/Blog_-_Decoracoes_para_a_sala.jpg\" \/>\n\t<meta property=\"og:image:width\" content=\"1080\" \/>\n\t<meta property=\"og:image:height\" content=\"1080\" \/>\n\t<meta property=\"og:image:type\" content=\"image\/jpeg\" \/>\n<meta name=\"author\" content=\"agenciataruman\" \/>\n<meta name=\"twitter:card\" content=\"summary_large_image\" \/>\n<meta name=\"twitter:label1\" content=\"Escrito por\" \/>\n\t<meta name=\"twitter:data1\" content=\"agenciataruman\" \/>\n\t<meta name=\"twitter:label2\" content=\"Est. tempo de leitura\" \/>\n\t<meta name=\"twitter:data2\" content=\"2 minutos\" \/>\n<script type=\"application\/ld+json\" class=\"yoast-schema-graph\">{\"@context\":\"https:\/\/schema.org\",\"@graph\":[{\"@type\":\"Article\",\"@id\":\"https:\/\/www.zimoveis.com.br\/blog\/dicas\/decoracoes-para-a-sala-de-estar-que-combinam-com-o-outono\/#article\",\"isPartOf\":{\"@id\":\"https:\/\/www.zimoveis.com.br\/blog\/dicas\/decoracoes-para-a-sala-de-estar-que-combinam-com-o-outono\/\"},\"author\":{\"name\":\"agenciataruman\",\"@id\":\"https:\/\/www.zimoveis.com.br\/blog\/#\/schema\/person\/2bb16a663b7e9a1776bd98516f86353f\"},\"headline\":\"Decora\u00e7\u00f5es para a sala de estar que combinam com o outono\",\"datePublished\":\"2023-06-15T20:00:00+00:00\",\"dateModified\":\"2023-06-15T20:00:02+00:00\",\"mainEntityOfPage\":{\"@id\":\"https:\/\/www.zimoveis.com.br\/blog\/dicas\/decoracoes-para-a-sala-de-estar-que-combinam-com-o-outono\/\"},\"wordCount\":338,\"commentCount\":0,\"publisher\":{\"@id\":\"https:\/\/www.zimoveis.com.br\/blog\/#organization\"},\"image\":{\"@id\":\"https:\/\/www.zimoveis.com.br\/blog\/dicas\/decoracoes-para-a-sala-de-estar-que-combinam-com-o-outono\/#primaryimage\"},\"thumbnailUrl\":\"https:\/\/www.zimoveis.com.br\/blog\/wp-content\/uploads\/2023\/06\/Blog_-_Decoracoes_para_a_sala.jpg\",\"articleSection\":[\"Decora\u00e7\u00e3o\",\"Dicas\"],\"inLanguage\":\"pt-BR\",\"potentialAction\":[{\"@type\":\"CommentAction\",\"name\":\"Comment\",\"target\":[\"https:\/\/www.zimoveis.com.br\/blog\/dicas\/decoracoes-para-a-sala-de-estar-que-combinam-com-o-outono\/#respond\"]}]},{\"@type\":\"WebPage\",\"@id\":\"https:\/\/www.zimoveis.com.br\/blog\/dicas\/decoracoes-para-a-sala-de-estar-que-combinam-com-o-outono\/\",\"url\":\"https:\/\/www.zimoveis.com.br\/blog\/dicas\/decoracoes-para-a-sala-de-estar-que-combinam-com-o-outono\/\",\"name\":\"Decora\u00e7\u00f5es para a sala de estar que combinam com o outono\",\"isPartOf\":{\"@id\":\"https:\/\/www.zimoveis.com.br\/blog\/#website\"},\"primaryImageOfPage\":{\"@id\":\"https:\/\/www.zimoveis.com.br\/blog\/dicas\/decoracoes-para-a-sala-de-estar-que-combinam-com-o-outono\/#primaryimage\"},\"image\":{\"@id\":\"https:\/\/www.zimoveis.com.br\/blog\/dicas\/decoracoes-para-a-sala-de-estar-que-combinam-com-o-outono\/#primaryimage\"},\"thumbnailUrl\":\"https:\/\/www.zimoveis.com.br\/blog\/wp-content\/uploads\/2023\/06\/Blog_-_Decoracoes_para_a_sala.jpg\",\"datePublished\":\"2023-06-15T20:00:00+00:00\",\"dateModified\":\"2023-06-15T20:00:02+00:00\",\"description\":\"Decora\u00e7\u00f5es para a sala de estar que combinam com o outono\",\"breadcrumb\":{\"@id\":\"https:\/\/www.zimoveis.com.br\/blog\/dicas\/decoracoes-para-a-sala-de-estar-que-combinam-com-o-outono\/#breadcrumb\"},\"inLanguage\":\"pt-BR\",\"potentialAction\":[{\"@type\":\"ReadAction\",\"target\":[\"https:\/\/www.zimoveis.com.br\/blog\/dicas\/decoracoes-para-a-sala-de-estar-que-combinam-com-o-outono\/\"]}]},{\"@type\":\"ImageObject\",\"inLanguage\":\"pt-BR\",\"@id\":\"https:\/\/www.zimoveis.com.br\/blog\/dicas\/decoracoes-para-a-sala-de-estar-que-combinam-com-o-outono\/#primaryimage\",\"url\":\"https:\/\/www.zimoveis.com.br\/blog\/wp-content\/uploads\/2023\/06\/Blog_-_Decoracoes_para_a_sala.jpg\",\"contentUrl\":\"https:\/\/www.zimoveis.com.br\/blog\/wp-content\/uploads\/2023\/06\/Blog_-_Decoracoes_para_a_sala.jpg\",\"width\":1080,\"height\":1080},{\"@type\":\"BreadcrumbList\",\"@id\":\"https:\/\/www.zimoveis.com.br\/blog\/dicas\/decoracoes-para-a-sala-de-estar-que-combinam-com-o-outono\/#breadcrumb\",\"itemListElement\":[{\"@type\":\"ListItem\",\"position\":1,\"name\":\"Home\",\"item\":\"https:\/\/www.zimoveis.com.br\/blog\/\"},{\"@type\":\"ListItem\",\"position\":2,\"name\":\"Decora\u00e7\u00f5es para a sala de estar que combinam com o outono\"}]},{\"@type\":\"WebSite\",\"@id\":\"https:\/\/www.zimoveis.com.br\/blog\/#website\",\"url\":\"https:\/\/www.zimoveis.com.br\/blog\/\",\"name\":\"Blog Zimmermann Im\u00f3veis\",\"description\":\"Artigos e Not\u00edcias sobre o Mercado Imobili\u00e1rio\",\"publisher\":{\"@id\":\"https:\/\/www.zimoveis.com.br\/blog\/#organization\"},\"potentialAction\":[{\"@type\":\"SearchAction\",\"target\":{\"@type\":\"EntryPoint\",\"urlTemplate\":\"https:\/\/www.zimoveis.com.br\/blog\/?s={search_term_string}\"},\"query-input\":\"required name=search_term_string\"}],\"inLanguage\":\"pt-BR\"},{\"@type\":\"Organization\",\"@id\":\"https:\/\/www.zimoveis.com.br\/blog\/#organization\",\"name\":\"Zimmermann Im\u00f3veis\",\"url\":\"https:\/\/www.zimoveis.com.br\/blog\/\",\"logo\":{\"@type\":\"ImageObject\",\"inLanguage\":\"pt-BR\",\"@id\":\"https:\/\/www.zimoveis.com.br\/blog\/#\/schema\/logo\/image\/\",\"url\":\"https:\/\/www.zimoveis.com.br\/blog\/wp-content\/uploads\/2022\/07\/Logo-Zimoveis-PSD-1.png\",\"contentUrl\":\"https:\/\/www.zimoveis.com.br\/blog\/wp-content\/uploads\/2022\/07\/Logo-Zimoveis-PSD-1.png\",\"width\":2977,\"height\":1727,\"caption\":\"Zimmermann Im\u00f3veis\"},\"image\":{\"@id\":\"https:\/\/www.zimoveis.com.br\/blog\/#\/schema\/logo\/image\/\"},\"sameAs\":[\"https:\/\/www.facebook.com\/zimoveis.com.br\/\",\"https:\/\/www.linkedin.com\/company\/zimmermann-imveis\/about\/\",\"https:\/\/www.instagram.com\/zimoveis\/\",\"https:\/\/www.youtube.com\/channel\/UCheuj0pESCyVf214X1QJ1dw\"]},{\"@type\":\"Person\",\"@id\":\"https:\/\/www.zimoveis.com.br\/blog\/#\/schema\/person\/2bb16a663b7e9a1776bd98516f86353f\",\"name\":\"agenciataruman\",\"image\":{\"@type\":\"ImageObject\",\"inLanguage\":\"pt-BR\",\"@id\":\"https:\/\/www.zimoveis.com.br\/blog\/#\/schema\/person\/image\/\",\"url\":\"https:\/\/secure.gravatar.com\/avatar\/e3f0b7ca6c4c24e48a094da2ef774a32?s=96&d=mm&r=g\",\"contentUrl\":\"https:\/\/secure.gravatar.com\/avatar\/e3f0b7ca6c4c24e48a094da2ef774a32?s=96&d=mm&r=g\",\"caption\":\"agenciataruman\"},\"url\":\"https:\/\/www.zimoveis.com.br\/blog\/author\/agenciataruman\/\"}]}<\/script>\n<!-- \/ Yoast SEO plugin. -->","yoast_head_json":{"title":"Decora\u00e7\u00f5es para a sala de estar que combinam com o outono","description":"Decora\u00e7\u00f5es para a sala de estar que combinam com o outono","robots":{"index":"index","follow":"follow","max-snippet":"max-snippet:-1","max-image-preview":"max-image-preview:large","max-video-preview":"max-video-preview:-1"},"canonical":"https:\/\/www.zimoveis.com.br\/blog\/dicas\/decoracoes-para-a-sala-de-estar-que-combinam-com-o-outono\/","og_locale":"pt_BR","og_type":"article","og_title":"Decora\u00e7\u00f5es para a sala de estar que combinam com o outono","og_description":"Decora\u00e7\u00f5es para a sala de estar que combinam com o outono","og_url":"https:\/\/www.zimoveis.com.br\/blog\/dicas\/decoracoes-para-a-sala-de-estar-que-combinam-com-o-outono\/","og_site_name":"Blog Zimmermann Im\u00f3veis","article_publisher":"https:\/\/www.facebook.com\/zimoveis.com.br\/","article_published_time":"2023-06-15T20:00:00+00:00","article_modified_time":"2023-06-15T20:00:02+00:00","og_image":[{"width":1080,"height":1080,"url":"https:\/\/www.zimoveis.com.br\/blog\/wp-content\/uploads\/2023\/06\/Blog_-_Decoracoes_para_a_sala.jpg","type":"image\/jpeg"}],"author":"agenciataruman","twitter_card":"summary_large_image","twitter_misc":{"Escrito por":"agenciataruman","Est. tempo de leitura":"2 minutos"},"schema":{"@context":"https:\/\/schema.org","@graph":[{"@type":"Article","@id":"https:\/\/www.zimoveis.com.br\/blog\/dicas\/decoracoes-para-a-sala-de-estar-que-combinam-com-o-outono\/#article","isPartOf":{"@id":"https:\/\/www.zimoveis.com.br\/blog\/dicas\/decoracoes-para-a-sala-de-estar-que-combinam-com-o-outono\/"},"author":{"name":"agenciataruman","@id":"https:\/\/www.zimoveis.com.br\/blog\/#\/schema\/person\/2bb16a663b7e9a1776bd98516f86353f"},"headline":"Decora\u00e7\u00f5es para a sala de estar que combinam com o outono","datePublished":"2023-06-15T20:00:00+00:00","dateModified":"2023-06-15T20:00:02+00:00","mainEntityOfPage":{"@id":"https:\/\/www.zimoveis.com.br\/blog\/dicas\/decoracoes-para-a-sala-de-estar-que-combinam-com-o-outono\/"},"wordCount":338,"commentCount":0,"publisher":{"@id":"https:\/\/www.zimoveis.com.br\/blog\/#organization"},"image":{"@id":"https:\/\/www.zimoveis.com.br\/blog\/dicas\/decoracoes-para-a-sala-de-estar-que-combinam-com-o-outono\/#primaryimage"},"thumbnailUrl":"https:\/\/www.zimoveis.com.br\/blog\/wp-content\/uploads\/2023\/06\/Blog_-_Decoracoes_para_a_sala.jpg","articleSection":["Decora\u00e7\u00e3o","Dicas"],"inLanguage":"pt-BR","potentialAction":[{"@type":"CommentAction","name":"Comment","target":["https:\/\/www.zimoveis.com.br\/blog\/dicas\/decoracoes-para-a-sala-de-estar-que-combinam-com-o-outono\/#respond"]}]},{"@type":"WebPage","@id":"https:\/\/www.zimoveis.com.br\/blog\/dicas\/decoracoes-para-a-sala-de-estar-que-combinam-com-o-outono\/","url":"https:\/\/www.zimoveis.com.br\/blog\/dicas\/decoracoes-para-a-sala-de-estar-que-combinam-com-o-outono\/","name":"Decora\u00e7\u00f5es para a sala de estar que combinam com o outono","isPartOf":{"@id":"https:\/\/www.zimoveis.com.br\/blog\/#website"},"primaryImageOfPage":{"@id":"https:\/\/www.zimoveis.com.br\/blog\/dicas\/decoracoes-para-a-sala-de-estar-que-combinam-com-o-outono\/#primaryimage"},"image":{"@id":"https:\/\/www.zimoveis.com.br\/blog\/dicas\/decoracoes-para-a-sala-de-estar-que-combinam-com-o-outono\/#primaryimage"},"thumbnailUrl":"https:\/\/www.zimoveis.com.br\/blog\/wp-content\/uploads\/2023\/06\/Blog_-_Decoracoes_para_a_sala.jpg","datePublished":"2023-06-15T20:00:00+00:00","dateModified":"2023-06-15T20:00:02+00:00","description":"Decora\u00e7\u00f5es para a sala de estar que combinam com o outono","breadcrumb":{"@id":"https:\/\/www.zimoveis.com.br\/blog\/dicas\/decoracoes-para-a-sala-de-estar-que-combinam-com-o-outono\/#breadcrumb"},"inLanguage":"pt-BR","potentialAction":[{"@type":"ReadAction","target":["https:\/\/www.zimoveis.com.br\/blog\/dicas\/decoracoes-para-a-sala-de-estar-que-combinam-com-o-outono\/"]}]},{"@type":"ImageObject","inLanguage":"pt-BR","@id":"https:\/\/www.zimoveis.com.br\/blog\/dicas\/decoracoes-para-a-sala-de-estar-que-combinam-com-o-outono\/#primaryimage","url":"https:\/\/www.zimoveis.com.br\/blog\/wp-content\/uploads\/2023\/06\/Blog_-_Decoracoes_para_a_sala.jpg","contentUrl":"https:\/\/www.zimoveis.com.br\/blog\/wp-content\/uploads\/2023\/06\/Blog_-_Decoracoes_para_a_sala.jpg","width":1080,"height":1080},{"@type":"BreadcrumbList","@id":"https:\/\/www.zimoveis.com.br\/blog\/dicas\/decoracoes-para-a-sala-de-estar-que-combinam-com-o-outono\/#breadcrumb","itemListElement":[{"@type":"ListItem","position":1,"name":"Home","item":"https:\/\/www.zimoveis.com.br\/blog\/"},{"@type":"ListItem","position":2,"name":"Decora\u00e7\u00f5es para a sala de estar que combinam com o outono"}]},{"@type":"WebSite","@id":"https:\/\/www.zimoveis.com.br\/blog\/#website","url":"https:\/\/www.zimoveis.com.br\/blog\/","name":"Blog Zimmermann Im\u00f3veis","description":"Artigos e Not\u00edcias sobre o Mercado Imobili\u00e1rio","publisher":{"@id":"https:\/\/www.zimoveis.com.br\/blog\/#organization"},"potentialAction":[{"@type":"SearchAction","target":{"@type":"EntryPoint","urlTemplate":"https:\/\/www.zimoveis.com.br\/blog\/?s={search_term_string}"},"query-input":"required name=search_term_string"}],"inLanguage":"pt-BR"},{"@type":"Organization","@id":"https:\/\/www.zimoveis.com.br\/blog\/#organization","name":"Zimmermann Im\u00f3veis","url":"https:\/\/www.zimoveis.com.br\/blog\/","logo":{"@type":"ImageObject","inLanguage":"pt-BR","@id":"https:\/\/www.zimoveis.com.br\/blog\/#\/schema\/logo\/image\/","url":"https:\/\/www.zimoveis.com.br\/blog\/wp-content\/uploads\/2022\/07\/Logo-Zimoveis-PSD-1.png","contentUrl":"https:\/\/www.zimoveis.com.br\/blog\/wp-content\/uploads\/2022\/07\/Logo-Zimoveis-PSD-1.png","width":2977,"height":1727,"caption":"Zimmermann Im\u00f3veis"},"image":{"@id":"https:\/\/www.zimoveis.com.br\/blog\/#\/schema\/logo\/image\/"},"sameAs":["https:\/\/www.facebook.com\/zimoveis.com.br\/","https:\/\/www.linkedin.com\/company\/zimmermann-imveis\/about\/","https:\/\/www.instagram.com\/zimoveis\/","https:\/\/www.youtube.com\/channel\/UCheuj0pESCyVf214X1QJ1dw"]},{"@type":"Person","@id":"https:\/\/www.zimoveis.com.br\/blog\/#\/schema\/person\/2bb16a663b7e9a1776bd98516f86353f","name":"agenciataruman","image":{"@type":"ImageObject","inLanguage":"pt-BR","@id":"https:\/\/www.zimoveis.com.br\/blog\/#\/schema\/person\/image\/","url":"https:\/\/secure.gravatar.com\/avatar\/e3f0b7ca6c4c24e48a094da2ef774a32?s=96&d=mm&r=g","contentUrl":"https:\/\/secure.gravatar.com\/avatar\/e3f0b7ca6c4c24e48a094da2ef774a32?s=96&d=mm&r=g","caption":"agenciataruman"},"url":"https:\/\/www.zimoveis.com.br\/blog\/author\/agenciataruman\/"}]}},"_links":{"self":[{"href":"https:\/\/www.zimoveis.com.br\/blog\/wp-json\/wp\/v2\/posts\/865","targetHints":{"allow":["GET"]}}],"collection":[{"href":"https:\/\/www.zimoveis.com.br\/blog\/wp-json\/wp\/v2\/posts"}],"about":[{"href":"https:\/\/www.zimoveis.com.br\/blog\/wp-json\/wp\/v2\/types\/post"}],"author":[{"embeddable":true,"href":"https:\/\/www.zimoveis.com.br\/blog\/wp-json\/wp\/v2\/users\/4"}],"replies":[{"embeddable":true,"href":"https:\/\/www.zimoveis.com.br\/blog\/wp-json\/wp\/v2\/comments?post=865"}],"version-history":[{"count":1,"href":"https:\/\/www.zimoveis.com.br\/blog\/wp-json\/wp\/v2\/posts\/865\/revisions"}],"predecessor-version":[{"id":867,"href":"https:\/\/www.zimoveis.com.br\/blog\/wp-json\/wp\/v2\/posts\/865\/revisions\/867"}],"wp:featuredmedia":[{"embeddable":true,"href":"https:\/\/www.zimoveis.com.br\/blog\/wp-json\/wp\/v2\/media\/866"}],"wp:attachment":[{"href":"https:\/\/www.zimoveis.com.br\/blog\/wp-json\/wp\/v2\/media?parent=865"}],"wp:term":[{"taxonomy":"category","embeddable":true,"href":"https:\/\/www.zimoveis.com.br\/blog\/wp-json\/wp\/v2\/categories?post=865"},{"taxonomy":"post_tag","embeddable":true,"href":"https:\/\/www.zimoveis.com.br\/blog\/wp-json\/wp\/v2\/tags?post=865"}],"curies":[{"name":"wp","href":"https:\/\/api.w.org\/{rel}","templated":true}]}}